{"id":65679,"date":"2016-01-12T14:17:27","date_gmt":"2016-01-12T17:17:27","guid":{"rendered":"http:\/\/www.eltrabajo.cl\/portal\/?p=65679"},"modified":"2016-01-12T14:17:27","modified_gmt":"2016-01-12T17:17:27","slug":"destacan-a-funcionarios-de-hospital-psiquiatrico-dr-philippe-pinel-que-animaran-el-carnaval-de-la-chaya-2016","status":"publish","type":"post","link":"https:\/\/eltrabajo.cl\/portal\/destacan-a-funcionarios-de-hospital-psiquiatrico-dr-philippe-pinel-que-animaran-el-carnaval-de-la-chaya-2016\/","title":{"rendered":"Destacan a funcionarios de Hospital Psiqui\u00e1trico Dr. Philippe Pinel que animar\u00e1n el Carnaval de la Chaya 2016"},"content":{"rendered":"<figure id=\"attachment_65680\" aria-describedby=\"caption-attachment-65680\" style=\"width: 300px\" class=\"wp-caption alignleft\"><img data-recalc-dims=\"1\" loading=\"lazy\" decoding=\"async\" class=\"wp-image-65680 size-medium\" src=\"https:\/\/i0.wp.com\/www.eltrabajo.cl\/portal\/wp-content\/uploads\/2016\/01\/Funcionarios-HPP-Animadores-Chaya-Putaendo-1-300x197.jpg?resize=300%2C197\" alt=\"El director del Hospital Psiqui\u00e1trico Dr. Philippe Pinel, Dr. Jaime Retamal Garrido, reconoci\u00f3 a los funcionarios Susana Silva y Francisco Correa D\u00edaz, que animar\u00e1n la Chaya 2016.\" width=\"300\" height=\"197\" srcset=\"https:\/\/i0.wp.com\/eltrabajo.cl\/portal\/wp-content\/uploads\/2016\/01\/Funcionarios-HPP-Animadores-Chaya-Putaendo-1.jpg?resize=300%2C197&amp;ssl=1 300w, https:\/\/i0.wp.com\/eltrabajo.cl\/portal\/wp-content\/uploads\/2016\/01\/Funcionarios-HPP-Animadores-Chaya-Putaendo-1.jpg?resize=200%2C131&amp;ssl=1 200w, https:\/\/i0.wp.com\/eltrabajo.cl\/portal\/wp-content\/uploads\/2016\/01\/Funcionarios-HPP-Animadores-Chaya-Putaendo-1.jpg?resize=228%2C150&amp;ssl=1 228w, https:\/\/i0.wp.com\/eltrabajo.cl\/portal\/wp-content\/uploads\/2016\/01\/Funcionarios-HPP-Animadores-Chaya-Putaendo-1.jpg?resize=400%2C263&amp;ssl=1 400w, https:\/\/i0.wp.com\/eltrabajo.cl\/portal\/wp-content\/uploads\/2016\/01\/Funcionarios-HPP-Animadores-Chaya-Putaendo-1.jpg?w=530&amp;ssl=1 530w\" sizes=\"auto, (max-width: 300px) 100vw, 300px\" \/><figcaption id=\"caption-attachment-65680\" class=\"wp-caption-text\">El director del Hospital Psiqui\u00e1trico Dr. Philippe Pinel, Dr. Jaime Retamal Garrido, reconoci\u00f3 a los funcionarios Susana Silva y Francisco Correa D\u00edaz, que animar\u00e1n la Chaya 2016.<\/figcaption><\/figure>\n<ul>\n<li><strong>Susana Silva Herrera y Francisco Correa D\u00edaz ser\u00e1n los encargados de presentar cada una de las jornadas de este importante evento que se desarrollar\u00e1 durante el mes de febrero.<\/strong><\/li>\n<\/ul>\n<p><strong>PUTAENDO.<\/strong>&#8211; Hace un par de d\u00edas el Alcalde de la comuna de Putaendo, Guillermo Reyes, acudi\u00f3 personalmente hasta el Hospital Psiqui\u00e1trico Dr. Philippe Pinel para invitar a los pr\u00f3ximos animadores a la una nueva versi\u00f3n del tradicional Carnaval de la Chaya 2016.<br \/>\nY es que por primera vez en toda su historia, este importante evento veraniego ser\u00e1 animado por una pareja de putaendinos. Se trata de Susana Silva Herrera, funcionaria de la Subdirecci\u00f3n Administrativa y Francisco Correa D\u00edaz, Encargado de Calidad del establecimiento de salud.<br \/>\nAl ser confirmada la noticia, ambos se mostraron contentos y agradecidos con esta gran oportunidad, que significa un importante logro en su trayectoria \u201cpues es un orgullo haber recibido esta invitaci\u00f3n que es todo un desaf\u00edo y espero estar al nivel que requiere este evento tan significativo para la comunidad\u201d se\u00f1alo Susana Silva, quien adem\u00e1s destac\u00f3 que esta ocasi\u00f3n es especial para ella, al ser la primera mujer que es invitada como presentadora del Carnaval de la Chaya.<br \/>\nEn horas de la tarde de este viernes, ambos funcionarios fueron felicitados por el Dr. Jaime Retamal Garrido, Director del Hospital Psiqui\u00e1trico, quien a nombre de toda la comunidad hospitalaria entreg\u00f3 todo su apoyo y reconocimiento a los funcionarios \u201cporque se lo merecen, ambos son excelentes personas con muchas aptitudes que han demostrado tanto dentro como fuera del hospital, y obviamente vamos a estar ah\u00ed apoy\u00e1ndolos en este nuevo desaf\u00edo\u201d, recalc\u00f3 el m\u00e9dico psiquiatra.<br \/>\nPor su parte, Francisco Correa, que posee una dilatada trayectoria en animaci\u00f3n de diferentes eventos, sostuvo que el Carnaval de la Chaya es un acontecimiento relevante en la comuna de Putaendo \u201cque se ha convertido en uno de los eventos m\u00e1s reconocidos de la regi\u00f3n por la connotaci\u00f3n que tiene y la duraci\u00f3n que ha tenido en el tiempo. Es un escenario muy destacado que sin duda es el desaf\u00edo m\u00e1s grande que estamos asumiendo con Susana\u201d, concluy\u00f3.<\/p>\n","protected":false},"excerpt":{"rendered":"<p>Susana Silva Herrera y Francisco Correa D\u00edaz ser\u00e1n los encargados de presentar cada una de las jornadas de este importante evento que se desarrollar\u00e1 durante el mes de febrero. PUTAENDO.&#8211; Hace un&#8230;<\/p>\n","protected":false},"author":482,"featured_media":65680,"comment_status":"open","ping_status":"open","sticky":false,"template":"","format":"standard","meta":{"advanced_seo_description":"","jetpack_seo_html_title":"","jetpack_seo_noindex":false,"_jetpack_memberships_contains_paid_content":false,"footnotes":""},"categories":[1],"tags":[],"class_list":["post-65679","post","type-post","status-publish","format-standard","has-post-thumbnail","hentry","category-cronica"],"jetpack_featured_media_url":"https:\/\/i0.wp.com\/eltrabajo.cl\/portal\/wp-content\/uploads\/2016\/01\/Funcionarios-HPP-Animadores-Chaya-Putaendo-1.jpg?fit=530%2C348&ssl=1","jetpack_sharing_enabled":true,"jetpack_likes_enabled":true,"jetpack-related-posts":[],"_links":{"self":[{"href":"https:\/\/eltrabajo.cl\/portal\/wp-json\/wp\/v2\/posts\/65679","targetHints":{"allow":["GET"]}}],"collection":[{"href":"https:\/\/eltrabajo.cl\/portal\/wp-json\/wp\/v2\/posts"}],"about":[{"href":"https:\/\/eltrabajo.cl\/portal\/wp-json\/wp\/v2\/types\/post"}],"author":[{"embeddable":true,"href":"https:\/\/eltrabajo.cl\/portal\/wp-json\/wp\/v2\/users\/482"}],"replies":[{"embeddable":true,"href":"https:\/\/eltrabajo.cl\/portal\/wp-json\/wp\/v2\/comments?post=65679"}],"version-history":[{"count":0,"href":"https:\/\/eltrabajo.cl\/portal\/wp-json\/wp\/v2\/posts\/65679\/revisions"}],"wp:featuredmedia":[{"embeddable":true,"href":"https:\/\/eltrabajo.cl\/portal\/wp-json\/wp\/v2\/media\/65680"}],"wp:attachment":[{"href":"https:\/\/eltrabajo.cl\/portal\/wp-json\/wp\/v2\/media?parent=65679"}],"wp:term":[{"taxonomy":"category","embeddable":true,"href":"https:\/\/eltrabajo.cl\/portal\/wp-json\/wp\/v2\/categories?post=65679"},{"taxonomy":"post_tag","embeddable":true,"href":"https:\/\/eltrabajo.cl\/portal\/wp-json\/wp\/v2\/tags?post=65679"}],"curies":[{"name":"wp","href":"https:\/\/api.w.org\/{rel}","templated":true}]}}