{"id":65682,"date":"2016-01-12T14:19:08","date_gmt":"2016-01-12T17:19:08","guid":{"rendered":"http:\/\/www.eltrabajo.cl\/portal\/?p=65682"},"modified":"2016-01-12T14:19:08","modified_gmt":"2016-01-12T17:19:08","slug":"cet-putaendo-graduara-como-panaderos-a-10-usuarios","status":"publish","type":"post","link":"https:\/\/eltrabajo.cl\/portal\/cet-putaendo-graduara-como-panaderos-a-10-usuarios\/","title":{"rendered":"CET Putaendo graduar\u00e1 como panaderos a 10 usuarios"},"content":{"rendered":"<figure id=\"attachment_65683\" aria-describedby=\"caption-attachment-65683\" style=\"width: 300px\" class=\"wp-caption alignleft\"><img data-recalc-dims=\"1\" loading=\"lazy\" decoding=\"async\" class=\"wp-image-65683 size-medium\" src=\"https:\/\/i0.wp.com\/www.eltrabajo.cl\/portal\/wp-content\/uploads\/2016\/01\/PANADERIA-300x198.jpg?resize=300%2C198\" alt=\"El curso dur\u00f3 130 horas, donde los usuarios del CET aprendieron a elaborar pan en todos sus procesos, adem\u00e1s de preparar productos de reposter\u00eda y pasteler\u00eda.\" width=\"300\" height=\"198\" srcset=\"https:\/\/i0.wp.com\/eltrabajo.cl\/portal\/wp-content\/uploads\/2016\/01\/PANADERIA.jpg?resize=300%2C198&amp;ssl=1 300w, https:\/\/i0.wp.com\/eltrabajo.cl\/portal\/wp-content\/uploads\/2016\/01\/PANADERIA.jpg?resize=200%2C132&amp;ssl=1 200w, https:\/\/i0.wp.com\/eltrabajo.cl\/portal\/wp-content\/uploads\/2016\/01\/PANADERIA.jpg?resize=228%2C150&amp;ssl=1 228w, https:\/\/i0.wp.com\/eltrabajo.cl\/portal\/wp-content\/uploads\/2016\/01\/PANADERIA.jpg?resize=400%2C263&amp;ssl=1 400w, https:\/\/i0.wp.com\/eltrabajo.cl\/portal\/wp-content\/uploads\/2016\/01\/PANADERIA.jpg?w=530&amp;ssl=1 530w\" sizes=\"auto, (max-width: 300px) 100vw, 300px\" \/><figcaption id=\"caption-attachment-65683\" class=\"wp-caption-text\">El curso dur\u00f3 130 horas, donde los usuarios del CET aprendieron a elaborar pan en todos sus procesos, adem\u00e1s de preparar productos de reposter\u00eda y pasteler\u00eda.<\/figcaption><\/figure>\n<ul>\n<li><strong>Curso de panificaci\u00f3n que se realiz\u00f3 en el Centro de Educaci\u00f3n y Trabajo, CET Putaendo, culmin\u00f3 y el mi\u00e9rcoles 13 de enero tendr\u00e1 lugar la ceremonia de certificaci\u00f3n en la Universidad de Aconcagua.<\/strong><\/li>\n<\/ul>\n<p><strong>PUTAENDO.<\/strong>&#8211; El curso de panificaci\u00f3n tuvo una duraci\u00f3n de 130 horas, donde adem\u00e1s de ser capacitados en elaboraci\u00f3n de pan en todos sus procesos, los usuarios del CET aprendieron a preparar productos de reposter\u00eda y pasteler\u00eda. Ya como expertos panaderos, han elaborados diversos tipos de pan, productos como hallulla, pan batido y hasta pan de pascua, en el contexto de las pasadas Fiestas.<br \/>\nY es que prontamente 12 internos se integrar\u00e1n a la panader\u00eda que se est\u00e1 construyendo en la unidad, con puestos de trabajo en ese rubro, en inicio de producci\u00f3n que se ha proyectado para segundo semestre de 2016, que inicialmente brindar\u00e1 abastecimiento a las unidades penales de la provincia , viendo la posibilidad de ampliar ventas para mercado local.<br \/>\nEl Sargento Segundo Claudio Menares, encargado laboral del CET de Putaendo cuenta que \u201cmuchos de los internos que est\u00e1n ahora realizando este curso, esperamos que puedan despu\u00e9s trabajar en la panader\u00eda nuestra y desempe\u00f1arse laboralmente. As\u00ed cuando cumplen sus condenas salen m\u00e1s preparados al medio libre y podr\u00e1n enfrentar de mejor manera el mundo laboral. Con estas capacitaciones, ya son varios a\u00f1os que las estamos haciendo, la idea es continuar con ello, para entregarles m\u00e1s herramientas\u201d.<br \/>\nAlex Yuri, profesor del curso, quien estuvo en la \u00faltima clase con los internos dice \u201cestamos finalizando, ha sido una buena experiencia. Ellos desde un principio est\u00e1n capacitados para trabajar en cualquier labor de panader\u00eda, en la elaboraci\u00f3n desde las materias primas\u201d. A la vez que se\u00f1ala que hay varios de sus alumnos que est\u00e1n muy interesados en el oficio: \u201cdispuestos a salir adelante como personas\u201d.<br \/>\nY es que un maestro panadero es una labor bien remunerada econ\u00f3micamente y los usuarios del CET est\u00e1n motivados tambi\u00e9n por eso, por ganar un sueldo dignamente, alejados de la delincuencia. Como Jairo Cerna, quien cuenta \u201ces bastante interesante el curso, nunca est\u00e1 de m\u00e1s aprender a cocinar ni aprender un oficio nuevo, y es s\u00faper bueno porque ahora tengo una herramienta m\u00e1s para desenvolverme el d\u00eda que cumpla. S\u00ed, me pareci\u00f3 interesante y creo que va a ser una nueva oportunidad de trabajo cuando est\u00e9 afuera\u201d.<br \/>\nUno de los alumnos destacados es Ignacio Soto, quien se proyecta con un local de amasander\u00eda, ya que le quedan 5 meses de culminaci\u00f3n de su condena. \u201cEl d\u00eda que est\u00e9 en la calle me dedicar\u00e9 a esto, son los sue\u00f1os y Dios quiera que todo resulte como lo tengo pensado. As\u00ed que doy gracias aqu\u00ed al CET, que nos han dado la posibilidad de poder estar ac\u00e1, porque yo segundo a\u00f1o que estoy en este curso y he aprendido\u201d.<\/p>\n","protected":false},"excerpt":{"rendered":"<p>Curso de panificaci\u00f3n que se realiz\u00f3 en el Centro de Educaci\u00f3n y Trabajo, CET Putaendo, culmin\u00f3 y el mi\u00e9rcoles 13 de enero tendr\u00e1 lugar la ceremonia de certificaci\u00f3n en la Universidad de&#8230;<\/p>\n","protected":false},"author":482,"featured_media":65683,"comment_status":"open","ping_status":"open","sticky":false,"template":"","format":"standard","meta":{"advanced_seo_description":"","jetpack_seo_html_title":"","jetpack_seo_noindex":false,"_jetpack_memberships_contains_paid_content":false,"footnotes":""},"categories":[15],"tags":[],"class_list":["post-65682","post","type-post","status-publish","format-standard","has-post-thumbnail","hentry","category-comunidad"],"jetpack_featured_media_url":"https:\/\/i0.wp.com\/eltrabajo.cl\/portal\/wp-content\/uploads\/2016\/01\/PANADERIA.jpg?fit=530%2C349&ssl=1","jetpack_sharing_enabled":true,"jetpack_likes_enabled":true,"jetpack-related-posts":[],"_links":{"self":[{"href":"https:\/\/eltrabajo.cl\/portal\/wp-json\/wp\/v2\/posts\/65682","targetHints":{"allow":["GET"]}}],"collection":[{"href":"https:\/\/eltrabajo.cl\/portal\/wp-json\/wp\/v2\/posts"}],"about":[{"href":"https:\/\/eltrabajo.cl\/portal\/wp-json\/wp\/v2\/types\/post"}],"author":[{"embeddable":true,"href":"https:\/\/eltrabajo.cl\/portal\/wp-json\/wp\/v2\/users\/482"}],"replies":[{"embeddable":true,"href":"https:\/\/eltrabajo.cl\/portal\/wp-json\/wp\/v2\/comments?post=65682"}],"version-history":[{"count":0,"href":"https:\/\/eltrabajo.cl\/portal\/wp-json\/wp\/v2\/posts\/65682\/revisions"}],"wp:featuredmedia":[{"embeddable":true,"href":"https:\/\/eltrabajo.cl\/portal\/wp-json\/wp\/v2\/media\/65683"}],"wp:attachment":[{"href":"https:\/\/eltrabajo.cl\/portal\/wp-json\/wp\/v2\/media?parent=65682"}],"wp:term":[{"taxonomy":"category","embeddable":true,"href":"https:\/\/eltrabajo.cl\/portal\/wp-json\/wp\/v2\/categories?post=65682"},{"taxonomy":"post_tag","embeddable":true,"href":"https:\/\/eltrabajo.cl\/portal\/wp-json\/wp\/v2\/tags?post=65682"}],"curies":[{"name":"wp","href":"https:\/\/api.w.org\/{rel}","templated":true}]}}