{"id":65685,"date":"2016-01-12T14:22:23","date_gmt":"2016-01-12T17:22:23","guid":{"rendered":"http:\/\/www.eltrabajo.cl\/portal\/?p=65685"},"modified":"2016-01-12T14:22:23","modified_gmt":"2016-01-12T17:22:23","slug":"trabajadores-abc-din-san-felipe-y-los-andes-se-suman-a-paro-nacional","status":"publish","type":"post","link":"https:\/\/eltrabajo.cl\/portal\/trabajadores-abc-din-san-felipe-y-los-andes-se-suman-a-paro-nacional\/","title":{"rendered":"Trabajadores ABC Din San Felipe y Los Andes se suman a paro nacional"},"content":{"rendered":"<figure id=\"attachment_65686\" aria-describedby=\"caption-attachment-65686\" style=\"width: 300px\" class=\"wp-caption alignleft\"><img data-recalc-dims=\"1\" loading=\"lazy\" decoding=\"async\" class=\"wp-image-65686 size-medium\" src=\"https:\/\/i0.wp.com\/www.eltrabajo.cl\/portal\/wp-content\/uploads\/2016\/01\/paro_abc_din-300x198.jpg?resize=300%2C198\" alt=\"Siete trabajadores de Los Andes (en la foto) y 9 de San Felipe decidieron unirse al paro nacional convocado por mejoras salariales.\" width=\"300\" height=\"198\" srcset=\"https:\/\/i0.wp.com\/eltrabajo.cl\/portal\/wp-content\/uploads\/2016\/01\/paro_abc_din.jpg?resize=300%2C198&amp;ssl=1 300w, https:\/\/i0.wp.com\/eltrabajo.cl\/portal\/wp-content\/uploads\/2016\/01\/paro_abc_din.jpg?resize=200%2C132&amp;ssl=1 200w, https:\/\/i0.wp.com\/eltrabajo.cl\/portal\/wp-content\/uploads\/2016\/01\/paro_abc_din.jpg?resize=227%2C150&amp;ssl=1 227w, https:\/\/i0.wp.com\/eltrabajo.cl\/portal\/wp-content\/uploads\/2016\/01\/paro_abc_din.jpg?resize=400%2C264&amp;ssl=1 400w, https:\/\/i0.wp.com\/eltrabajo.cl\/portal\/wp-content\/uploads\/2016\/01\/paro_abc_din.jpg?w=530&amp;ssl=1 530w\" sizes=\"auto, (max-width: 300px) 100vw, 300px\" \/><figcaption id=\"caption-attachment-65686\" class=\"wp-caption-text\">Siete trabajadores de Los Andes (en la foto) y 9 de San Felipe decidieron unirse al paro nacional convocado por mejoras salariales.<\/figcaption><\/figure>\n<ul>\n<li><strong>Empresa les ofrece un incremento de salario menor a lo que est\u00e1n solicitando los funcionarios de Din, que es la parte que est\u00e1 en paralizaci\u00f3n.<\/strong><\/li>\n<\/ul>\n<p>Un total de 16 empleados de las oficinas de San Felipe y Los Andes de ABC Din, optaron por sumarse al paro nacional que est\u00e1n desarrollando los trabajadores de la tienda en demanda de mejoras salariales.<br \/>\nSe trata de los siete trabajadores sindicalizados de la sucursal ABC Din de Los Andes, quienes se plegaron junto a los trabajadores de la sucursal San Felipe, que suman 9 personas, totalizando 16 trabajadores en el valle de Aconcagua que se unen al movimiento nacional.<br \/>\nLos trabajadores llegaron a esta instancia de huelga legal luego del fracaso de los Buenos Oficios ante la Inspecci\u00f3n del Trabajo.<br \/>\nLa vocera de los trabajadores de la sucursal Los Andes, Daniela Ahumada, manifest\u00f3 que debieron llegar a esta medida extrema de la huelga ante los nulos acuerdos con la empresa en relaci\u00f3n al aumento de sus remuneraciones.<br \/>\n\u00abLa empresa nos est\u00e1 ofreciendo mucho menos de lo que nosotros queremos, a pesar que las conversaciones a\u00fan contin\u00faan nosotros votamos esta huelga ya que nos ofrecen mucho menos de lo que corresponde\u00bb, afirm\u00f3.<br \/>\nLa vocera explic\u00f3 que en la empresa hay dos sindicatos; \u00abuno es ABC que son los que siguen trabajando y los que estamos en huelga somos de Din\u00bb.<\/p>\n","protected":false},"excerpt":{"rendered":"<p>Empresa les ofrece un incremento de salario menor a lo que est\u00e1n solicitando los funcionarios de Din, que es la parte que est\u00e1 en paralizaci\u00f3n. Un total de 16 empleados de las&#8230;<\/p>\n","protected":false},"author":482,"featured_media":65686,"comment_status":"open","ping_status":"open","sticky":false,"template":"","format":"standard","meta":{"advanced_seo_description":"","jetpack_seo_html_title":"","jetpack_seo_noindex":false,"_jetpack_memberships_contains_paid_content":false,"footnotes":""},"categories":[15],"tags":[],"class_list":["post-65685","post","type-post","status-publish","format-standard","has-post-thumbnail","hentry","category-comunidad"],"jetpack_featured_media_url":"https:\/\/i0.wp.com\/eltrabajo.cl\/portal\/wp-content\/uploads\/2016\/01\/paro_abc_din.jpg?fit=530%2C350&ssl=1","jetpack_sharing_enabled":true,"jetpack_likes_enabled":true,"jetpack-related-posts":[],"_links":{"self":[{"href":"https:\/\/eltrabajo.cl\/portal\/wp-json\/wp\/v2\/posts\/65685","targetHints":{"allow":["GET"]}}],"collection":[{"href":"https:\/\/eltrabajo.cl\/portal\/wp-json\/wp\/v2\/posts"}],"about":[{"href":"https:\/\/eltrabajo.cl\/portal\/wp-json\/wp\/v2\/types\/post"}],"author":[{"embeddable":true,"href":"https:\/\/eltrabajo.cl\/portal\/wp-json\/wp\/v2\/users\/482"}],"replies":[{"embeddable":true,"href":"https:\/\/eltrabajo.cl\/portal\/wp-json\/wp\/v2\/comments?post=65685"}],"version-history":[{"count":0,"href":"https:\/\/eltrabajo.cl\/portal\/wp-json\/wp\/v2\/posts\/65685\/revisions"}],"wp:featuredmedia":[{"embeddable":true,"href":"https:\/\/eltrabajo.cl\/portal\/wp-json\/wp\/v2\/media\/65686"}],"wp:attachment":[{"href":"https:\/\/eltrabajo.cl\/portal\/wp-json\/wp\/v2\/media?parent=65685"}],"wp:term":[{"taxonomy":"category","embeddable":true,"href":"https:\/\/eltrabajo.cl\/portal\/wp-json\/wp\/v2\/categories?post=65685"},{"taxonomy":"post_tag","embeddable":true,"href":"https:\/\/eltrabajo.cl\/portal\/wp-json\/wp\/v2\/tags?post=65685"}],"curies":[{"name":"wp","href":"https:\/\/api.w.org\/{rel}","templated":true}]}}