{"id":65688,"date":"2016-01-12T14:24:45","date_gmt":"2016-01-12T17:24:45","guid":{"rendered":"http:\/\/www.eltrabajo.cl\/portal\/?p=65688"},"modified":"2016-01-12T14:24:45","modified_gmt":"2016-01-12T17:24:45","slug":"hasta-29-de-enero-estudiantes-podran-postular-a-la-beca-presidenta-de-la-republica","status":"publish","type":"post","link":"https:\/\/eltrabajo.cl\/portal\/hasta-29-de-enero-estudiantes-podran-postular-a-la-beca-presidenta-de-la-republica\/","title":{"rendered":"Hasta 29 de enero estudiantes podr\u00e1n postular a la Beca Presidenta de la Rep\u00fablica"},"content":{"rendered":"<figure id=\"attachment_65689\" aria-describedby=\"caption-attachment-65689\" style=\"width: 300px\" class=\"wp-caption alignleft\"><img data-recalc-dims=\"1\" loading=\"lazy\" decoding=\"async\" class=\"wp-image-65689 size-medium\" src=\"https:\/\/i0.wp.com\/www.eltrabajo.cl\/portal\/wp-content\/uploads\/2016\/01\/pablo-silva-1-300x197.jpg?resize=300%2C197\" alt=\"Pablo Silva, director de Desarrollo Comunitario de San Felipe.\" width=\"300\" height=\"197\" srcset=\"https:\/\/i0.wp.com\/eltrabajo.cl\/portal\/wp-content\/uploads\/2016\/01\/pablo-silva-1.jpg?resize=300%2C197&amp;ssl=1 300w, https:\/\/i0.wp.com\/eltrabajo.cl\/portal\/wp-content\/uploads\/2016\/01\/pablo-silva-1.jpg?resize=200%2C131&amp;ssl=1 200w, https:\/\/i0.wp.com\/eltrabajo.cl\/portal\/wp-content\/uploads\/2016\/01\/pablo-silva-1.jpg?resize=228%2C150&amp;ssl=1 228w, https:\/\/i0.wp.com\/eltrabajo.cl\/portal\/wp-content\/uploads\/2016\/01\/pablo-silva-1.jpg?resize=400%2C263&amp;ssl=1 400w, https:\/\/i0.wp.com\/eltrabajo.cl\/portal\/wp-content\/uploads\/2016\/01\/pablo-silva-1.jpg?w=530&amp;ssl=1 530w\" sizes=\"auto, (max-width: 300px) 100vw, 300px\" \/><figcaption id=\"caption-attachment-65689\" class=\"wp-caption-text\">Pablo Silva, director de Desarrollo Comunitario de San Felipe.<\/figcaption><\/figure>\n<p>Un llamado a los estudiantes de Ense\u00f1anza M\u00e9dica y Superior que cumplan con requisitos de vulnerabilidad social y excelencia acad\u00e9mica, formul\u00f3 el director de Desarrollo Comunitario de San Felipe, Pablo Silva, para que postulen a la Beca Presidenta de la Rep\u00fablica. As\u00ed tambi\u00e9n, se\u00f1al\u00f3 que quienes ya poseen el beneficio, deben realizar el tr\u00e1mite de renovaci\u00f3n para el presente a\u00f1o.<br \/>\nLa Beca Presidenta de la Rep\u00fablica consiste en un aporte econ\u00f3mico que entrega el Estado, en diez cuotas a los alumnos que acceden al beneficio.<br \/>\nLos alumnos que pueden optar a esta instancia, son aquellos que tienen promedio sobre 6,0 en el caso de la Ense\u00f1anza Media y promedio sobre 5,0 para quienes cursan la Educaci\u00f3n Superior. Asimismo, deben registrar una situaci\u00f3n de vulnerabilidad social y econ\u00f3mica, como requisitos primordiales.<br \/>\nPablo Silva, se\u00f1al\u00f3 que los estudiantes o sus padres se acerquen a la Direcci\u00f3n de Desarrollo Comunitario, ubicada en Salinas 381 (entre San Mart\u00edn y O\u2019Higgins), para que se les indique cu\u00e1l es el profesional de su establecimiento con quien deben efectuar el tr\u00e1mite de postulaci\u00f3n o renovaci\u00f3n de la beca.<br \/>\n\u201cHacemos este llamado, porque el \u00faltimo plazo para contar con toda la documentaci\u00f3n para optar al beneficio, ya sea como postulantes o renovantes, es el 29 de enero, siendo la \u00faltima semana de enero entonces, un per\u00edodo donde se estar\u00e1 concluyendo el proceso de elaboraci\u00f3n de informes sociales que deben respaldar la postulaci\u00f3n del estudiante\u201d, se\u00f1al\u00f3 el director de Desarrollo Comunitario.<br \/>\nPrecis\u00f3 que \u201cla Beca Presidenta de la Rep\u00fablica es un beneficio del Estado que favorece a los alumnos con excelencia acad\u00e9mica que registren est\u00e1ndares de vulnerabilidad. Queremos hacer un llamado para que la comunidad comprenda que la movilidad social depende del rendimiento escolar de los estudiantes y por ende, del respaldo que tengan de parte de sus familias\u201d.<br \/>\nCabe consignar que en la \u00faltima ceremonia de entrega de Becas Presidenta de la Rep\u00fablica, el alcalde Patricio Freire resalt\u00f3 que \u201ceste beneficio se presenta como una oportunidad, pero al mismo tiempo como un reconocimiento al esfuerzo, la dedicaci\u00f3n y hasta a veces, al sacrificio de muchos alumnos que aspiran a un futuro pr\u00f3spero, comprendiendo que ello est\u00e1 ligado a un buen rendimiento escolar y acad\u00e9mico\u201d.<\/p>\n","protected":false},"excerpt":{"rendered":"<p>Un llamado a los estudiantes de Ense\u00f1anza M\u00e9dica y Superior que cumplan con requisitos de vulnerabilidad social y excelencia acad\u00e9mica, formul\u00f3 el director de Desarrollo Comunitario de San Felipe, Pablo Silva, para&#8230;<\/p>\n","protected":false},"author":482,"featured_media":65689,"comment_status":"open","ping_status":"open","sticky":false,"template":"","format":"standard","meta":{"advanced_seo_description":"","jetpack_seo_html_title":"","jetpack_seo_noindex":false,"_jetpack_memberships_contains_paid_content":false,"footnotes":""},"categories":[1],"tags":[],"class_list":["post-65688","post","type-post","status-publish","format-standard","has-post-thumbnail","hentry","category-cronica"],"jetpack_featured_media_url":"https:\/\/i0.wp.com\/eltrabajo.cl\/portal\/wp-content\/uploads\/2016\/01\/pablo-silva-1.jpg?fit=530%2C348&ssl=1","jetpack_sharing_enabled":true,"jetpack_likes_enabled":true,"jetpack-related-posts":[],"_links":{"self":[{"href":"https:\/\/eltrabajo.cl\/portal\/wp-json\/wp\/v2\/posts\/65688","targetHints":{"allow":["GET"]}}],"collection":[{"href":"https:\/\/eltrabajo.cl\/portal\/wp-json\/wp\/v2\/posts"}],"about":[{"href":"https:\/\/eltrabajo.cl\/portal\/wp-json\/wp\/v2\/types\/post"}],"author":[{"embeddable":true,"href":"https:\/\/eltrabajo.cl\/portal\/wp-json\/wp\/v2\/users\/482"}],"replies":[{"embeddable":true,"href":"https:\/\/eltrabajo.cl\/portal\/wp-json\/wp\/v2\/comments?post=65688"}],"version-history":[{"count":0,"href":"https:\/\/eltrabajo.cl\/portal\/wp-json\/wp\/v2\/posts\/65688\/revisions"}],"wp:featuredmedia":[{"embeddable":true,"href":"https:\/\/eltrabajo.cl\/portal\/wp-json\/wp\/v2\/media\/65689"}],"wp:attachment":[{"href":"https:\/\/eltrabajo.cl\/portal\/wp-json\/wp\/v2\/media?parent=65688"}],"wp:term":[{"taxonomy":"category","embeddable":true,"href":"https:\/\/eltrabajo.cl\/portal\/wp-json\/wp\/v2\/categories?post=65688"},{"taxonomy":"post_tag","embeddable":true,"href":"https:\/\/eltrabajo.cl\/portal\/wp-json\/wp\/v2\/tags?post=65688"}],"curies":[{"name":"wp","href":"https:\/\/api.w.org\/{rel}","templated":true}]}}