{"id":65691,"date":"2016-01-12T14:27:51","date_gmt":"2016-01-12T17:27:51","guid":{"rendered":"http:\/\/www.eltrabajo.cl\/portal\/?p=65691"},"modified":"2016-01-12T14:27:51","modified_gmt":"2016-01-12T17:27:51","slug":"registro-civil-presenta-moderna-oficina-movil-para-atender-en-sectores-rurales","status":"publish","type":"post","link":"https:\/\/eltrabajo.cl\/portal\/registro-civil-presenta-moderna-oficina-movil-para-atender-en-sectores-rurales\/","title":{"rendered":"Registro Civil presenta moderna oficina m\u00f3vil para atender en sectores rurales"},"content":{"rendered":"<figure id=\"attachment_65692\" aria-describedby=\"caption-attachment-65692\" style=\"width: 300px\" class=\"wp-caption alignleft\"><img data-recalc-dims=\"1\" loading=\"lazy\" decoding=\"async\" class=\"wp-image-65692 size-medium\" src=\"https:\/\/i0.wp.com\/www.eltrabajo.cl\/portal\/wp-content\/uploads\/2016\/01\/FOTO-3-OFICINA-MOVIL-300x198.jpg?resize=300%2C198\" alt=\"Oficina m\u00f3vil del Servicio de Registro Civil e Identificaci\u00f3n, la cual pretende llegar a todos los rincones de las provincias de San Felipe y Los Andes y as\u00ed ampliar y mejorar la cobertura del organismo.\" width=\"300\" height=\"198\" srcset=\"https:\/\/i0.wp.com\/eltrabajo.cl\/portal\/wp-content\/uploads\/2016\/01\/FOTO-3-OFICINA-MOVIL.jpg?resize=300%2C198&amp;ssl=1 300w, https:\/\/i0.wp.com\/eltrabajo.cl\/portal\/wp-content\/uploads\/2016\/01\/FOTO-3-OFICINA-MOVIL.jpg?resize=200%2C132&amp;ssl=1 200w, https:\/\/i0.wp.com\/eltrabajo.cl\/portal\/wp-content\/uploads\/2016\/01\/FOTO-3-OFICINA-MOVIL.jpg?resize=228%2C150&amp;ssl=1 228w, https:\/\/i0.wp.com\/eltrabajo.cl\/portal\/wp-content\/uploads\/2016\/01\/FOTO-3-OFICINA-MOVIL.jpg?resize=400%2C263&amp;ssl=1 400w, https:\/\/i0.wp.com\/eltrabajo.cl\/portal\/wp-content\/uploads\/2016\/01\/FOTO-3-OFICINA-MOVIL.jpg?w=530&amp;ssl=1 530w\" sizes=\"auto, (max-width: 300px) 100vw, 300px\" \/><figcaption id=\"caption-attachment-65692\" class=\"wp-caption-text\">Oficina m\u00f3vil del Servicio de Registro Civil e Identificaci\u00f3n, la cual pretende llegar a todos los rincones de las provincias de San Felipe y Los Andes y as\u00ed ampliar y mejorar la cobertura del organismo.<\/figcaption><\/figure>\n<ul>\n<li><strong>La idea es ampliar la cobertura de usuarios y simplificar el acceso a los vecinos que viven en zonzas alejadas a la oficina del sector urbano.<\/strong><\/li>\n<\/ul>\n<p>Con el objetivo de facilitar el acceso a cada una de sus prestaciones, el Servicio de Registro Civil e Identificaci\u00f3n ha puesto a disposici\u00f3n de todo el Valle de Aconcagua su nueva Oficina M\u00f3vil, la cual, permitir\u00e1 que los usuarios que tienen dificultad para acercarse a las dependencias del organismo en la zona urbana, puedan realizar sus tr\u00e1mites en el mismo sector donde residen.<br \/>\nSe trata de una van equipada con tecnolog\u00eda de \u00faltima generaci\u00f3n y con 2 puestos de atenci\u00f3n a clientes, que permite realizar cualquier tipo de servicio que demande la comunidad. As\u00ed lo inform\u00f3 Omar Morales M\u00e1rquez, director regional del organismo, quien se refiri\u00f3 al prop\u00f3sito que pretende cumplir esta iniciativa, manifestando que \u201cLa idea es poder brindarle atenci\u00f3n justamente a aquellas personas que requieren nuestros servicios y que, ya sea, por salud, por estar postrados, por lejan\u00eda o por el costo de ello, no pueden acceder a nuestros servicios\u201d, detall\u00f3.<br \/>\nAs\u00ed mismo, Morales se refiri\u00f3 a las caracter\u00edsticas del m\u00f3vil, puntualizando que \u201cen sus dos puestos de trabajo se pueden realizar las capturas de imagen para la cedula de identidad y tambi\u00e9n la entrega de todos los certificados y certificaciones que realizamos en una oficina com\u00fan y corriente, tiene la cualidad de ser aut\u00f3nomo y equipado ante cualquier contingencia clim\u00e1tica, lo que nos permite brindar un servicio de Calidad\u201d, expres\u00f3.<br \/>\nAl tratarse de una dependencia que prestar\u00e1 servicios no s\u00f3lo en las provincias de San Felipe y Los Andes, sino que estar\u00e1 a disposici\u00f3n de toda la Regi\u00f3n de Valpara\u00edso, resulta fundamental conocer cu\u00e1l va a ser la forma en que se distribuir\u00e1n los servicios del m\u00f3vil. Ante esto, Morales asegur\u00f3 que existir\u00e1 una coordinaci\u00f3n con las autoridades y unidades vecinales para disponer de la mejor forma las atenciones en distintos puntos de la regi\u00f3n.<br \/>\n\u201cNosotros estamos a disposici\u00f3n de las Gobernaciones, en este caso vamos a iniciar una estrategia colaborativa con el gobernador de San Felipe Eduardo Le\u00f3n para apoyar las acciones de los gobiernos en terreno y poder llegar a lugares que est\u00e1n alejados del centro de San Felipe\u2026nuestra agenda va a estar determinada de acuerdo a la demanda que se genere\u201d, agregando que \u201ctambi\u00e9n nos estamos coordinando con los municipios y las organizaciones comunales y ah\u00ed el llamado a las Uniones Comunales, Juntas de Vecinos, Clubes Deportivos, centros culturales, que requieran de los servicios del registro civil y para evitar el traslado, se comuniquen con nuestras oficinas locales y nosotros vamos a agendar con ellos la visita correspondiente\u201d, sostuvo el personero.<br \/>\nEn relaci\u00f3n con las restricciones o limitantes que pueda tener M\u00e1rquez adujo que pr\u00e1cticamente tiene todas las capacidades que tiene una oficina establecida y que el \u00fanico tr\u00e1mite que habr\u00eda que programar con antelaci\u00f3n ser\u00eda el acto de Uni\u00f3n Civil.<br \/>\nPor su parte, el gobernador de la Provincia de San Felipe Eduardo Le\u00f3n destac\u00f3 que con esta iniciativa se podr\u00e1n cumplir de forma paralela otros objetivos que tiene programados la Presidenta Michelle Bachelet, aludiendo que \u201cla idea de este m\u00f3vil es poder acercar a la ciudadan\u00eda el Servicio de Registro civil, ampliar y duplicar el acceso de las personas a la clave \u00fanica, sabemos lo importante que es \u00e9sta para que la gente, para que por sus propios medios puedan acceder a distintos servicios desde sus propias casas\u201d, sostuvo.<br \/>\nAl ser consultado respecto de c\u00f3mo se programar\u00e1 la visita de la Oficina m\u00f3vil a las comunas de la Provincia, Le\u00f3n explic\u00f3 que \u201chay que recordar este es un m\u00f3vil de la regi\u00f3n, seg\u00fan lo que se requiera lo vamos a ir disponiendo, ya sea con Gobierno en terreno u otras actividades, por ese lado la Gobernaci\u00f3n tiene un contacto directo con los dirigentes y ah\u00ed vamos a poder programar sus actividades\u2026se realizar\u00e1 una planificaci\u00f3n junto al Director Regional para determinar esto\u201d, enfatiz\u00f3.<\/p>\n<p><strong>UNI\u00d3N CIVIL<\/strong><br \/>\nEn otro \u00e1mbito, la m\u00e1xima autoridad regional del Registro Civil, se refiri\u00f3 a c\u00f3mo se ha desarrollado y cu\u00e1l ha sido el impacto a nivel local de la nueva Ley de Uni\u00f3n Civil que comenz\u00f3 a operar el 21 de Octubre pasado y manifest\u00f3 que \u201chemos tenido un aumento sostenido y calculamos que ahora el 2016 vamos a llegar a unas mil uniones civiles mensuales, esa es una cifra muy potente\u201d, valor\u00f3.<br \/>\nA prop\u00f3sito de esto, Morales dijo que en alg\u00fan momento se pens\u00f3 que esta nueva prestaci\u00f3n de la ley iba a estar destinado a personas del mismo sexo, pero se indica que un 70 % de las uniones ha sido de parejas heterosexuales, las cuales, han estado regularizando muchas veces situaciones de hecho, de convivencia de parejas que han optado por regularizar, remat\u00f3.<\/p>\n<div class=\"tiled-gallery type-rectangular tiled-gallery-unresized\" data-original-width=\"640\" data-carousel-extra='null' itemscope itemtype=\"http:\/\/schema.org\/ImageGallery\" > <div class=\"gallery-row\" style=\"width: 640px; height: 212px;\" data-original-width=\"640\" data-original-height=\"212\" > <div class=\"gallery-group images-1\" style=\"width: 319px; height: 212px;\" data-original-width=\"319\" data-original-height=\"212\" > <div class=\"tiled-gallery-item tiled-gallery-item-large\" itemprop=\"associatedMedia\" itemscope itemtype=\"http:\/\/schema.org\/ImageObject\"> <a href=\"https:\/\/eltrabajo.cl\/portal\/registro-civil-presenta-moderna-oficina-movil-para-atender-en-sectores-rurales\/foto-2-estos-son-los\/\" border=\"0\" itemprop=\"url\"> <meta itemprop=\"width\" content=\"315\"> <meta itemprop=\"height\" content=\"208\"> <img decoding=\"async\" class=\"\" data-attachment-id=\"65694\" data-orig-file=\"https:\/\/eltrabajo.cl\/portal\/wp-content\/uploads\/2016\/01\/FOTO-2-ESTOS-SON-LOS.jpg\" data-orig-size=\"530,350\" data-comments-opened=\"1\" data-image-meta=\"{&quot;aperture&quot;:&quot;0&quot;,&quot;credit&quot;:&quot;&quot;,&quot;camera&quot;:&quot;&quot;,&quot;caption&quot;:&quot;&quot;,&quot;created_timestamp&quot;:&quot;0&quot;,&quot;copyright&quot;:&quot;Copyright 2012&quot;,&quot;focal_length&quot;:&quot;0&quot;,&quot;iso&quot;:&quot;0&quot;,&quot;shutter_speed&quot;:&quot;0&quot;,&quot;title&quot;:&quot;&quot;,&quot;orientation&quot;:&quot;0&quot;}\" data-image-title=\"FOTO 2 ESTOS SON LOS\" data-image-description=\"&lt;p&gt;Estos son los puestos de trabajo de la oficina m\u00f3vil del Registro Civil, donde los usuarios podr\u00e1n realizar todo tipo de tr\u00e1mites, en distintos sectores del Valle de Aconcagua.&lt;\/p&gt; \" data-medium-file=\"https:\/\/i0.wp.com\/eltrabajo.cl\/portal\/wp-content\/uploads\/2016\/01\/FOTO-2-ESTOS-SON-LOS.jpg?fit=300%2C198&#038;ssl=1\" data-large-file=\"https:\/\/i0.wp.com\/eltrabajo.cl\/portal\/wp-content\/uploads\/2016\/01\/FOTO-2-ESTOS-SON-LOS.jpg?fit=530%2C350&#038;ssl=1\" src=\"https:\/\/i0.wp.com\/eltrabajo.cl\/portal\/wp-content\/uploads\/2016\/01\/FOTO-2-ESTOS-SON-LOS.jpg?w=315&#038;h=208&#038;ssl=1\" srcset=\"https:\/\/i0.wp.com\/eltrabajo.cl\/portal\/wp-content\/uploads\/2016\/01\/FOTO-2-ESTOS-SON-LOS.jpg?w=530&amp;ssl=1 530w, https:\/\/i0.wp.com\/eltrabajo.cl\/portal\/wp-content\/uploads\/2016\/01\/FOTO-2-ESTOS-SON-LOS.jpg?resize=200%2C132&amp;ssl=1 200w, https:\/\/i0.wp.com\/eltrabajo.cl\/portal\/wp-content\/uploads\/2016\/01\/FOTO-2-ESTOS-SON-LOS.jpg?resize=300%2C198&amp;ssl=1 300w, https:\/\/i0.wp.com\/eltrabajo.cl\/portal\/wp-content\/uploads\/2016\/01\/FOTO-2-ESTOS-SON-LOS.jpg?resize=227%2C150&amp;ssl=1 227w, https:\/\/i0.wp.com\/eltrabajo.cl\/portal\/wp-content\/uploads\/2016\/01\/FOTO-2-ESTOS-SON-LOS.jpg?resize=400%2C264&amp;ssl=1 400w\" width=\"315\" height=\"208\" loading=\"lazy\" data-original-width=\"315\" data-original-height=\"208\" itemprop=\"http:\/\/schema.org\/image\" title=\"FOTO 2 ESTOS SON LOS\" alt=\"Estos son los puestos de trabajo de la oficina m\u00f3vil del Registro Civil, donde los usuarios podr\u00e1n realizar todo tipo de tr\u00e1mites, en distintos sectores del Valle de Aconcagua.\" style=\"width: 315px; height: 208px;\" \/> <\/a> <div class=\"tiled-gallery-caption\" itemprop=\"caption description\"> Estos son los puestos de trabajo de la oficina m\u00f3vil del Registro Civil, donde los usuarios podr\u00e1n realizar todo tipo de tr\u00e1mites, en distintos sectores del Valle de Aconcagua. <\/div> <\/div> <\/div> <!-- close group --> <div class=\"gallery-group images-1\" style=\"width: 321px; height: 212px;\" data-original-width=\"321\" data-original-height=\"212\" > <div class=\"tiled-gallery-item tiled-gallery-item-large\" itemprop=\"associatedMedia\" itemscope itemtype=\"http:\/\/schema.org\/ImageObject\"> <a href=\"https:\/\/eltrabajo.cl\/portal\/registro-civil-presenta-moderna-oficina-movil-para-atender-en-sectores-rurales\/foto-1-omar-morales-marquez\/\" border=\"0\" itemprop=\"url\"> <meta itemprop=\"width\" content=\"317\"> <meta itemprop=\"height\" content=\"208\"> <img decoding=\"async\" class=\"\" data-attachment-id=\"65693\" data-orig-file=\"https:\/\/eltrabajo.cl\/portal\/wp-content\/uploads\/2016\/01\/FOTO-1-OMAR-MORALES-MARQUEZ.jpg\" data-orig-size=\"530,348\" data-comments-opened=\"1\" data-image-meta=\"{&quot;aperture&quot;:&quot;0&quot;,&quot;credit&quot;:&quot;&quot;,&quot;camera&quot;:&quot;&quot;,&quot;caption&quot;:&quot;&quot;,&quot;created_timestamp&quot;:&quot;0&quot;,&quot;copyright&quot;:&quot;Copyright 2012&quot;,&quot;focal_length&quot;:&quot;0&quot;,&quot;iso&quot;:&quot;0&quot;,&quot;shutter_speed&quot;:&quot;0&quot;,&quot;title&quot;:&quot;&quot;,&quot;orientation&quot;:&quot;0&quot;}\" data-image-title=\"FOTO 1 OMAR MORALES MARQUEZ\" data-image-description=\"&lt;p&gt;Omar Morales M\u00e1rquez, Director Regional del Servicio de Registro Civil e Identificaci\u00f3n Regi\u00f3n de Valpara\u00edso.&lt;\/p&gt; \" data-medium-file=\"https:\/\/i0.wp.com\/eltrabajo.cl\/portal\/wp-content\/uploads\/2016\/01\/FOTO-1-OMAR-MORALES-MARQUEZ.jpg?fit=300%2C197&#038;ssl=1\" data-large-file=\"https:\/\/i0.wp.com\/eltrabajo.cl\/portal\/wp-content\/uploads\/2016\/01\/FOTO-1-OMAR-MORALES-MARQUEZ.jpg?fit=530%2C348&#038;ssl=1\" src=\"https:\/\/i0.wp.com\/eltrabajo.cl\/portal\/wp-content\/uploads\/2016\/01\/FOTO-1-OMAR-MORALES-MARQUEZ.jpg?w=317&#038;h=208&#038;ssl=1\" srcset=\"https:\/\/i0.wp.com\/eltrabajo.cl\/portal\/wp-content\/uploads\/2016\/01\/FOTO-1-OMAR-MORALES-MARQUEZ.jpg?w=530&amp;ssl=1 530w, https:\/\/i0.wp.com\/eltrabajo.cl\/portal\/wp-content\/uploads\/2016\/01\/FOTO-1-OMAR-MORALES-MARQUEZ.jpg?resize=200%2C131&amp;ssl=1 200w, https:\/\/i0.wp.com\/eltrabajo.cl\/portal\/wp-content\/uploads\/2016\/01\/FOTO-1-OMAR-MORALES-MARQUEZ.jpg?resize=300%2C197&amp;ssl=1 300w, https:\/\/i0.wp.com\/eltrabajo.cl\/portal\/wp-content\/uploads\/2016\/01\/FOTO-1-OMAR-MORALES-MARQUEZ.jpg?resize=228%2C150&amp;ssl=1 228w, https:\/\/i0.wp.com\/eltrabajo.cl\/portal\/wp-content\/uploads\/2016\/01\/FOTO-1-OMAR-MORALES-MARQUEZ.jpg?resize=400%2C263&amp;ssl=1 400w\" width=\"317\" height=\"208\" loading=\"lazy\" data-original-width=\"317\" data-original-height=\"208\" itemprop=\"http:\/\/schema.org\/image\" title=\"FOTO 1 OMAR MORALES MARQUEZ\" alt=\"Omar Morales M\u00e1rquez, Director Regional del Servicio de Registro Civil e Identificaci\u00f3n Regi\u00f3n de Valpara\u00edso.\" style=\"width: 317px; height: 208px;\" \/> <\/a> <div class=\"tiled-gallery-caption\" itemprop=\"caption description\"> Omar Morales M\u00e1rquez, Director Regional del Servicio de Registro Civil e Identificaci\u00f3n Regi\u00f3n de Valpara\u00edso. <\/div> <\/div> <\/div> <!-- close group --> <\/div> <!-- close row --> <\/div>\n","protected":false},"excerpt":{"rendered":"<p>La idea es ampliar la cobertura de usuarios y simplificar el acceso a los vecinos que viven en zonzas alejadas a la oficina del sector urbano. Con el objetivo de facilitar el&#8230;<\/p>\n","protected":false},"author":482,"featured_media":65692,"comment_status":"open","ping_status":"open","sticky":false,"template":"","format":"standard","meta":{"advanced_seo_description":"","jetpack_seo_html_title":"","jetpack_seo_noindex":false,"_jetpack_memberships_contains_paid_content":false,"footnotes":""},"categories":[15],"tags":[],"class_list":["post-65691","post","type-post","status-publish","format-standard","has-post-thumbnail","hentry","category-comunidad"],"jetpack_featured_media_url":"https:\/\/i0.wp.com\/eltrabajo.cl\/portal\/wp-content\/uploads\/2016\/01\/FOTO-3-OFICINA-MOVIL.jpg?fit=530%2C349&ssl=1","jetpack_sharing_enabled":true,"jetpack_likes_enabled":true,"jetpack-related-posts":[],"_links":{"self":[{"href":"https:\/\/eltrabajo.cl\/portal\/wp-json\/wp\/v2\/posts\/65691","targetHints":{"allow":["GET"]}}],"collection":[{"href":"https:\/\/eltrabajo.cl\/portal\/wp-json\/wp\/v2\/posts"}],"about":[{"href":"https:\/\/eltrabajo.cl\/portal\/wp-json\/wp\/v2\/types\/post"}],"author":[{"embeddable":true,"href":"https:\/\/eltrabajo.cl\/portal\/wp-json\/wp\/v2\/users\/482"}],"replies":[{"embeddable":true,"href":"https:\/\/eltrabajo.cl\/portal\/wp-json\/wp\/v2\/comments?post=65691"}],"version-history":[{"count":0,"href":"https:\/\/eltrabajo.cl\/portal\/wp-json\/wp\/v2\/posts\/65691\/revisions"}],"wp:featuredmedia":[{"embeddable":true,"href":"https:\/\/eltrabajo.cl\/portal\/wp-json\/wp\/v2\/media\/65692"}],"wp:attachment":[{"href":"https:\/\/eltrabajo.cl\/portal\/wp-json\/wp\/v2\/media?parent=65691"}],"wp:term":[{"taxonomy":"category","embeddable":true,"href":"https:\/\/eltrabajo.cl\/portal\/wp-json\/wp\/v2\/categories?post=65691"},{"taxonomy":"post_tag","embeddable":true,"href":"https:\/\/eltrabajo.cl\/portal\/wp-json\/wp\/v2\/tags?post=65691"}],"curies":[{"name":"wp","href":"https:\/\/api.w.org\/{rel}","templated":true}]}}