{"id":65697,"date":"2016-01-12T14:40:44","date_gmt":"2016-01-12T17:40:44","guid":{"rendered":"http:\/\/www.eltrabajo.cl\/portal\/?p=65697"},"modified":"2016-01-12T14:40:44","modified_gmt":"2016-01-12T17:40:44","slug":"funcionarios-del-hospital-de-llay-llay-comenzaron-paro-indefinido","status":"publish","type":"post","link":"https:\/\/eltrabajo.cl\/portal\/funcionarios-del-hospital-de-llay-llay-comenzaron-paro-indefinido\/","title":{"rendered":"Funcionarios del Hospital de Llay Llay comenzaron paro indefinido"},"content":{"rendered":"<figure id=\"attachment_65698\" aria-describedby=\"caption-attachment-65698\" style=\"width: 300px\" class=\"wp-caption alignleft\"><img data-recalc-dims=\"1\" loading=\"lazy\" decoding=\"async\" class=\"wp-image-65698 size-medium\" src=\"https:\/\/i0.wp.com\/www.eltrabajo.cl\/portal\/wp-content\/uploads\/2016\/01\/FOTO-2-Funcionarios-del-Hospital-de-Llay-Llay-iniciaron-paro-indefinido-buscando-sacar-de-su-cargo-a-la-directora-del-Recinto-300x198.jpg?resize=300%2C198\" alt=\"Funcionarios del Hospital de Llay-Llay iniciaron paro indefinido buscando sacar de su cargo a la directora del Recinto.\" width=\"300\" height=\"198\" srcset=\"https:\/\/i0.wp.com\/eltrabajo.cl\/portal\/wp-content\/uploads\/2016\/01\/FOTO-2-Funcionarios-del-Hospital-de-Llay-Llay-iniciaron-paro-indefinido-buscando-sacar-de-su-cargo-a-la-directora-del-Recinto.jpg?resize=300%2C198&amp;ssl=1 300w, https:\/\/i0.wp.com\/eltrabajo.cl\/portal\/wp-content\/uploads\/2016\/01\/FOTO-2-Funcionarios-del-Hospital-de-Llay-Llay-iniciaron-paro-indefinido-buscando-sacar-de-su-cargo-a-la-directora-del-Recinto.jpg?resize=200%2C132&amp;ssl=1 200w, https:\/\/i0.wp.com\/eltrabajo.cl\/portal\/wp-content\/uploads\/2016\/01\/FOTO-2-Funcionarios-del-Hospital-de-Llay-Llay-iniciaron-paro-indefinido-buscando-sacar-de-su-cargo-a-la-directora-del-Recinto.jpg?resize=228%2C150&amp;ssl=1 228w, https:\/\/i0.wp.com\/eltrabajo.cl\/portal\/wp-content\/uploads\/2016\/01\/FOTO-2-Funcionarios-del-Hospital-de-Llay-Llay-iniciaron-paro-indefinido-buscando-sacar-de-su-cargo-a-la-directora-del-Recinto.jpg?resize=400%2C263&amp;ssl=1 400w, https:\/\/i0.wp.com\/eltrabajo.cl\/portal\/wp-content\/uploads\/2016\/01\/FOTO-2-Funcionarios-del-Hospital-de-Llay-Llay-iniciaron-paro-indefinido-buscando-sacar-de-su-cargo-a-la-directora-del-Recinto.jpg?w=530&amp;ssl=1 530w\" sizes=\"auto, (max-width: 300px) 100vw, 300px\" \/><figcaption id=\"caption-attachment-65698\" class=\"wp-caption-text\">Funcionarios del Hospital de Llay-Llay iniciaron paro indefinido buscando sacar de su cargo a la directora del Recinto.<\/figcaption><\/figure>\n<ul>\n<li><strong>Fenats base Llay Llay denuncia falta de gesti\u00f3n y estancamiento de las necesidades del recinto durante la actual administraci\u00f3n.<\/strong><\/li>\n<\/ul>\n<p>Acusando falta de probidad, gesti\u00f3n y hasta discriminaci\u00f3n, los funcionarios del Hospital de Llay Llay iniciaron ayer un paro indefinido de labores con el fin de sacar de su cargo a la directora del establecimiento, la enfermera Gloria Leiva Espinoza.<br \/>\nLa movilizaci\u00f3n, que en su primera jornada alcanz\u00f3 un 98 % de adhesi\u00f3n, provoc\u00f3 un serio trastorno en los distintos servicios que ofrece el recinto Hospitalario, como por ejemplo las prestaciones relacionadas con el \u00e1rea de laboratorio cl\u00ednico, kinesiolog\u00eda, rayos x, etc. El \u00fanico dispositivo que funcion\u00f3 fue el de Servicio de Urgencias, que atendi\u00f3 s\u00f3lo los casos de extrema gravedad.<br \/>\nEl Secretario de la Federaci\u00f3n Nacional de Trabajadores de la Salud, Fenats, base Llay Llay, Hern\u00e1n Ibacache, asegur\u00f3 que las demandas de los trabajadores se vienen efectuando desde el a\u00f1o 2014 y que no ha existido avance alguno respecto de las solicitudes realizadas.<br \/>\nAnte este escenario, Ibacache se\u00f1al\u00f3 que \u201cha pasado cerca de un a\u00f1o y medio y seguimos en la misma condici\u00f3n de stand by. Nosotros como trabajadores en asamblea hemos decidido que el Servicio de Salud reubique a la directora de este establecimiento en otra dependencias que ellos decidan y que llegue alguien con un perfil distinto que se haga cargo de las necesidades de este hospital que est\u00e1n estancadas\u201d, puntualiz\u00f3.<br \/>\nRespecto de cu\u00e1les son los argumentos en los que sustentan la petici\u00f3n de cambiar a la directora del Hospital, el dirigente gremial cont\u00f3 que \u201cnos reunimos con la directora y ella reconoci\u00f3 que durante el 2014 y 2015 no hubieron inversiones en este hospital respecto de la gesti\u00f3n que ellos han realizado\u201d, sostuvo, agregando que \u201cprimero necesitamos recuperar cuanto antes la urgencia obst\u00e9trica, unidad que lleva cerrada con candado cerca de 3 a\u00f1os, y segundo, desde que se inici\u00f3 esta movilizaci\u00f3n el 2014 peleamos para que hubiesen 5 m\u00e9dicos, actualmente tenemos 6 pero pareciera que funcion\u00e1ramos con 4 porque la organizaci\u00f3n de las horas m\u00e9dicas del establecimiento finalmente no la maneja la directora y queda en manos de los mismos doctores, hab\u00eda un compromiso de ella de que siempre habr\u00eda dos m\u00e9dicos en urgencias y finalmente eso nunca ocurri\u00f3 porque ellos agendan sus horas respecto de su realidad y necesidad\u201d, expuso.<br \/>\nJunto con lo anterior, Ibacache afirm\u00f3 que otra de las solicitudes que se ha puesto sobre la mesa es contar con una central de esterilizaci\u00f3n para poder asegurar el material necesario y cumplir con las curaciones requeridas, puesto que en la actualidad existe una falencia de ese material, lo que provoca que en el ejercicio se debe priorizar a qu\u00e9 paciente debe hac\u00e9rsele curaciones y a cu\u00e1l no, de acuerdo a las herramientas existentes en el momento.<br \/>\nAdem\u00e1s, el dirigente gremial expres\u00f3 que hoy en d\u00eda hay sobrecarga laboral en algunas unidades, argumentando que \u201cexiste falta de personal en algunas unidades cr\u00edticas, como por ejemplo en Kinesiolog\u00eda, asistentes sociales, param\u00e9dicos, tecn\u00f3logos m\u00e9dicos, auxiliares y tambi\u00e9n enfermer\u00eda. Este hospital tiene un alto \u00edndice ocupacional en adultos mayores y eso hace necesario generar algunos procedimientos y replantearse la construcci\u00f3n del recinto. La direcci\u00f3n de este establecimiento no se est\u00e1 haciendo cargo, por eso queremos el cambio de director, para lograr avances y que la salud de la comunidad de Llay-Llay se vea mejorada\u201d, enfatiz\u00f3.<br \/>\n\u201cEste paro que organizamos los funcionarios no es para un beneficio propio, queremos plata, queremos dinero, pero para mejorar el hospital de Llay Llay, hay falencias estructurales tambi\u00e9n, la SEC, Subsecretar\u00eda de Electricidad y Combustible hizo una inspecci\u00f3n y dijo que el recinto no cumpl\u00eda con la normativa el\u00e9ctrica vigente, por lo que debieran cerrarla\u2026ha pasado un a\u00f1o y seguimos igual\u201d, remat\u00f3 Ibacache.<br \/>\nPara terminar, hizo menci\u00f3n a las evidentes mejoras que se han efectuado en otros hospitales de la zona, como el San Camilo de San Felipe, San Juan de Dios de Los Andes o el psiqui\u00e1trico Pillippe Pinel de Putaendo, cuyas inversiones han sido diametralmente distintas gracias a la gesti\u00f3n realizada, trabajo que en Llay Llay no ha surtido efecto.<\/p>\n<p><strong>AUTORIDAD LOCAL<\/strong><br \/>\nPese a que en este tipo de situaciones los m\u00e1s afectados siempre resultan ser los vecinos. La concejala de la comuna, Margarita Puebla se sum\u00f3 a la movilizaci\u00f3n y apoy\u00f3 el paro de funcionarios del Hospital de Llay Llay, argumentando que \u201cpara m\u00ed es de suma importancia que todos participemos de esto y hagamos presi\u00f3n porque yo soy una de las que en alg\u00fan momento critiqu\u00e9 el servicio que se nos ofrece\u2026hay necesidades que tienen que ver con gesti\u00f3n y claramente no se est\u00e1n cumpliendo, por lo tanto necesitamos a alguien que est\u00e9 comprometida con la comunidad, con la salud y con los funcionarios\u201d, expuso.<br \/>\nAl mismo tiempo, la representante del municipio llayllaino reconoci\u00f3 que es indigno ver c\u00f3mo hay que discriminar quien puede usar material est\u00e9ril y qu\u00e9 paciente no. \u201cEs denigrante como seres humanos pasar ese tipo de situaciones no lo podemos permitir, as\u00ed que yo llamo a la comunidad que se sume a esto, no siempre son los funcionarios los que realizan un mal trabajo, ac\u00e1 hay una mala gesti\u00f3n y no podemos meterlos a todos en el mismo saco\u201d, detall\u00f3 Puebla.<br \/>\nAl cierre de esta edici\u00f3n, el Servicio de Salud Aconcagua no hab\u00eda respondido a la solicitud de los funcionarios del Hospital de Llay Llay, mientras que \u00e9stos se reun\u00edan con distintas organizaciones vecinales para explicar sus demandas y el porqu\u00e9 de la paralizaci\u00f3n y el requerimiento de la salida de la directora del establecimiento.<\/p>\n<div class=\"tiled-gallery type-rectangular tiled-gallery-unresized\" data-original-width=\"640\" data-carousel-extra='null' itemscope itemtype=\"http:\/\/schema.org\/ImageGallery\" > <div class=\"gallery-row\" style=\"width: 640px; height: 283px;\" data-original-width=\"640\" data-original-height=\"283\" > <div class=\"gallery-group images-1\" style=\"width: 427px; height: 283px;\" data-original-width=\"427\" data-original-height=\"283\" > <div class=\"tiled-gallery-item tiled-gallery-item-large\" itemprop=\"associatedMedia\" itemscope itemtype=\"http:\/\/schema.org\/ImageObject\"> <a href=\"https:\/\/eltrabajo.cl\/portal\/funcionarios-del-hospital-de-llay-llay-comenzaron-paro-indefinido\/hernan-ibacache\/\" border=\"0\" itemprop=\"url\"> <meta itemprop=\"width\" content=\"423\"> <meta itemprop=\"height\" content=\"279\"> <img decoding=\"async\" class=\"\" data-attachment-id=\"65699\" data-orig-file=\"https:\/\/eltrabajo.cl\/portal\/wp-content\/uploads\/2016\/01\/hernan-ibacache.jpg\" data-orig-size=\"530,350\" data-comments-opened=\"1\" data-image-meta=\"{&quot;aperture&quot;:&quot;0&quot;,&quot;credit&quot;:&quot;&quot;,&quot;camera&quot;:&quot;&quot;,&quot;caption&quot;:&quot;&quot;,&quot;created_timestamp&quot;:&quot;0&quot;,&quot;copyright&quot;:&quot;&quot;,&quot;focal_length&quot;:&quot;0&quot;,&quot;iso&quot;:&quot;0&quot;,&quot;shutter_speed&quot;:&quot;0&quot;,&quot;title&quot;:&quot;&quot;,&quot;orientation&quot;:&quot;0&quot;}\" data-image-title=\"hernan ibacache\" data-image-description=\"&lt;p&gt;El Secretario de la Federaci\u00f3n Nacional de Trabajadores de la Salud, Fenats, base Llay Llay, Hern\u00e1n Ibacache.&lt;\/p&gt; \" data-medium-file=\"https:\/\/i0.wp.com\/eltrabajo.cl\/portal\/wp-content\/uploads\/2016\/01\/hernan-ibacache.jpg?fit=300%2C198&#038;ssl=1\" data-large-file=\"https:\/\/i0.wp.com\/eltrabajo.cl\/portal\/wp-content\/uploads\/2016\/01\/hernan-ibacache.jpg?fit=530%2C350&#038;ssl=1\" src=\"https:\/\/i0.wp.com\/eltrabajo.cl\/portal\/wp-content\/uploads\/2016\/01\/hernan-ibacache.jpg?w=423&#038;h=279&#038;ssl=1\" srcset=\"https:\/\/i0.wp.com\/eltrabajo.cl\/portal\/wp-content\/uploads\/2016\/01\/hernan-ibacache.jpg?w=530&amp;ssl=1 530w, https:\/\/i0.wp.com\/eltrabajo.cl\/portal\/wp-content\/uploads\/2016\/01\/hernan-ibacache.jpg?resize=200%2C132&amp;ssl=1 200w, https:\/\/i0.wp.com\/eltrabajo.cl\/portal\/wp-content\/uploads\/2016\/01\/hernan-ibacache.jpg?resize=300%2C198&amp;ssl=1 300w, https:\/\/i0.wp.com\/eltrabajo.cl\/portal\/wp-content\/uploads\/2016\/01\/hernan-ibacache.jpg?resize=227%2C150&amp;ssl=1 227w, https:\/\/i0.wp.com\/eltrabajo.cl\/portal\/wp-content\/uploads\/2016\/01\/hernan-ibacache.jpg?resize=400%2C264&amp;ssl=1 400w\" width=\"423\" height=\"279\" loading=\"lazy\" data-original-width=\"423\" data-original-height=\"279\" itemprop=\"http:\/\/schema.org\/image\" title=\"hernan ibacache\" alt=\"El Secretario de la Federaci\u00f3n Nacional de Trabajadores de la Salud, Fenats, base Llay Llay, Hern\u00e1n Ibacache.\" style=\"width: 423px; height: 279px;\" \/> <\/a> <div class=\"tiled-gallery-caption\" itemprop=\"caption description\"> El Secretario de la Federaci\u00f3n Nacional de Trabajadores de la Salud, Fenats, base Llay Llay, Hern\u00e1n Ibacache. <\/div> <\/div> <\/div> <!-- close group --> <div class=\"gallery-group images-2\" style=\"width: 213px; height: 283px;\" data-original-width=\"213\" data-original-height=\"283\" > <div class=\"tiled-gallery-item tiled-gallery-item-small\" itemprop=\"associatedMedia\" itemscope itemtype=\"http:\/\/schema.org\/ImageObject\"> <a href=\"https:\/\/eltrabajo.cl\/portal\/funcionarios-del-hospital-de-llay-llay-comenzaron-paro-indefinido\/foto-3-algunas-de-las-impugnaciones-de-la-fenats-base-llay-llay-en-contra-de-la-directora-del-hospital\/\" border=\"0\" itemprop=\"url\"> <meta itemprop=\"width\" content=\"209\"> <meta itemprop=\"height\" content=\"138\"> <img decoding=\"async\" class=\"\" data-attachment-id=\"65700\" data-orig-file=\"https:\/\/eltrabajo.cl\/portal\/wp-content\/uploads\/2016\/01\/FOTO-3-Algunas-de-las-impugnaciones-de-la-FENATS-base-Llay-Llay-en-contra-de-la-Directora-del-Hospital.jpg\" data-orig-size=\"530,349\" data-comments-opened=\"1\" data-image-meta=\"{&quot;aperture&quot;:&quot;0&quot;,&quot;credit&quot;:&quot;&quot;,&quot;camera&quot;:&quot;&quot;,&quot;caption&quot;:&quot;&quot;,&quot;created_timestamp&quot;:&quot;0&quot;,&quot;copyright&quot;:&quot;&quot;,&quot;focal_length&quot;:&quot;0&quot;,&quot;iso&quot;:&quot;0&quot;,&quot;shutter_speed&quot;:&quot;0&quot;,&quot;title&quot;:&quot;&quot;,&quot;orientation&quot;:&quot;0&quot;}\" data-image-title=\"FOTO 3 Algunas de las impugnaciones de la FENATS base Llay-Llay en contra de la Directora del Hospital\" data-image-description=\"&lt;p&gt;Algunas de las impugnaciones de la Fenats, base Llay-Llay en contra de la Directora del Hospital.&lt;\/p&gt; \" data-medium-file=\"https:\/\/i0.wp.com\/eltrabajo.cl\/portal\/wp-content\/uploads\/2016\/01\/FOTO-3-Algunas-de-las-impugnaciones-de-la-FENATS-base-Llay-Llay-en-contra-de-la-Directora-del-Hospital.jpg?fit=300%2C198&#038;ssl=1\" data-large-file=\"https:\/\/i0.wp.com\/eltrabajo.cl\/portal\/wp-content\/uploads\/2016\/01\/FOTO-3-Algunas-de-las-impugnaciones-de-la-FENATS-base-Llay-Llay-en-contra-de-la-Directora-del-Hospital.jpg?fit=530%2C349&#038;ssl=1\" src=\"https:\/\/i0.wp.com\/eltrabajo.cl\/portal\/wp-content\/uploads\/2016\/01\/FOTO-3-Algunas-de-las-impugnaciones-de-la-FENATS-base-Llay-Llay-en-contra-de-la-Directora-del-Hospital.jpg?w=209&#038;h=138&#038;ssl=1\" srcset=\"https:\/\/i0.wp.com\/eltrabajo.cl\/portal\/wp-content\/uploads\/2016\/01\/FOTO-3-Algunas-de-las-impugnaciones-de-la-FENATS-base-Llay-Llay-en-contra-de-la-Directora-del-Hospital.jpg?w=530&amp;ssl=1 530w, https:\/\/i0.wp.com\/eltrabajo.cl\/portal\/wp-content\/uploads\/2016\/01\/FOTO-3-Algunas-de-las-impugnaciones-de-la-FENATS-base-Llay-Llay-en-contra-de-la-Directora-del-Hospital.jpg?resize=200%2C132&amp;ssl=1 200w, https:\/\/i0.wp.com\/eltrabajo.cl\/portal\/wp-content\/uploads\/2016\/01\/FOTO-3-Algunas-de-las-impugnaciones-de-la-FENATS-base-Llay-Llay-en-contra-de-la-Directora-del-Hospital.jpg?resize=300%2C198&amp;ssl=1 300w, https:\/\/i0.wp.com\/eltrabajo.cl\/portal\/wp-content\/uploads\/2016\/01\/FOTO-3-Algunas-de-las-impugnaciones-de-la-FENATS-base-Llay-Llay-en-contra-de-la-Directora-del-Hospital.jpg?resize=228%2C150&amp;ssl=1 228w, https:\/\/i0.wp.com\/eltrabajo.cl\/portal\/wp-content\/uploads\/2016\/01\/FOTO-3-Algunas-de-las-impugnaciones-de-la-FENATS-base-Llay-Llay-en-contra-de-la-Directora-del-Hospital.jpg?resize=400%2C263&amp;ssl=1 400w\" width=\"209\" height=\"138\" loading=\"lazy\" data-original-width=\"209\" data-original-height=\"138\" itemprop=\"http:\/\/schema.org\/image\" title=\"FOTO 3 Algunas de las impugnaciones de la FENATS base Llay-Llay en contra de la Directora del Hospital\" alt=\"Algunas de las impugnaciones de la Fenats, base Llay-Llay en contra de la Directora del Hospital.\" style=\"width: 209px; height: 138px;\" \/> <\/a> <div class=\"tiled-gallery-caption\" itemprop=\"caption description\"> Algunas de las impugnaciones de la Fenats, base Llay-Llay en contra de la Directora del Hospital. <\/div> <\/div> <div class=\"tiled-gallery-item tiled-gallery-item-small\" itemprop=\"associatedMedia\" itemscope itemtype=\"http:\/\/schema.org\/ImageObject\"> <a href=\"https:\/\/eltrabajo.cl\/portal\/funcionarios-del-hospital-de-llay-llay-comenzaron-paro-indefinido\/foto-4trabajadores-del-recint\/\" border=\"0\" itemprop=\"url\"> <meta itemprop=\"width\" content=\"209\"> <meta itemprop=\"height\" content=\"137\"> <img decoding=\"async\" class=\"\" data-attachment-id=\"65701\" data-orig-file=\"https:\/\/eltrabajo.cl\/portal\/wp-content\/uploads\/2016\/01\/FOTO-4Trabajadores-del-recint.jpg\" data-orig-size=\"530,349\" data-comments-opened=\"1\" data-image-meta=\"{&quot;aperture&quot;:&quot;0&quot;,&quot;credit&quot;:&quot;&quot;,&quot;camera&quot;:&quot;&quot;,&quot;caption&quot;:&quot;&quot;,&quot;created_timestamp&quot;:&quot;0&quot;,&quot;copyright&quot;:&quot;&quot;,&quot;focal_length&quot;:&quot;0&quot;,&quot;iso&quot;:&quot;0&quot;,&quot;shutter_speed&quot;:&quot;0&quot;,&quot;title&quot;:&quot;&quot;,&quot;orientation&quot;:&quot;0&quot;}\" data-image-title=\"FOTO 4Trabajadores del recint\" data-image-description=\"&lt;p&gt;Trabajadores del recinto Hospitalario dieron ultim\u00e1tum al Servicio de Salud Aconcagua y no descartan que se sumen otros establecimientos de salud de la comuna al paro iniciado ayer.&lt;\/p&gt; \" data-medium-file=\"https:\/\/i0.wp.com\/eltrabajo.cl\/portal\/wp-content\/uploads\/2016\/01\/FOTO-4Trabajadores-del-recint.jpg?fit=300%2C198&#038;ssl=1\" data-large-file=\"https:\/\/i0.wp.com\/eltrabajo.cl\/portal\/wp-content\/uploads\/2016\/01\/FOTO-4Trabajadores-del-recint.jpg?fit=530%2C349&#038;ssl=1\" src=\"https:\/\/i0.wp.com\/eltrabajo.cl\/portal\/wp-content\/uploads\/2016\/01\/FOTO-4Trabajadores-del-recint.jpg?w=209&#038;h=137&#038;ssl=1\" srcset=\"https:\/\/i0.wp.com\/eltrabajo.cl\/portal\/wp-content\/uploads\/2016\/01\/FOTO-4Trabajadores-del-recint.jpg?w=530&amp;ssl=1 530w, https:\/\/i0.wp.com\/eltrabajo.cl\/portal\/wp-content\/uploads\/2016\/01\/FOTO-4Trabajadores-del-recint.jpg?resize=200%2C132&amp;ssl=1 200w, https:\/\/i0.wp.com\/eltrabajo.cl\/portal\/wp-content\/uploads\/2016\/01\/FOTO-4Trabajadores-del-recint.jpg?resize=300%2C198&amp;ssl=1 300w, https:\/\/i0.wp.com\/eltrabajo.cl\/portal\/wp-content\/uploads\/2016\/01\/FOTO-4Trabajadores-del-recint.jpg?resize=228%2C150&amp;ssl=1 228w, https:\/\/i0.wp.com\/eltrabajo.cl\/portal\/wp-content\/uploads\/2016\/01\/FOTO-4Trabajadores-del-recint.jpg?resize=400%2C263&amp;ssl=1 400w\" width=\"209\" height=\"137\" loading=\"lazy\" data-original-width=\"209\" data-original-height=\"137\" itemprop=\"http:\/\/schema.org\/image\" title=\"FOTO 4Trabajadores del recint\" alt=\"Trabajadores del recinto Hospitalario dieron ultim\u00e1tum al Servicio de Salud Aconcagua y no descartan que se sumen otros establecimientos de salud de la comuna al paro iniciado ayer.\" style=\"width: 209px; height: 137px;\" \/> <\/a> <div class=\"tiled-gallery-caption\" itemprop=\"caption description\"> Trabajadores del recinto Hospitalario dieron ultim\u00e1tum al Servicio de Salud Aconcagua y no descartan que se sumen otros establecimientos de salud de la comuna al paro iniciado ayer. <\/div> <\/div> <\/div> <!-- close group --> <\/div> <!-- close row --> <\/div>\n","protected":false},"excerpt":{"rendered":"<p>Fenats base Llay Llay denuncia falta de gesti\u00f3n y estancamiento de las necesidades del recinto durante la actual administraci\u00f3n. Acusando falta de probidad, gesti\u00f3n y hasta discriminaci\u00f3n, los funcionarios del Hospital de&#8230;<\/p>\n","protected":false},"author":482,"featured_media":65698,"comment_status":"open","ping_status":"open","sticky":false,"template":"","format":"standard","meta":{"advanced_seo_description":"","jetpack_seo_html_title":"","jetpack_seo_noindex":false,"_jetpack_memberships_contains_paid_content":false,"footnotes":""},"categories":[1],"tags":[],"class_list":["post-65697","post","type-post","status-publish","format-standard","has-post-thumbnail","hentry","category-cronica"],"jetpack_featured_media_url":"https:\/\/i0.wp.com\/eltrabajo.cl\/portal\/wp-content\/uploads\/2016\/01\/FOTO-2-Funcionarios-del-Hospital-de-Llay-Llay-iniciaron-paro-indefinido-buscando-sacar-de-su-cargo-a-la-directora-del-Recinto.jpg?fit=530%2C349&ssl=1","jetpack_sharing_enabled":true,"jetpack_likes_enabled":true,"jetpack-related-posts":[],"_links":{"self":[{"href":"https:\/\/eltrabajo.cl\/portal\/wp-json\/wp\/v2\/posts\/65697","targetHints":{"allow":["GET"]}}],"collection":[{"href":"https:\/\/eltrabajo.cl\/portal\/wp-json\/wp\/v2\/posts"}],"about":[{"href":"https:\/\/eltrabajo.cl\/portal\/wp-json\/wp\/v2\/types\/post"}],"author":[{"embeddable":true,"href":"https:\/\/eltrabajo.cl\/portal\/wp-json\/wp\/v2\/users\/482"}],"replies":[{"embeddable":true,"href":"https:\/\/eltrabajo.cl\/portal\/wp-json\/wp\/v2\/comments?post=65697"}],"version-history":[{"count":0,"href":"https:\/\/eltrabajo.cl\/portal\/wp-json\/wp\/v2\/posts\/65697\/revisions"}],"wp:featuredmedia":[{"embeddable":true,"href":"https:\/\/eltrabajo.cl\/portal\/wp-json\/wp\/v2\/media\/65698"}],"wp:attachment":[{"href":"https:\/\/eltrabajo.cl\/portal\/wp-json\/wp\/v2\/media?parent=65697"}],"wp:term":[{"taxonomy":"category","embeddable":true,"href":"https:\/\/eltrabajo.cl\/portal\/wp-json\/wp\/v2\/categories?post=65697"},{"taxonomy":"post_tag","embeddable":true,"href":"https:\/\/eltrabajo.cl\/portal\/wp-json\/wp\/v2\/tags?post=65697"}],"curies":[{"name":"wp","href":"https:\/\/api.w.org\/{rel}","templated":true}]}}