{"id":65703,"date":"2016-01-12T14:43:10","date_gmt":"2016-01-12T17:43:10","guid":{"rendered":"http:\/\/www.eltrabajo.cl\/portal\/?p=65703"},"modified":"2016-01-12T14:43:10","modified_gmt":"2016-01-12T17:43:10","slug":"a-punta-de-escopeta-amenazo-de-muerte-a-ex-pareja-con-su-hijo-en-brazos","status":"publish","type":"post","link":"https:\/\/eltrabajo.cl\/portal\/a-punta-de-escopeta-amenazo-de-muerte-a-ex-pareja-con-su-hijo-en-brazos\/","title":{"rendered":"A punta de escopeta amenaz\u00f3 de muerte a ex pareja con su hijo en brazos"},"content":{"rendered":"<figure id=\"attachment_65704\" aria-describedby=\"caption-attachment-65704\" style=\"width: 300px\" class=\"wp-caption alignleft\"><img data-recalc-dims=\"1\" loading=\"lazy\" decoding=\"async\" class=\"wp-image-65704 size-medium\" src=\"https:\/\/i0.wp.com\/www.eltrabajo.cl\/portal\/wp-content\/uploads\/2016\/01\/Christopher-Escobar-Espinoza-300x198.jpg?resize=300%2C198\" alt=\"El imputado Christopher Escobar Espinoza fue acusado por su ex pareja de amenazas de muerte con arma de fuego cometido en la Villa Industrial de San Felipe.\" width=\"300\" height=\"198\" srcset=\"https:\/\/i0.wp.com\/eltrabajo.cl\/portal\/wp-content\/uploads\/2016\/01\/Christopher-Escobar-Espinoza.jpg?resize=300%2C198&amp;ssl=1 300w, https:\/\/i0.wp.com\/eltrabajo.cl\/portal\/wp-content\/uploads\/2016\/01\/Christopher-Escobar-Espinoza.jpg?resize=200%2C132&amp;ssl=1 200w, https:\/\/i0.wp.com\/eltrabajo.cl\/portal\/wp-content\/uploads\/2016\/01\/Christopher-Escobar-Espinoza.jpg?resize=228%2C150&amp;ssl=1 228w, https:\/\/i0.wp.com\/eltrabajo.cl\/portal\/wp-content\/uploads\/2016\/01\/Christopher-Escobar-Espinoza.jpg?resize=400%2C263&amp;ssl=1 400w, https:\/\/i0.wp.com\/eltrabajo.cl\/portal\/wp-content\/uploads\/2016\/01\/Christopher-Escobar-Espinoza.jpg?w=530&amp;ssl=1 530w\" sizes=\"auto, (max-width: 300px) 100vw, 300px\" \/><figcaption id=\"caption-attachment-65704\" class=\"wp-caption-text\">El imputado Christopher Escobar Espinoza fue acusado por su ex pareja de amenazas de muerte con arma de fuego cometido en la Villa Industrial de San Felipe.<\/figcaption><\/figure>\n<p>El armamento fue incautado desde el domicilio del imputado que se encontraba oculto bajo la cama, por lo cual fue detenido y ser\u00e1 procesado por la Fiscal\u00eda que investigar\u00e1 el caso.<\/p>\n<p>Un episodio de extrema violencia intrafamiliar se habr\u00eda producido en un domicilio de la villa Industrial de San Felipe, luego que una mujer de 19 a\u00f1os de edad denunciara a su expareja de haber sustra\u00eddo clandestinamente a su peque\u00f1o hijo de dos a\u00f1os y posteriormente la amenazara de muerte con una escopeta, disparando al aire para amedrentarla.<br \/>\nSeg\u00fan Carabineros, los hechos se produjeron cuando recibieron un llamado de auxilio al 133, de una v\u00edctima que se encontraba en calle 6 de la villa Renacer de San Felipe, acusando haber sido amenazada de muerte por su expareja.<br \/>\nA los pocos minutos los efectivos policiales se trasladaron hasta el lugar tomando contacto con la joven v\u00edctima de 19 a\u00f1os. Ella aseguraba que minutos antes, al regresar a su domicilio, se percat\u00f3 que su peque\u00f1o hijo de 2 a\u00f1os que estaba al cuidado de una amiga, no se encontraba en casa, acusando a su expareja de haber sustra\u00eddo al menor para llev\u00e1rselo hasta su domicilio en la villa Industrial.<\/p>\n<figure id=\"attachment_65705\" aria-describedby=\"caption-attachment-65705\" style=\"width: 300px\" class=\"wp-caption alignright\"><img data-recalc-dims=\"1\" loading=\"lazy\" decoding=\"async\" class=\"wp-image-65705 size-medium\" src=\"https:\/\/i0.wp.com\/www.eltrabajo.cl\/portal\/wp-content\/uploads\/2016\/01\/Escopeta-300x198.jpg?resize=300%2C198\" alt=\"Carabineros incaut\u00f3 la escopeta desde el domicilio del imputado que fue formalizado por la Fiscal\u00eda.\" width=\"300\" height=\"198\" srcset=\"https:\/\/i0.wp.com\/eltrabajo.cl\/portal\/wp-content\/uploads\/2016\/01\/Escopeta.jpg?resize=300%2C198&amp;ssl=1 300w, https:\/\/i0.wp.com\/eltrabajo.cl\/portal\/wp-content\/uploads\/2016\/01\/Escopeta.jpg?resize=200%2C132&amp;ssl=1 200w, https:\/\/i0.wp.com\/eltrabajo.cl\/portal\/wp-content\/uploads\/2016\/01\/Escopeta.jpg?resize=227%2C150&amp;ssl=1 227w, https:\/\/i0.wp.com\/eltrabajo.cl\/portal\/wp-content\/uploads\/2016\/01\/Escopeta.jpg?resize=400%2C264&amp;ssl=1 400w, https:\/\/i0.wp.com\/eltrabajo.cl\/portal\/wp-content\/uploads\/2016\/01\/Escopeta.jpg?w=530&amp;ssl=1 530w\" sizes=\"auto, (max-width: 300px) 100vw, 300px\" \/><figcaption id=\"caption-attachment-65705\" class=\"wp-caption-text\">Carabineros incaut\u00f3 la escopeta desde el domicilio del imputado que fue formalizado por la Fiscal\u00eda.<\/figcaption><\/figure>\n<p>De acuerdo a su relato, habr\u00eda concurrido de inmediato hasta la casa de su expareja para reclamar a su hijo, produci\u00e9ndose un forcejeo entre ambos hasta que le arrebat\u00f3 al peque\u00f1o que se encontraba entre sus brazos. La madre del menor sostuvo que tras la acalorada discusi\u00f3n, el sujeto extrajo una escopeta para apuntarla directamente sobre su cuerpo, dici\u00e9ndole que la matar\u00eda y le quitar\u00eda a su hijo.<br \/>\nTras momentos de terror, la v\u00edctima consternada huy\u00f3 r\u00e1pidamente junto a su hijo abandonando la vivienda cuando oy\u00f3 un disparo al aire a modo de amedrentamiento, escapando a toda velocidad hasta resguardarse a varios metros del lugar en la v\u00eda p\u00fablica, para dar cuenta de los hechos a Carabineros que adoptaron el procedimiento.<br \/>\nAl concurrir al domicilio del acusado, la polic\u00eda uniformada ingres\u00f3 a su vivienda encontr\u00e1ndolo escondido en el ba\u00f1o, hallando adem\u00e1s el arma de fuego bajo su cama, por lo cual fue detenido.<br \/>\nEl imputado fue individualizado como Christopher Eduardo Escobar Espinoza, de 20 a\u00f1os de edad, domiciliado en villa Industrial de San Felipe, quien cuenta con antecedentes delictuales por delitos de receptaci\u00f3n, des\u00f3rdenes p\u00fablicos, amenazas a personas y robo de accesorios de veh\u00edculos.<br \/>\nEscobar fue sometido a control de detenci\u00f3n en el Juzgado de Garant\u00eda de San Felipe para ser formalizado por la Fiscal\u00eda por el delito de amenazas de muerte en contexto de violencia intrafamiliar. Tras la audiencia, el imputado recuper\u00f3 su libertad bajo cautelares de prohibici\u00f3n de acercarse a la v\u00edctima y portar armas de fuego fijando un plazo de 90 d\u00edas, para la investigaci\u00f3n del caso.<br \/>\n<strong>Pablo Salinas Sald\u00edas<\/strong><\/p>\n","protected":false},"excerpt":{"rendered":"<p>El armamento fue incautado desde el domicilio del imputado que se encontraba oculto bajo la cama, por lo cual fue detenido y ser\u00e1 procesado por la Fiscal\u00eda que investigar\u00e1 el caso. Un&#8230;<\/p>\n","protected":false},"author":482,"featured_media":65704,"comment_status":"open","ping_status":"open","sticky":false,"template":"","format":"standard","meta":{"advanced_seo_description":"","jetpack_seo_html_title":"","jetpack_seo_noindex":false,"_jetpack_memberships_contains_paid_content":false,"footnotes":""},"categories":[21],"tags":[],"class_list":["post-65703","post","type-post","status-publish","format-standard","has-post-thumbnail","hentry","category-policial"],"jetpack_featured_media_url":"https:\/\/i0.wp.com\/eltrabajo.cl\/portal\/wp-content\/uploads\/2016\/01\/Christopher-Escobar-Espinoza.jpg?fit=530%2C349&ssl=1","jetpack_sharing_enabled":true,"jetpack_likes_enabled":true,"jetpack-related-posts":[],"_links":{"self":[{"href":"https:\/\/eltrabajo.cl\/portal\/wp-json\/wp\/v2\/posts\/65703","targetHints":{"allow":["GET"]}}],"collection":[{"href":"https:\/\/eltrabajo.cl\/portal\/wp-json\/wp\/v2\/posts"}],"about":[{"href":"https:\/\/eltrabajo.cl\/portal\/wp-json\/wp\/v2\/types\/post"}],"author":[{"embeddable":true,"href":"https:\/\/eltrabajo.cl\/portal\/wp-json\/wp\/v2\/users\/482"}],"replies":[{"embeddable":true,"href":"https:\/\/eltrabajo.cl\/portal\/wp-json\/wp\/v2\/comments?post=65703"}],"version-history":[{"count":0,"href":"https:\/\/eltrabajo.cl\/portal\/wp-json\/wp\/v2\/posts\/65703\/revisions"}],"wp:featuredmedia":[{"embeddable":true,"href":"https:\/\/eltrabajo.cl\/portal\/wp-json\/wp\/v2\/media\/65704"}],"wp:attachment":[{"href":"https:\/\/eltrabajo.cl\/portal\/wp-json\/wp\/v2\/media?parent=65703"}],"wp:term":[{"taxonomy":"category","embeddable":true,"href":"https:\/\/eltrabajo.cl\/portal\/wp-json\/wp\/v2\/categories?post=65703"},{"taxonomy":"post_tag","embeddable":true,"href":"https:\/\/eltrabajo.cl\/portal\/wp-json\/wp\/v2\/tags?post=65703"}],"curies":[{"name":"wp","href":"https:\/\/api.w.org\/{rel}","templated":true}]}}