{"id":65708,"date":"2016-01-13T14:15:00","date_gmt":"2016-01-13T17:15:00","guid":{"rendered":"http:\/\/www.eltrabajo.cl\/portal\/?p=65708"},"modified":"2016-01-13T14:15:00","modified_gmt":"2016-01-13T17:15:00","slug":"desarrollan-programa-de-habitabilidad-comunitaria-en-sector-de-las-cabras-en-santa-maria","status":"publish","type":"post","link":"https:\/\/eltrabajo.cl\/portal\/desarrollan-programa-de-habitabilidad-comunitaria-en-sector-de-las-cabras-en-santa-maria\/","title":{"rendered":"Desarrollan programa de \u2018Habitabilidad Comunitaria\u2019 en sector de Las Cabras en Santa Mar\u00eda"},"content":{"rendered":"<figure id=\"attachment_65709\" aria-describedby=\"caption-attachment-65709\" style=\"width: 300px\" class=\"wp-caption alignleft\"><img data-recalc-dims=\"1\" loading=\"lazy\" decoding=\"async\" class=\"wp-image-65709 size-medium\" src=\"https:\/\/i0.wp.com\/www.eltrabajo.cl\/portal\/wp-content\/uploads\/2016\/01\/ceremonia-durante-la-firma-del-convenio-2-300x198.jpg?resize=300%2C198\" alt=\"Con gran participaci\u00f3n se realiz\u00f3 una ceremonia en la firma del convenio de programa \u2018Habitabilidad Comunitaria\u2019 en sector de Las Cabras en Santa Mar\u00eda.\" width=\"300\" height=\"198\" srcset=\"https:\/\/i0.wp.com\/eltrabajo.cl\/portal\/wp-content\/uploads\/2016\/01\/ceremonia-durante-la-firma-del-convenio-2.jpg?resize=300%2C198&amp;ssl=1 300w, https:\/\/i0.wp.com\/eltrabajo.cl\/portal\/wp-content\/uploads\/2016\/01\/ceremonia-durante-la-firma-del-convenio-2.jpg?resize=200%2C132&amp;ssl=1 200w, https:\/\/i0.wp.com\/eltrabajo.cl\/portal\/wp-content\/uploads\/2016\/01\/ceremonia-durante-la-firma-del-convenio-2.jpg?resize=227%2C150&amp;ssl=1 227w, https:\/\/i0.wp.com\/eltrabajo.cl\/portal\/wp-content\/uploads\/2016\/01\/ceremonia-durante-la-firma-del-convenio-2.jpg?resize=400%2C264&amp;ssl=1 400w, https:\/\/i0.wp.com\/eltrabajo.cl\/portal\/wp-content\/uploads\/2016\/01\/ceremonia-durante-la-firma-del-convenio-2.jpg?w=530&amp;ssl=1 530w\" sizes=\"auto, (max-width: 300px) 100vw, 300px\" \/><figcaption id=\"caption-attachment-65709\" class=\"wp-caption-text\">Con gran participaci\u00f3n se realiz\u00f3 una ceremonia en la firma del convenio de programa \u2018Habitabilidad Comunitaria\u2019 en sector de Las Cabras en Santa Mar\u00eda.<\/figcaption><\/figure>\n<p><strong>SANTA MARIA<\/strong>.- El Fosis se encuentra ejecutando un programa bastante entretenido y funcional que se llama \u2018Habitabilidad Comunitaria\u2019, el cual apela a que un grupo de vecinos, si es posible toda la comunidad, asista a reuniones donde se decide hermosear a la comunidad de Las Cabras. Es as\u00ed como los moradores participantes escogieron hacer una plazuela y arborizar una de las calles para evitar el fuerte sol veraniego.<br \/>\nPara el alcalde Claudio Zurita, la idea de que la misma gente decida qu\u00e9 quiere o qu\u00e9 necesita, sirve de muy buen diagn\u00f3stico para los prop\u00f3sitos municipales: \u201cEsto es un proyecto que nos llega del Fosis al Departamento Social y lo estudiamos con nuestra Dideco, Maribel Mancilla y decidimos hacerlo ac\u00e1 en Las Cabras. En resumen, es un diagn\u00f3stico de la comunidad y sus anhelos, algo que nos va a servir mucho en nuestra misi\u00f3n de satisfacer los requerimientos de la gente. Y lo concreto es que el Fosis tambi\u00e9n tiene lucas para apoyar los proyectos, en el caso de Las Cabras, una plaza\u201d.<br \/>\nPor su parte, el conocido artista popular y morador de las Cabras, Nelson Acu\u00f1a Herrera, se refiri\u00f3 a este proyecto como una instancia para acercar a la gente. \u201cSin dudas es muy bueno, hermosear la localidad y colocar banquitos de descanso para las subidas es muy bueno, pero sobretodo, sirve para acercar a la gente y eso es un objetivo muy loable\u201d, se\u00f1al\u00f3.<br \/>\nOtro de los protagonistas es Juan Antonio Suazo Mart\u00ednez, morador de las Cabras, quien muy conectado con las reuniones y dise\u00f1o del proyecto se\u00f1al\u00f3 \u201cpartimos pocos pero se han ido sumando y eso es lo valioso, es una satisfacci\u00f3n, es cumplir sue\u00f1os inconclusos en nuestra comunidad. Y a medida que los proyectos se vayan materializando, se va ir uniendo m\u00e1s gente, eso es l\u00f3gico\u201d, dijo muy contento el destacado vecino.<br \/>\nCabe mencionar la felicidad de los moradores quienes ven como algo consultado se puede llevar a buen t\u00e9rmino en un proyecto ejecutado, siendo una manera directa de influenciar las pol\u00edticas de inversi\u00f3n local.<br \/>\nSeg\u00fan Eloy Ibacache, Concejal de la comuna y morador de Las Cabras, es un proyecto muy bienvenido. \u201cArborizar las Cabras, esa es la verdadera meta. Porque el sector est\u00e1 muy pobre en \u00e1rboles, en sombra. El calor es muy fuerte y visualizamos varios sectores, en conjunto con los que asistimos a las reuniones, sectores que se van a arborizar\u201d, abdujo.<br \/>\nPuede que esta iniciativa sea muy interesante en sus resultados ya que estas opciones de planear y ejecutar proyectos para el entorno donde se vive, podr\u00eda ser replicado en diversas comunas de la regi\u00f3n.<br \/>\n<strong>Roberto Mercado Aced<\/strong><\/p>\n","protected":false},"excerpt":{"rendered":"<p>SANTA MARIA.- El Fosis se encuentra ejecutando un programa bastante entretenido y funcional que se llama \u2018Habitabilidad Comunitaria\u2019, el cual apela a que un grupo de vecinos, si es posible toda la&#8230;<\/p>\n","protected":false},"author":482,"featured_media":65709,"comment_status":"open","ping_status":"open","sticky":false,"template":"","format":"standard","meta":{"advanced_seo_description":"","jetpack_seo_html_title":"","jetpack_seo_noindex":false,"_jetpack_memberships_contains_paid_content":false,"footnotes":""},"categories":[15],"tags":[],"class_list":["post-65708","post","type-post","status-publish","format-standard","has-post-thumbnail","hentry","category-comunidad"],"jetpack_featured_media_url":"https:\/\/i0.wp.com\/eltrabajo.cl\/portal\/wp-content\/uploads\/2016\/01\/ceremonia-durante-la-firma-del-convenio-2.jpg?fit=530%2C350&ssl=1","jetpack_sharing_enabled":true,"jetpack_likes_enabled":true,"jetpack-related-posts":[],"_links":{"self":[{"href":"https:\/\/eltrabajo.cl\/portal\/wp-json\/wp\/v2\/posts\/65708","targetHints":{"allow":["GET"]}}],"collection":[{"href":"https:\/\/eltrabajo.cl\/portal\/wp-json\/wp\/v2\/posts"}],"about":[{"href":"https:\/\/eltrabajo.cl\/portal\/wp-json\/wp\/v2\/types\/post"}],"author":[{"embeddable":true,"href":"https:\/\/eltrabajo.cl\/portal\/wp-json\/wp\/v2\/users\/482"}],"replies":[{"embeddable":true,"href":"https:\/\/eltrabajo.cl\/portal\/wp-json\/wp\/v2\/comments?post=65708"}],"version-history":[{"count":0,"href":"https:\/\/eltrabajo.cl\/portal\/wp-json\/wp\/v2\/posts\/65708\/revisions"}],"wp:featuredmedia":[{"embeddable":true,"href":"https:\/\/eltrabajo.cl\/portal\/wp-json\/wp\/v2\/media\/65709"}],"wp:attachment":[{"href":"https:\/\/eltrabajo.cl\/portal\/wp-json\/wp\/v2\/media?parent=65708"}],"wp:term":[{"taxonomy":"category","embeddable":true,"href":"https:\/\/eltrabajo.cl\/portal\/wp-json\/wp\/v2\/categories?post=65708"},{"taxonomy":"post_tag","embeddable":true,"href":"https:\/\/eltrabajo.cl\/portal\/wp-json\/wp\/v2\/tags?post=65708"}],"curies":[{"name":"wp","href":"https:\/\/api.w.org\/{rel}","templated":true}]}}