{"id":65712,"date":"2016-01-13T14:16:00","date_gmt":"2016-01-13T17:16:00","guid":{"rendered":"http:\/\/www.eltrabajo.cl\/portal\/?p=65712"},"modified":"2016-01-13T14:16:00","modified_gmt":"2016-01-13T17:16:00","slug":"desarrollan-2o-encuentro-interregional-de-unidades-caninas-de-busqueda-y-rescate-en-san-esteban","status":"publish","type":"post","link":"https:\/\/eltrabajo.cl\/portal\/desarrollan-2o-encuentro-interregional-de-unidades-caninas-de-busqueda-y-rescate-en-san-esteban\/","title":{"rendered":"Desarrollan 2\u00ba encuentro interregional de Unidades Caninas de B\u00fasqueda y Rescate en San Esteban"},"content":{"rendered":"<figure id=\"attachment_65713\" aria-describedby=\"caption-attachment-65713\" style=\"width: 300px\" class=\"wp-caption alignleft\"><img data-recalc-dims=\"1\" loading=\"lazy\" decoding=\"async\" class=\"wp-image-65713 size-medium\" src=\"https:\/\/i0.wp.com\/www.eltrabajo.cl\/portal\/wp-content\/uploads\/2016\/01\/Unidad-canina-de-Rescate-300x198.jpg?resize=300%2C198\" alt=\"En el encuentro se destac\u00f3 el d\u00e9ficit que existe de perros adiestrados para la b\u00fasqueda.\" width=\"300\" height=\"198\" srcset=\"https:\/\/i0.wp.com\/eltrabajo.cl\/portal\/wp-content\/uploads\/2016\/01\/Unidad-canina-de-Rescate.jpg?resize=300%2C198&amp;ssl=1 300w, https:\/\/i0.wp.com\/eltrabajo.cl\/portal\/wp-content\/uploads\/2016\/01\/Unidad-canina-de-Rescate.jpg?resize=200%2C132&amp;ssl=1 200w, https:\/\/i0.wp.com\/eltrabajo.cl\/portal\/wp-content\/uploads\/2016\/01\/Unidad-canina-de-Rescate.jpg?resize=227%2C150&amp;ssl=1 227w, https:\/\/i0.wp.com\/eltrabajo.cl\/portal\/wp-content\/uploads\/2016\/01\/Unidad-canina-de-Rescate.jpg?resize=400%2C264&amp;ssl=1 400w, https:\/\/i0.wp.com\/eltrabajo.cl\/portal\/wp-content\/uploads\/2016\/01\/Unidad-canina-de-Rescate.jpg?w=530&amp;ssl=1 530w\" sizes=\"auto, (max-width: 300px) 100vw, 300px\" \/><figcaption id=\"caption-attachment-65713\" class=\"wp-caption-text\">En el encuentro se destac\u00f3 el d\u00e9ficit que existe de perros adiestrados para la b\u00fasqueda.<\/figcaption><\/figure>\n<p><strong>SAN ESTEBAN<\/strong>.- En la casona del Parque La Ermita de la comuna de San Esteban se desarroll\u00f3 el segundo encuentro interregional de Unidades Caninas de B\u00fasqueda y Rescate, actividad organizada por la UCBR de Los Andes.<br \/>\nEl director de operaciones de la Unidad Canina UCBR, Jaime Arrieta Ahumada, destac\u00f3 la participaci\u00f3n de un importante n\u00famero de equipos de rescate que operan tanto en ciudades del norte como de la zona central del pa\u00eds.<br \/>\nArrieta indic\u00f3 que en esta oportunidad se realiz\u00f3 un trabajo de intercambio de experiencias y unificaci\u00f3n de criterios en labores de terreno, toda vez que cuando deben acudir a alguna emergencia hay varios grupos operando al mismo tiempo y es por ello que resulta muy importante establecer coordinaciones sobre la base de la especialidad con que cuenta cada grupo.<br \/>\nComent\u00f3 que en el caso de la unidad andina se ha especializado en el rescate de personas vivas, llevando adelante cerca de quince intervenciones de b\u00fasqueda en diferentes lugares del pa\u00eds.<br \/>\nA\u00f1adi\u00f3 que la unidad debe realizar un arduo trabajo de entrenamiento de los canes que se inicia cuando estos son cachorros y al cabo de dos a\u00f1os pueden realmente trabajar en labores de b\u00fasqueda y rescate.<br \/>\nEl director indic\u00f3 que actualmente no cuentan con ning\u00fan tipo de financiamiento externo, toda vez que no dependen del Cuerpo de Bomberos de Los Andes y por ello consider\u00f3 importante poder obtener recursos de la empresa privada, toda vez que la UCBR andina no solo presta apoyo en nuestra provincia, sino que tambi\u00e9n en otros puntos del pa\u00eds.<br \/>\nPor su parte, el coordinador de la ONG K9 de Creixells con base en Antofagasta, Reinaldo Rivera, afirm\u00f3 que este tipo de encuentros ayudan a estrechar lazos y a la vez mejorar el trabajo que se desarrolla en terreno cuando confluyen las diversas unidades de b\u00fasqueda en una zona de cat\u00e1strofe.<br \/>\nRivera dijo que lamentablemente en Chile existe un d\u00e9ficit de perros adiestrados para b\u00fasqueda y por esta raz\u00f3n es muy importante este tipo de encuentros donde se mejora la metodolog\u00eda de trabajo e intercambian experiencias que pueden resultar muy importantes a la hora de enfrentar un evento de b\u00fasqueda.<br \/>\nRecord\u00f3 que en nuestro pa\u00eds existe poco apoyo a estas instituciones y por eso es importante estar preparados mediante este tipo de jornadas de trabajo, \u201c ya que todos se acuerdan de nosotros cuando sucede un evento o cat\u00e1strofe natural\u201d.<\/p>\n","protected":false},"excerpt":{"rendered":"<p>SAN ESTEBAN.- En la casona del Parque La Ermita de la comuna de San Esteban se desarroll\u00f3 el segundo encuentro interregional de Unidades Caninas de B\u00fasqueda y Rescate, actividad organizada por la&#8230;<\/p>\n","protected":false},"author":482,"featured_media":65713,"comment_status":"open","ping_status":"open","sticky":false,"template":"","format":"standard","meta":{"advanced_seo_description":"","jetpack_seo_html_title":"","jetpack_seo_noindex":false,"_jetpack_memberships_contains_paid_content":false,"footnotes":""},"categories":[15],"tags":[],"class_list":["post-65712","post","type-post","status-publish","format-standard","has-post-thumbnail","hentry","category-comunidad"],"jetpack_featured_media_url":"https:\/\/i0.wp.com\/eltrabajo.cl\/portal\/wp-content\/uploads\/2016\/01\/Unidad-canina-de-Rescate.jpg?fit=530%2C350&ssl=1","jetpack_sharing_enabled":true,"jetpack_likes_enabled":true,"jetpack-related-posts":[],"_links":{"self":[{"href":"https:\/\/eltrabajo.cl\/portal\/wp-json\/wp\/v2\/posts\/65712","targetHints":{"allow":["GET"]}}],"collection":[{"href":"https:\/\/eltrabajo.cl\/portal\/wp-json\/wp\/v2\/posts"}],"about":[{"href":"https:\/\/eltrabajo.cl\/portal\/wp-json\/wp\/v2\/types\/post"}],"author":[{"embeddable":true,"href":"https:\/\/eltrabajo.cl\/portal\/wp-json\/wp\/v2\/users\/482"}],"replies":[{"embeddable":true,"href":"https:\/\/eltrabajo.cl\/portal\/wp-json\/wp\/v2\/comments?post=65712"}],"version-history":[{"count":0,"href":"https:\/\/eltrabajo.cl\/portal\/wp-json\/wp\/v2\/posts\/65712\/revisions"}],"wp:featuredmedia":[{"embeddable":true,"href":"https:\/\/eltrabajo.cl\/portal\/wp-json\/wp\/v2\/media\/65713"}],"wp:attachment":[{"href":"https:\/\/eltrabajo.cl\/portal\/wp-json\/wp\/v2\/media?parent=65712"}],"wp:term":[{"taxonomy":"category","embeddable":true,"href":"https:\/\/eltrabajo.cl\/portal\/wp-json\/wp\/v2\/categories?post=65712"},{"taxonomy":"post_tag","embeddable":true,"href":"https:\/\/eltrabajo.cl\/portal\/wp-json\/wp\/v2\/tags?post=65712"}],"curies":[{"name":"wp","href":"https:\/\/api.w.org\/{rel}","templated":true}]}}