{"id":65715,"date":"2016-01-13T14:20:18","date_gmt":"2016-01-13T17:20:18","guid":{"rendered":"http:\/\/www.eltrabajo.cl\/portal\/?p=65715"},"modified":"2016-01-13T14:20:18","modified_gmt":"2016-01-13T17:20:18","slug":"el-prat-se-corono-campeon-invicto-del-torneo-campioni-di-domani-2016","status":"publish","type":"post","link":"https:\/\/eltrabajo.cl\/portal\/el-prat-se-corono-campeon-invicto-del-torneo-campioni-di-domani-2016\/","title":{"rendered":"El Prat se coron\u00f3 campe\u00f3n invicto del torneo Campioni di Domani 2016"},"content":{"rendered":"<figure id=\"attachment_65716\" aria-describedby=\"caption-attachment-65716\" style=\"width: 300px\" class=\"wp-caption alignleft\"><img data-recalc-dims=\"1\" loading=\"lazy\" decoding=\"async\" class=\"wp-image-65716 size-medium\" src=\"https:\/\/i0.wp.com\/www.eltrabajo.cl\/portal\/wp-content\/uploads\/2016\/01\/club-prat-campeon-domani-2016-300x198.jpg?resize=300%2C198\" alt=\"Los dirigidos de Galo Lara ganaron en forma invicta el  Campioni di Domani 2016, el torneo m\u00e1s importante del b\u00e1squetbol juvenil a nivel nacional.\" width=\"300\" height=\"198\" srcset=\"https:\/\/i0.wp.com\/eltrabajo.cl\/portal\/wp-content\/uploads\/2016\/01\/club-prat-campeon-domani-2016.jpg?resize=300%2C198&amp;ssl=1 300w, https:\/\/i0.wp.com\/eltrabajo.cl\/portal\/wp-content\/uploads\/2016\/01\/club-prat-campeon-domani-2016.jpg?resize=200%2C132&amp;ssl=1 200w, https:\/\/i0.wp.com\/eltrabajo.cl\/portal\/wp-content\/uploads\/2016\/01\/club-prat-campeon-domani-2016.jpg?resize=227%2C150&amp;ssl=1 227w, https:\/\/i0.wp.com\/eltrabajo.cl\/portal\/wp-content\/uploads\/2016\/01\/club-prat-campeon-domani-2016.jpg?resize=400%2C264&amp;ssl=1 400w, https:\/\/i0.wp.com\/eltrabajo.cl\/portal\/wp-content\/uploads\/2016\/01\/club-prat-campeon-domani-2016.jpg?w=530&amp;ssl=1 530w\" sizes=\"auto, (max-width: 300px) 100vw, 300px\" \/><figcaption id=\"caption-attachment-65716\" class=\"wp-caption-text\">Los dirigidos de Galo Lara ganaron en forma invicta el Campioni di Domani 2016, el torneo m\u00e1s importante del b\u00e1squetbol juvenil a nivel nacional.<\/figcaption><\/figure>\n<p>En una infartante final el Club Arturo Prat de San Felipe venci\u00f3 al Club Brisas por 62-61, coron\u00e1ndose como flamante campe\u00f3n en la cuadrag\u00e9sima tercera versi\u00f3n del torneo m\u00e1s importante del b\u00e1squetbol juvenil a nivel nacional: Campioni di Domani.<br \/>\nEn un duelo jugado a estadio lleno en el Gimnasio del Stadio Italiano la noche de este lunes, los dirigidos de Galo Lara se sumaron a la lista de ganadores de este reconocido torneo a nivel clubes del b\u00e1squetbol juvenil, y lo hicieron de manera invicta, luego de ganar los nueve partidos que disput\u00f3 en el certamen en que vieron acci\u00f3n durante diez d\u00eda seguidos entre la fase regular y la etapa de eliminaci\u00f3n directa.<br \/>\nLas mejores manos de los flamantes campeones fueron Francisco Araya y Patricio Arroyo con 14 puntos cada uno. Mientras que en Brisas, los 18 puntos y 14 rebotes aportados por Emiliano M\u00e1rquez ser\u00edan insuficientes para llevar a su equipo a un victoria hist\u00f3rica en el parquet it\u00e1lico.<br \/>\nDesde el arranque del choque, con cuatro puntos de Joaqu\u00edn Arcos, el cuadro de San Felipe comenz\u00f3 r\u00e1pidamente a tomar el control de la final. En esos primeros diez minutos los sanfelipe\u00f1os tuvieron a un inspirado Arroyo, anotando seis puntos, para apropiarse del parcial con autoridad por 14-10.<br \/>\nDurante el segundo periodo la rotaci\u00f3n efectiva de la banca sanfelipe\u00f1a, con nombres como Marcelo P\u00e9rez y Gustavo Araya, se vio reflejada en un expresivo 26-14 con el que lideraban el tr\u00e1mite del compromiso atravesando la mitad del cuarto. 18-11 se impondr\u00eda Arturo Prat en ese lapso para irse al descanso arriba por 32-21.<br \/>\nSin embargo, no bien comenzando el tercer cuarto, Brisas consigui\u00f3 rebajar la brecha de los dos d\u00edgitos con una racha de 7-2. Los de La Cisterna a esa altura estaban mejor asentados que durante el primer tiempo y eso se ve\u00eda expresado en que la ventaja de Arturo Prat se reduc\u00eda a 52-47 para el cuarto decisivo. A la labor de M\u00e1rquez se sumaban Juan Carrasco y Pablo Campa\u00f1a para ayudar a que Brisas ganar\u00e1 26-20 el parcial de mayor producci\u00f3n de ambos equipos.<br \/>\nEn el inicio del \u00faltimo cuarto, los cinco puntos de luz que ten\u00eda Arturo Prat se esfumaron en los dos minutos iniciales. Ah\u00ed se intercambiar\u00edan el liderazgo, pero al final los triples de Arroyo y Ramiro G\u00e1lvez, ser\u00edan la llave para que los de San Felipe sacaran una m\u00ednima ventaja que los llevar\u00eda a la gloria.<br \/>\n<strong>Daniel Arellano<\/strong><br \/>\neldeportero.cl. Fuente<br \/>\ny foto: Prensa Domani<\/p>\n","protected":false},"excerpt":{"rendered":"<p>En una infartante final el Club Arturo Prat de San Felipe venci\u00f3 al Club Brisas por 62-61, coron\u00e1ndose como flamante campe\u00f3n en la cuadrag\u00e9sima tercera versi\u00f3n del torneo m\u00e1s importante del b\u00e1squetbol&#8230;<\/p>\n","protected":false},"author":482,"featured_media":65716,"comment_status":"open","ping_status":"open","sticky":false,"template":"","format":"standard","meta":{"advanced_seo_description":"","jetpack_seo_html_title":"","jetpack_seo_noindex":false,"_jetpack_memberships_contains_paid_content":false,"footnotes":""},"categories":[15],"tags":[],"class_list":["post-65715","post","type-post","status-publish","format-standard","has-post-thumbnail","hentry","category-comunidad"],"jetpack_featured_media_url":"https:\/\/i0.wp.com\/eltrabajo.cl\/portal\/wp-content\/uploads\/2016\/01\/club-prat-campeon-domani-2016.jpg?fit=530%2C350&ssl=1","jetpack_sharing_enabled":true,"jetpack_likes_enabled":true,"jetpack-related-posts":[],"_links":{"self":[{"href":"https:\/\/eltrabajo.cl\/portal\/wp-json\/wp\/v2\/posts\/65715","targetHints":{"allow":["GET"]}}],"collection":[{"href":"https:\/\/eltrabajo.cl\/portal\/wp-json\/wp\/v2\/posts"}],"about":[{"href":"https:\/\/eltrabajo.cl\/portal\/wp-json\/wp\/v2\/types\/post"}],"author":[{"embeddable":true,"href":"https:\/\/eltrabajo.cl\/portal\/wp-json\/wp\/v2\/users\/482"}],"replies":[{"embeddable":true,"href":"https:\/\/eltrabajo.cl\/portal\/wp-json\/wp\/v2\/comments?post=65715"}],"version-history":[{"count":0,"href":"https:\/\/eltrabajo.cl\/portal\/wp-json\/wp\/v2\/posts\/65715\/revisions"}],"wp:featuredmedia":[{"embeddable":true,"href":"https:\/\/eltrabajo.cl\/portal\/wp-json\/wp\/v2\/media\/65716"}],"wp:attachment":[{"href":"https:\/\/eltrabajo.cl\/portal\/wp-json\/wp\/v2\/media?parent=65715"}],"wp:term":[{"taxonomy":"category","embeddable":true,"href":"https:\/\/eltrabajo.cl\/portal\/wp-json\/wp\/v2\/categories?post=65715"},{"taxonomy":"post_tag","embeddable":true,"href":"https:\/\/eltrabajo.cl\/portal\/wp-json\/wp\/v2\/tags?post=65715"}],"curies":[{"name":"wp","href":"https:\/\/api.w.org\/{rel}","templated":true}]}}