{"id":65722,"date":"2016-01-13T14:26:31","date_gmt":"2016-01-13T17:26:31","guid":{"rendered":"http:\/\/www.eltrabajo.cl\/portal\/?p=65722"},"modified":"2016-01-13T14:26:31","modified_gmt":"2016-01-13T17:26:31","slug":"abogado-hector-perez-la-empresa-minera-esta-amenazando-a-cualquiera-que-los-quiera-denunciar-en-tribunales","status":"publish","type":"post","link":"https:\/\/eltrabajo.cl\/portal\/abogado-hector-perez-la-empresa-minera-esta-amenazando-a-cualquiera-que-los-quiera-denunciar-en-tribunales\/","title":{"rendered":"Abogado H\u00e9ctor P\u00e9rez: \u201cLa empresa minera est\u00e1 amenazando a cualquiera que los quiera denunciar en tribunales\u201d"},"content":{"rendered":"<figure id=\"attachment_65723\" aria-describedby=\"caption-attachment-65723\" style=\"width: 300px\" class=\"wp-caption alignleft\"><img data-recalc-dims=\"1\" loading=\"lazy\" decoding=\"async\" class=\"wp-image-65723 size-medium\" src=\"https:\/\/i0.wp.com\/www.eltrabajo.cl\/portal\/wp-content\/uploads\/2016\/01\/Hector-Perez-300x197.jpg?resize=300%2C197\" alt=\"H\u00e9ctor P\u00e9rez, abogado representante de Luis Arancibia.\" width=\"300\" height=\"197\" srcset=\"https:\/\/i0.wp.com\/eltrabajo.cl\/portal\/wp-content\/uploads\/2016\/01\/Hector-Perez.jpg?resize=300%2C197&amp;ssl=1 300w, https:\/\/i0.wp.com\/eltrabajo.cl\/portal\/wp-content\/uploads\/2016\/01\/Hector-Perez.jpg?resize=200%2C131&amp;ssl=1 200w, https:\/\/i0.wp.com\/eltrabajo.cl\/portal\/wp-content\/uploads\/2016\/01\/Hector-Perez.jpg?resize=228%2C150&amp;ssl=1 228w, https:\/\/i0.wp.com\/eltrabajo.cl\/portal\/wp-content\/uploads\/2016\/01\/Hector-Perez.jpg?resize=400%2C263&amp;ssl=1 400w, https:\/\/i0.wp.com\/eltrabajo.cl\/portal\/wp-content\/uploads\/2016\/01\/Hector-Perez.jpg?w=530&amp;ssl=1 530w\" sizes=\"auto, (max-width: 300px) 100vw, 300px\" \/><figcaption id=\"caption-attachment-65723\" class=\"wp-caption-text\">H\u00e9ctor P\u00e9rez, abogado representante de Luis Arancibia.<\/figcaption><\/figure>\n<p><strong>PUTAENDO<\/strong>.- El abogado H\u00e9ctor P\u00e9rez, que en representaci\u00f3n del empresario Luis Arancibia present\u00f3 un recurso de protecci\u00f3n ante la Corte de Apelaciones de Valpara\u00edso contra la empresa Andes Cooper por los trabajos de prospecci\u00f3n que se est\u00e1n realizando al interior de Los Patos, calific\u00f3 abiertamente como una amenaza los dichos del abogado de la empresa en contra de cualquier ciudadano de la comuna que desee recurrir a los tribunales de justicia.<br \/>\nEl jurista dijo que luego de escuchar las declaraciones de su colega Gonzalo Delaveau en el programa Hablemos de Pol\u00edtica, trasmitido la noche del lunes por Radio Fm Vida, donde comunicaba que la Corte de Apelaciones hab\u00eda revocado la orden de no innovar presentada hace unas semanas y al tenor de las palabras del abogado, estas son una clara se\u00f1al de amenaza y advertencia a todos los vecinos de Putaendo que est\u00e9n pensando en iniciar cualquier acci\u00f3n judicial contra Andes Cooper.<br \/>\n\u201cMe parece extra\u00f1o que hoy traten de confundir a la opini\u00f3n p\u00fablica con el nombre del proyecto diciendo que no se pronuncia o escribe de tal manera, que ahora es Vizcachitas Holding cuando siempre ha sido la empresa canadiense la que ha hablado, pero esa es una estrategia que realizan las grandes empresas para proteger la marca y mostrar que son otras empresas las que llevan determinados proyectos. Ahora en sus palabras el colega denost\u00f3 nuestro recurso aseverando que est\u00e1 lleno de falsedades, mentiras y que la Ilustr\u00edsima Corte de Apelaciones se vio sorprendida, eso es una falta de respeto primero a la corte, y segundo a mi representado que fue el primer vecino que tuvo el coraje de presentar la primera acci\u00f3n judicial y que logr\u00f3 detener los trabajos, se deja claramente establecido en las palabras de la ahora compa\u00f1\u00eda Vizcachitas Holding que son un tipo de amenaza cuando dicen que han perdido dinero, que se les ha hecho un da\u00f1o econ\u00f3mico y corporativo y que se reservan el derecho de emprender acciones judiciales, eso es amedrentar a la comunidad y claramente en este caso a mi representado que ha estado solo en esta lucha sin el apoyo de ninguna autoridad de la comuna\u201d, indic\u00f3 H\u00e9ctor P\u00e9rez.<br \/>\nEl abogado agreg\u00f3 que desconocer c\u00f3mo la comunidad hoy est\u00e1 movilizada y que mayoritariamente rechaza la llegada de este proyecto minero como lo dej\u00f3 entrever el abogado de la compa\u00f1\u00eda, es una muestra de la arrogancia de ellos, m\u00e1s a\u00fan al se\u00f1alar en la entrevista en un tono desafiante que se ver\u00e1 si la comunidad estar\u00e1 toda en contra de dicho proyecto, indicando que \u00e9l dar\u00e1 la pelea en los tribunales cuando le toque defender su presentaci\u00f3n y demostrar lo presentado, confirmando que est\u00e1 confiado en salir airoso.<br \/>\nFinalmente el abogado H\u00e9ctor P\u00e9rez realiz\u00f3 un en\u00e9rgico llamado al alcalde de la comuna, a los concejales, a la Junta de Vigilancia del R\u00edo Putaendo, a ponerse de una vez por todas los pantalones con los vecinos de Putaendo que est\u00e1n por defender a la comuna ante la llegada de la gran miner\u00eda, asegurando que \u201choy mi representado \u00e9l est\u00e1 solo, porque ninguna autoridad comunal ni siquiera lo ha llamado para por \u00faltimo felicitarlo o animarlo. La empresa est\u00e1 preocupada, est\u00e1n defendi\u00e9ndose y no s\u00e9 para qu\u00e9 lado est\u00e1n algunas autoridades, pues se olvidan que don Luis Arancibia es un vecino m\u00e1s que llev\u00f3 esto hasta la justicia y de una vez por todas pido a las autoridades que digan algo, porque parece que si las cosas no las hacen ellos no sirven y eso es una se\u00f1al muy mala por parte de las autoridades y de la junta de vigilancia\u201d, fustig\u00f3.<br \/>\n<strong>Patricio Gallardo M.<\/strong><\/p>\n","protected":false},"excerpt":{"rendered":"<p>PUTAENDO.- El abogado H\u00e9ctor P\u00e9rez, que en representaci\u00f3n del empresario Luis Arancibia present\u00f3 un recurso de protecci\u00f3n ante la Corte de Apelaciones de Valpara\u00edso contra la empresa Andes Cooper por los trabajos&#8230;<\/p>\n","protected":false},"author":482,"featured_media":65723,"comment_status":"open","ping_status":"open","sticky":false,"template":"","format":"standard","meta":{"advanced_seo_description":"","jetpack_seo_html_title":"","jetpack_seo_noindex":false,"_jetpack_memberships_contains_paid_content":false,"footnotes":""},"categories":[15],"tags":[],"class_list":["post-65722","post","type-post","status-publish","format-standard","has-post-thumbnail","hentry","category-comunidad"],"jetpack_featured_media_url":"https:\/\/i0.wp.com\/eltrabajo.cl\/portal\/wp-content\/uploads\/2016\/01\/Hector-Perez.jpg?fit=530%2C348&ssl=1","jetpack_sharing_enabled":true,"jetpack_likes_enabled":true,"jetpack-related-posts":[],"_links":{"self":[{"href":"https:\/\/eltrabajo.cl\/portal\/wp-json\/wp\/v2\/posts\/65722","targetHints":{"allow":["GET"]}}],"collection":[{"href":"https:\/\/eltrabajo.cl\/portal\/wp-json\/wp\/v2\/posts"}],"about":[{"href":"https:\/\/eltrabajo.cl\/portal\/wp-json\/wp\/v2\/types\/post"}],"author":[{"embeddable":true,"href":"https:\/\/eltrabajo.cl\/portal\/wp-json\/wp\/v2\/users\/482"}],"replies":[{"embeddable":true,"href":"https:\/\/eltrabajo.cl\/portal\/wp-json\/wp\/v2\/comments?post=65722"}],"version-history":[{"count":0,"href":"https:\/\/eltrabajo.cl\/portal\/wp-json\/wp\/v2\/posts\/65722\/revisions"}],"wp:featuredmedia":[{"embeddable":true,"href":"https:\/\/eltrabajo.cl\/portal\/wp-json\/wp\/v2\/media\/65723"}],"wp:attachment":[{"href":"https:\/\/eltrabajo.cl\/portal\/wp-json\/wp\/v2\/media?parent=65722"}],"wp:term":[{"taxonomy":"category","embeddable":true,"href":"https:\/\/eltrabajo.cl\/portal\/wp-json\/wp\/v2\/categories?post=65722"},{"taxonomy":"post_tag","embeddable":true,"href":"https:\/\/eltrabajo.cl\/portal\/wp-json\/wp\/v2\/tags?post=65722"}],"curies":[{"name":"wp","href":"https:\/\/api.w.org\/{rel}","templated":true}]}}