{"id":65725,"date":"2016-01-13T14:27:53","date_gmt":"2016-01-13T17:27:53","guid":{"rendered":"http:\/\/www.eltrabajo.cl\/portal\/?p=65725"},"modified":"2016-01-13T14:27:53","modified_gmt":"2016-01-13T17:27:53","slug":"corte-de-apelaciones-levanta-prohibicion-para-que-minera-vizcachitas-continue-actividades-de-exploracion","status":"publish","type":"post","link":"https:\/\/eltrabajo.cl\/portal\/corte-de-apelaciones-levanta-prohibicion-para-que-minera-vizcachitas-continue-actividades-de-exploracion\/","title":{"rendered":"Corte de Apelaciones levanta prohibici\u00f3n para que Minera Vizcachitas contin\u00fae actividades de exploraci\u00f3n"},"content":{"rendered":"<figure id=\"attachment_65726\" aria-describedby=\"caption-attachment-65726\" style=\"width: 300px\" class=\"wp-caption alignleft\"><img data-recalc-dims=\"1\" loading=\"lazy\" decoding=\"async\" class=\"wp-image-65726 size-medium\" src=\"https:\/\/i0.wp.com\/www.eltrabajo.cl\/portal\/wp-content\/uploads\/2016\/01\/Gonzalo-Delavou-300x198.jpg?resize=300%2C198\" alt=\"Abogado Gonzalo Gonzalo Delaveau.\" width=\"300\" height=\"198\" srcset=\"https:\/\/i0.wp.com\/eltrabajo.cl\/portal\/wp-content\/uploads\/2016\/01\/Gonzalo-Delavou.jpg?resize=300%2C198&amp;ssl=1 300w, https:\/\/i0.wp.com\/eltrabajo.cl\/portal\/wp-content\/uploads\/2016\/01\/Gonzalo-Delavou.jpg?resize=200%2C132&amp;ssl=1 200w, https:\/\/i0.wp.com\/eltrabajo.cl\/portal\/wp-content\/uploads\/2016\/01\/Gonzalo-Delavou.jpg?resize=228%2C150&amp;ssl=1 228w, https:\/\/i0.wp.com\/eltrabajo.cl\/portal\/wp-content\/uploads\/2016\/01\/Gonzalo-Delavou.jpg?resize=400%2C263&amp;ssl=1 400w, https:\/\/i0.wp.com\/eltrabajo.cl\/portal\/wp-content\/uploads\/2016\/01\/Gonzalo-Delavou.jpg?w=530&amp;ssl=1 530w\" sizes=\"auto, (max-width: 300px) 100vw, 300px\" \/><figcaption id=\"caption-attachment-65726\" class=\"wp-caption-text\">Abogado Gonzalo Gonzalo Delaveau.<\/figcaption><\/figure>\n<p><strong>PUTAENDO<\/strong>.- Mediante un comunicado p\u00fablico, representantes de Andes Cooper respondieron a las declaraciones del abogado H\u00e9ctor P\u00e9rez en un medio de comunicaci\u00f3n durante el lunes.<br \/>\nCompa\u00f1\u00eda Minera Vizcachitas Holding desea informar a la comunidad de Putaendo que el d\u00eda 11 de enero la Ilustre Corte de Apelaciones de Valpara\u00edso acogi\u00f3 la solicitud de nuestra compa\u00f1\u00eda de dejar sin efecto la orden de no innovar decretada el d\u00eda 24 de diciembre pasado, en el recurso de protecci\u00f3n Rol: 5007-2015, interpuesto por el se\u00f1or Luis Hern\u00e1n Arancibia C\u00e1diz.<br \/>\nEsta importante resoluci\u00f3n deja de manifiesto que los hechos en que se fund\u00f3 la solicitud del demandante de paralizar las operaciones de sondaje desarrolladas por nuestra empresa, son falsos y carecen de todo fundamento jur\u00eddico. En efecto, estas operaciones de sondaje no se realizan sobre glaciares de roca, los que se encuentran a m\u00e1s de 3.500 metros de altura en circunstancias que nuestras faenas se ubican a aproximadamente 2.000 m.s.n.m. por lo que, definitivamente, no existen en la zona de exploraci\u00f3n minera del proyecto en cuesti\u00f3n. En segundo lugar no se trata de 600 sondajes como se ha insistido majaderamente sino que solo a 8 de un m\u00e1ximo de hasta 20 que la compa\u00f1\u00eda est\u00e1 autorizada a realizar. En tercer t\u00e9rmino, no existe desviaci\u00f3n alguna del curso del r\u00edo Roc\u00edn ni se ha extra\u00eddo agua de \u00e9ste.<br \/>\nFinalmente, queremos reiterar que cuando informemos en los pr\u00f3ximos d\u00edas sobre el fondo del recurso de protecci\u00f3n presentado, acreditaremos adecuadamente y de manera contundente que nuestras faenas de exploraci\u00f3n cuentan con todos los permisos sectoriales correspondientes y que, adem\u00e1s, se sujetan a los m\u00e1s altos est\u00e1ndares ambientales, t\u00e9cnicos y de seguridad. Por esta raz\u00f3n continuaremos con nuestra pol\u00edtica de total transparencia y di\u00e1logo, manteniendo informada a las autoridades y a la comunidad de cada una de nuestras actividades, pero tambi\u00e9n siendo enf\u00e1ticos en desmentir cada afirmaci\u00f3n falsa que se formule respecto a nuestra compa\u00f1\u00eda y proyecto, y que s\u00f3lo buscan confundir o desinformar a los ciudadanos y ciudadanas de Putaendo.<\/p>\n","protected":false},"excerpt":{"rendered":"<p>PUTAENDO.- Mediante un comunicado p\u00fablico, representantes de Andes Cooper respondieron a las declaraciones del abogado H\u00e9ctor P\u00e9rez en un medio de comunicaci\u00f3n durante el lunes. Compa\u00f1\u00eda Minera Vizcachitas Holding desea informar a&#8230;<\/p>\n","protected":false},"author":482,"featured_media":65726,"comment_status":"open","ping_status":"open","sticky":false,"template":"","format":"standard","meta":{"advanced_seo_description":"","jetpack_seo_html_title":"","jetpack_seo_noindex":false,"_jetpack_memberships_contains_paid_content":false,"footnotes":""},"categories":[1],"tags":[],"class_list":["post-65725","post","type-post","status-publish","format-standard","has-post-thumbnail","hentry","category-cronica"],"jetpack_featured_media_url":"https:\/\/i0.wp.com\/eltrabajo.cl\/portal\/wp-content\/uploads\/2016\/01\/Gonzalo-Delavou.jpg?fit=530%2C349&ssl=1","jetpack_sharing_enabled":true,"jetpack_likes_enabled":true,"jetpack-related-posts":[],"_links":{"self":[{"href":"https:\/\/eltrabajo.cl\/portal\/wp-json\/wp\/v2\/posts\/65725","targetHints":{"allow":["GET"]}}],"collection":[{"href":"https:\/\/eltrabajo.cl\/portal\/wp-json\/wp\/v2\/posts"}],"about":[{"href":"https:\/\/eltrabajo.cl\/portal\/wp-json\/wp\/v2\/types\/post"}],"author":[{"embeddable":true,"href":"https:\/\/eltrabajo.cl\/portal\/wp-json\/wp\/v2\/users\/482"}],"replies":[{"embeddable":true,"href":"https:\/\/eltrabajo.cl\/portal\/wp-json\/wp\/v2\/comments?post=65725"}],"version-history":[{"count":0,"href":"https:\/\/eltrabajo.cl\/portal\/wp-json\/wp\/v2\/posts\/65725\/revisions"}],"wp:featuredmedia":[{"embeddable":true,"href":"https:\/\/eltrabajo.cl\/portal\/wp-json\/wp\/v2\/media\/65726"}],"wp:attachment":[{"href":"https:\/\/eltrabajo.cl\/portal\/wp-json\/wp\/v2\/media?parent=65725"}],"wp:term":[{"taxonomy":"category","embeddable":true,"href":"https:\/\/eltrabajo.cl\/portal\/wp-json\/wp\/v2\/categories?post=65725"},{"taxonomy":"post_tag","embeddable":true,"href":"https:\/\/eltrabajo.cl\/portal\/wp-json\/wp\/v2\/tags?post=65725"}],"curies":[{"name":"wp","href":"https:\/\/api.w.org\/{rel}","templated":true}]}}