{"id":65728,"date":"2016-01-13T14:38:30","date_gmt":"2016-01-13T17:38:30","guid":{"rendered":"http:\/\/www.eltrabajo.cl\/portal\/?p=65728"},"modified":"2016-01-13T14:38:30","modified_gmt":"2016-01-13T17:38:30","slug":"comite-los-nogales-i-de-catemu-consigue-compra-de-terreno-luego-de-tres-anos-de-trabajo","status":"publish","type":"post","link":"https:\/\/eltrabajo.cl\/portal\/comite-los-nogales-i-de-catemu-consigue-compra-de-terreno-luego-de-tres-anos-de-trabajo\/","title":{"rendered":"Comit\u00e9 Los Nogales I de Catemu consigue compra de terreno luego de tres a\u00f1os de trabajo"},"content":{"rendered":"<figure id=\"attachment_65729\" aria-describedby=\"caption-attachment-65729\" style=\"width: 300px\" class=\"wp-caption alignleft\"><img data-recalc-dims=\"1\" loading=\"lazy\" decoding=\"async\" class=\"wp-image-65729 size-medium\" src=\"https:\/\/i0.wp.com\/www.eltrabajo.cl\/portal\/wp-content\/uploads\/2016\/01\/FOTO-1-GOBERNADOR-DE-SAN-FELIPE-EDUARDO-LEON-Y-AL-300x198.jpg?resize=300%2C198\" alt=\"Gobernador de San Felipe Eduardo Le\u00f3n y alcalde de Catemu Boris Lucsic, oficializaron compra de terreno para construcci\u00f3n de 54 viviendas en esa comuna.\" width=\"300\" height=\"198\" srcset=\"https:\/\/i0.wp.com\/eltrabajo.cl\/portal\/wp-content\/uploads\/2016\/01\/FOTO-1-GOBERNADOR-DE-SAN-FELIPE-EDUARDO-LEON-Y-AL.jpg?resize=300%2C198&amp;ssl=1 300w, https:\/\/i0.wp.com\/eltrabajo.cl\/portal\/wp-content\/uploads\/2016\/01\/FOTO-1-GOBERNADOR-DE-SAN-FELIPE-EDUARDO-LEON-Y-AL.jpg?resize=200%2C132&amp;ssl=1 200w, https:\/\/i0.wp.com\/eltrabajo.cl\/portal\/wp-content\/uploads\/2016\/01\/FOTO-1-GOBERNADOR-DE-SAN-FELIPE-EDUARDO-LEON-Y-AL.jpg?resize=227%2C150&amp;ssl=1 227w, https:\/\/i0.wp.com\/eltrabajo.cl\/portal\/wp-content\/uploads\/2016\/01\/FOTO-1-GOBERNADOR-DE-SAN-FELIPE-EDUARDO-LEON-Y-AL.jpg?resize=400%2C264&amp;ssl=1 400w, https:\/\/i0.wp.com\/eltrabajo.cl\/portal\/wp-content\/uploads\/2016\/01\/FOTO-1-GOBERNADOR-DE-SAN-FELIPE-EDUARDO-LEON-Y-AL.jpg?w=530&amp;ssl=1 530w\" sizes=\"auto, (max-width: 300px) 100vw, 300px\" \/><figcaption id=\"caption-attachment-65729\" class=\"wp-caption-text\">Gobernador de San Felipe Eduardo Le\u00f3n y alcalde de Catemu Boris Lucsic, oficializaron compra de terreno para construcci\u00f3n de 54 viviendas en esa comuna.<\/figcaption><\/figure>\n<ul>\n<li><strong>Familias lucharon incansablemente y contaron con el respaldo del municipio de Catemu para conseguir el lugar donde edificar\u00e1n sus viviendas.<\/strong><\/li>\n<\/ul>\n<p>Con un presupuesto de 131.700.000 pesos, la Subsecretar\u00eda de Desarrollo Comunal de la Regi\u00f3n de Valpara\u00edso, Subdere, junto a la gesti\u00f3n de la Municipalidad de Catemu, lograron la adquisici\u00f3n de un terreno para que 54 familias, pertenecientes al comit\u00e9 Los Nogales I, luego de tres a\u00f1os puedan cumplir con el anhelo de la casa propia.<br \/>\nEl sitio en donde se edificar\u00e1 el sue\u00f1o de estos cateminos est\u00e1 ubicado en el sector de El Arrayan, por detr\u00e1s del municipio y pertenec\u00eda a la familia Undurraga.<br \/>\nUna de las beneficiadas con este aporte, la presidenta de esta agrupaci\u00f3n habitacional, Natalia Gajardo Tapia, manifest\u00f3 su agradecimiento hacia las autoridades que permitieron dar este paso significativo en sus vidas y enfatiz\u00f3 que \u201ctodos nuestros socios est\u00e1n muy agradecidos con la noticia, muy felices. En lo personal quiero agradecer a nuestro alcalde, a nuestro municipio y a todas las personas que han estado presente con nosotros\u201d, puntualiz\u00f3.<br \/>\nAs\u00ed mismo, la \u2018se\u00f1ora Sole\u2019, como es conocida entre sus vecinos, afirm\u00f3 que este logro implicar\u00e1 un cambio significativo en la calidad de vida de las familias beneficiadas ya que, para llegar a esta instancia debieron pasar por un proceso largu\u00edsimo, el cual, fue encabezado por varias directivas, hasta que los actuales dirigentes, no exentos de dificultados lograron sacar el proyecto adelante.<br \/>\nPor su parte, Eduardo Past\u00e9n, Encargado Regional de la Subdere comunal, destac\u00f3 el hecho de que Catemu haya sido la \u00fanica comuna de la regi\u00f3n beneficiada con este tipo de recursos y asegur\u00f3 que \u201cel a\u00f1o 2015 la Subdere, aprob\u00f3 la compra de terrenos en La Cruz, Villa Alemana y Catemu, por lo tanto ac\u00e1 hay un compromiso cumplido de nuestro Gobierno, de la Presidenta Bachelet, en funci\u00f3n de cumplir los programas referidos a la construcci\u00f3n de viviendas dignas\u201d, expres\u00f3.<br \/>\nA su vez, Past\u00e9n valor\u00f3 la gesti\u00f3n realizada por la Municipalidad de Catemu, afirmando que \u201cac\u00e1 existe un liderazgo del alcalde de Catemu, quien junto a su concejo municipal logran realizar las conversaciones para sacar adelante este tipo de iniciativas\u201d, manifest\u00f3.<br \/>\nPor su parte, el edil catemino Boris Luksic, asever\u00f3 que este logro m\u00e1s all\u00e1 de concretar un sue\u00f1o, es premio al esfuerzo y dedicaci\u00f3n, valorando que \u201cestos vecinos tienen ya 3 a\u00f1os un subsidio en su mano, postularon al DS 49 que permit\u00eda hacerlo sin proyecto y sin terreno y l\u00f3gicamente iniciamos una mesa t\u00e9cnica con los vecinos el Serviu (Servicio de Vivienda y Urbanismo) y el Minvu (Ministerio de Vivienda) para concretar la compra de este terreno, proyecto que preparamos para la Subdere y que hoy hemos podido entregarle a nuestros vecinos\u201d, apunt\u00f3.<br \/>\nJunto con esto, Luksic agradeci\u00f3 a sus asesores y al concejo municipal porque siempre se mostraron dispuestos a aprobar de forma un\u00e1nime las diversas instancias y la realizaci\u00f3n de tasaciones para postular el proyecto. Adem\u00e1s, valor\u00f3 la gesti\u00f3n del Gobierno Provincial anunciando que \u201cestamos cumpliendo con una gran aspiraci\u00f3n de las familias, quienes incluso en alg\u00fan momento llegaron a dudar de la compra del terreno, porque es el \u00fanico que queda en la zona urbana de la comuna, pero con el apoyo del Gobernador, de la Subdere, se logr\u00f3 el objetivo\u201d, detall\u00f3.<br \/>\nEn relaci\u00f3n con las caracter\u00edsticas que tendr\u00e1n estas casas, Luksic afirm\u00f3 que ser\u00e1n catalogadas como viviendas sociales, pero que cumplir\u00e1n con los 52 mts2 como m\u00ednimo, que se establecen para considerarla como \u2018vivienda digna\u2019.<br \/>\nFinalmente, la m\u00e1xima autoridad comunal, mencion\u00f3 que en el mismo lugar donde se construir\u00e1n las casas de Los Nogales I, existen 4 o 5 lotes m\u00e1s, pertenecientes a la misma familia Undurraga y que podr\u00edan servir para la construcci\u00f3n de los comit\u00e9s Los Casta\u00f1os y Laguna del Inca, proyectos que en su momento tambi\u00e9n ser\u00e1n enviados a la Subdere.<br \/>\nPor \u00faltimo, el Gobernador de la Provincia de San Felipe, Eduardo Le\u00f3n, se mostr\u00f3 satisfecho al ver cumplido el sue\u00f1o de estas familias de la comuna de Catemu y expres\u00f3 que \u201ceste grupo de vecinas y vecinos llevaba mucho tiempo esperando, y el sistema del subsidio sin terreno hasta les provocaba angustia porque les costaba mucho concretar la compra del terreno. Afortunadamente, la compra del terreno ya es un hecho gracias al aporte de la Subdere. Para nuestro Gobierno la prioridad es la vivienda, una vivienda de calidad, as\u00ed que llamamos a los vecinos a seguir organizados, vivir en comunidad hoy en d\u00eda es importante, no s\u00f3lo estamos construyendo viviendas sino tambi\u00e9n barrios y en eso la participaci\u00f3n de cada uno es importante\u201d, remat\u00f3.<\/p>\n<div class=\"tiled-gallery type-rectangular tiled-gallery-unresized\" data-original-width=\"640\" data-carousel-extra='null' itemscope itemtype=\"http:\/\/schema.org\/ImageGallery\" > <div class=\"gallery-row\" style=\"width: 640px; height: 282px;\" data-original-width=\"640\" data-original-height=\"282\" > <div class=\"gallery-group images-1\" style=\"width: 427px; height: 282px;\" data-original-width=\"427\" data-original-height=\"282\" > <div class=\"tiled-gallery-item tiled-gallery-item-large\" itemprop=\"associatedMedia\" itemscope itemtype=\"http:\/\/schema.org\/ImageObject\"> <a href=\"https:\/\/eltrabajo.cl\/portal\/comite-los-nogales-i-de-catemu-consigue-compra-de-terreno-luego-de-tres-anos-de-trabajo\/foto-2-boris-luksic-alcalde-de-la-comuna-de-catemu-2\/\" border=\"0\" itemprop=\"url\"> <meta itemprop=\"width\" content=\"423\"> <meta itemprop=\"height\" content=\"278\"> <img decoding=\"async\" class=\"\" data-attachment-id=\"65730\" data-orig-file=\"https:\/\/eltrabajo.cl\/portal\/wp-content\/uploads\/2016\/01\/FOTO-2-BORIS-LUKSIC-ALCALDE-DE-LA-COMUNA-DE-CATEMU-2.jpg\" data-orig-size=\"530,348\" data-comments-opened=\"1\" data-image-meta=\"{&quot;aperture&quot;:&quot;0&quot;,&quot;credit&quot;:&quot;&quot;,&quot;camera&quot;:&quot;&quot;,&quot;caption&quot;:&quot;&quot;,&quot;created_timestamp&quot;:&quot;0&quot;,&quot;copyright&quot;:&quot;&quot;,&quot;focal_length&quot;:&quot;0&quot;,&quot;iso&quot;:&quot;0&quot;,&quot;shutter_speed&quot;:&quot;0&quot;,&quot;title&quot;:&quot;&quot;,&quot;orientation&quot;:&quot;0&quot;}\" data-image-title=\"FOTO 2 BORIS LUKSIC ALCALDE DE LA COMUNA DE CATEMU (2)\" data-image-description=\"&lt;p&gt;Boris Luksic, alcalde de la comuna de Catemu.&lt;\/p&gt; \" data-medium-file=\"https:\/\/i0.wp.com\/eltrabajo.cl\/portal\/wp-content\/uploads\/2016\/01\/FOTO-2-BORIS-LUKSIC-ALCALDE-DE-LA-COMUNA-DE-CATEMU-2.jpg?fit=300%2C197&#038;ssl=1\" data-large-file=\"https:\/\/i0.wp.com\/eltrabajo.cl\/portal\/wp-content\/uploads\/2016\/01\/FOTO-2-BORIS-LUKSIC-ALCALDE-DE-LA-COMUNA-DE-CATEMU-2.jpg?fit=530%2C348&#038;ssl=1\" src=\"https:\/\/i0.wp.com\/eltrabajo.cl\/portal\/wp-content\/uploads\/2016\/01\/FOTO-2-BORIS-LUKSIC-ALCALDE-DE-LA-COMUNA-DE-CATEMU-2.jpg?w=423&#038;h=278&#038;ssl=1\" srcset=\"https:\/\/i0.wp.com\/eltrabajo.cl\/portal\/wp-content\/uploads\/2016\/01\/FOTO-2-BORIS-LUKSIC-ALCALDE-DE-LA-COMUNA-DE-CATEMU-2.jpg?w=530&amp;ssl=1 530w, https:\/\/i0.wp.com\/eltrabajo.cl\/portal\/wp-content\/uploads\/2016\/01\/FOTO-2-BORIS-LUKSIC-ALCALDE-DE-LA-COMUNA-DE-CATEMU-2.jpg?resize=200%2C131&amp;ssl=1 200w, https:\/\/i0.wp.com\/eltrabajo.cl\/portal\/wp-content\/uploads\/2016\/01\/FOTO-2-BORIS-LUKSIC-ALCALDE-DE-LA-COMUNA-DE-CATEMU-2.jpg?resize=300%2C197&amp;ssl=1 300w, https:\/\/i0.wp.com\/eltrabajo.cl\/portal\/wp-content\/uploads\/2016\/01\/FOTO-2-BORIS-LUKSIC-ALCALDE-DE-LA-COMUNA-DE-CATEMU-2.jpg?resize=228%2C150&amp;ssl=1 228w, https:\/\/i0.wp.com\/eltrabajo.cl\/portal\/wp-content\/uploads\/2016\/01\/FOTO-2-BORIS-LUKSIC-ALCALDE-DE-LA-COMUNA-DE-CATEMU-2.jpg?resize=400%2C263&amp;ssl=1 400w\" width=\"423\" height=\"278\" loading=\"lazy\" data-original-width=\"423\" data-original-height=\"278\" itemprop=\"http:\/\/schema.org\/image\" title=\"FOTO 2 BORIS LUKSIC ALCALDE DE LA COMUNA DE CATEMU (2)\" alt=\"Boris Luksic, alcalde de la comuna de Catemu.\" style=\"width: 423px; height: 278px;\" \/> <\/a> <div class=\"tiled-gallery-caption\" itemprop=\"caption description\"> Boris Luksic, alcalde de la comuna de Catemu. <\/div> <\/div> <\/div> <!-- close group --> <div class=\"gallery-group images-2\" style=\"width: 213px; height: 282px;\" data-original-width=\"213\" data-original-height=\"282\" > <div class=\"tiled-gallery-item tiled-gallery-item-small\" itemprop=\"associatedMedia\" itemscope itemtype=\"http:\/\/schema.org\/ImageObject\"> <a href=\"https:\/\/eltrabajo.cl\/portal\/comite-los-nogales-i-de-catemu-consigue-compra-de-terreno-luego-de-tres-anos-de-trabajo\/foto-3-natalia-gajardo-tapia-presidenta-coimite-nogales-1-de-catemu\/\" border=\"0\" itemprop=\"url\"> <meta itemprop=\"width\" content=\"209\"> <meta itemprop=\"height\" content=\"137\"> <img decoding=\"async\" class=\"\" data-attachment-id=\"65731\" data-orig-file=\"https:\/\/eltrabajo.cl\/portal\/wp-content\/uploads\/2016\/01\/FOTO-3-Natalia-Gajardo-Tapia-Presidenta-Coimite-Nogales-1-de-Catemu.jpg\" data-orig-size=\"530,348\" data-comments-opened=\"1\" data-image-meta=\"{&quot;aperture&quot;:&quot;0&quot;,&quot;credit&quot;:&quot;&quot;,&quot;camera&quot;:&quot;&quot;,&quot;caption&quot;:&quot;&quot;,&quot;created_timestamp&quot;:&quot;0&quot;,&quot;copyright&quot;:&quot;&quot;,&quot;focal_length&quot;:&quot;0&quot;,&quot;iso&quot;:&quot;0&quot;,&quot;shutter_speed&quot;:&quot;0&quot;,&quot;title&quot;:&quot;&quot;,&quot;orientation&quot;:&quot;0&quot;}\" data-image-title=\"FOTO 3 Natalia Gajardo Tapia Presidenta Coimite Nogales 1 de Catemu\" data-image-description=\"&lt;p&gt;Natalia Gajardo Tapia, presidenta Coimit\u00e9 Nogales 1 de Catemu.&lt;\/p&gt; \" data-medium-file=\"https:\/\/i0.wp.com\/eltrabajo.cl\/portal\/wp-content\/uploads\/2016\/01\/FOTO-3-Natalia-Gajardo-Tapia-Presidenta-Coimite-Nogales-1-de-Catemu.jpg?fit=300%2C197&#038;ssl=1\" data-large-file=\"https:\/\/i0.wp.com\/eltrabajo.cl\/portal\/wp-content\/uploads\/2016\/01\/FOTO-3-Natalia-Gajardo-Tapia-Presidenta-Coimite-Nogales-1-de-Catemu.jpg?fit=530%2C348&#038;ssl=1\" src=\"https:\/\/i0.wp.com\/eltrabajo.cl\/portal\/wp-content\/uploads\/2016\/01\/FOTO-3-Natalia-Gajardo-Tapia-Presidenta-Coimite-Nogales-1-de-Catemu.jpg?w=209&#038;h=137&#038;ssl=1\" srcset=\"https:\/\/i0.wp.com\/eltrabajo.cl\/portal\/wp-content\/uploads\/2016\/01\/FOTO-3-Natalia-Gajardo-Tapia-Presidenta-Coimite-Nogales-1-de-Catemu.jpg?w=530&amp;ssl=1 530w, https:\/\/i0.wp.com\/eltrabajo.cl\/portal\/wp-content\/uploads\/2016\/01\/FOTO-3-Natalia-Gajardo-Tapia-Presidenta-Coimite-Nogales-1-de-Catemu.jpg?resize=200%2C131&amp;ssl=1 200w, https:\/\/i0.wp.com\/eltrabajo.cl\/portal\/wp-content\/uploads\/2016\/01\/FOTO-3-Natalia-Gajardo-Tapia-Presidenta-Coimite-Nogales-1-de-Catemu.jpg?resize=300%2C197&amp;ssl=1 300w, https:\/\/i0.wp.com\/eltrabajo.cl\/portal\/wp-content\/uploads\/2016\/01\/FOTO-3-Natalia-Gajardo-Tapia-Presidenta-Coimite-Nogales-1-de-Catemu.jpg?resize=228%2C150&amp;ssl=1 228w, https:\/\/i0.wp.com\/eltrabajo.cl\/portal\/wp-content\/uploads\/2016\/01\/FOTO-3-Natalia-Gajardo-Tapia-Presidenta-Coimite-Nogales-1-de-Catemu.jpg?resize=400%2C263&amp;ssl=1 400w\" width=\"209\" height=\"137\" loading=\"lazy\" data-original-width=\"209\" data-original-height=\"137\" itemprop=\"http:\/\/schema.org\/image\" title=\"FOTO 3 Natalia Gajardo Tapia Presidenta Coimite Nogales 1 de Catemu\" alt=\"Natalia Gajardo Tapia, presidenta Coimit\u00e9 Nogales 1 de Catemu.\" style=\"width: 209px; height: 137px;\" \/> <\/a> <div class=\"tiled-gallery-caption\" itemprop=\"caption description\"> Natalia Gajardo Tapia, presidenta Coimit\u00e9 Nogales 1 de Catemu. <\/div> <\/div> <div class=\"tiled-gallery-item tiled-gallery-item-small\" itemprop=\"associatedMedia\" itemscope itemtype=\"http:\/\/schema.org\/ImageObject\"> <a href=\"https:\/\/eltrabajo.cl\/portal\/comite-los-nogales-i-de-catemu-consigue-compra-de-terreno-luego-de-tres-anos-de-trabajo\/foto-4-eduardo-pasten-encargado-regional-de-la-subsecretaria-de-desarrollo-comunal\/\" border=\"0\" itemprop=\"url\"> <meta itemprop=\"width\" content=\"209\"> <meta itemprop=\"height\" content=\"137\"> <img decoding=\"async\" class=\"\" data-attachment-id=\"65732\" data-orig-file=\"https:\/\/eltrabajo.cl\/portal\/wp-content\/uploads\/2016\/01\/FOTO-4-Eduardo-Pasten-Encargado-regional-de-la-Subsecretaria-de-Desarrollo-Comunal.jpg\" data-orig-size=\"530,348\" data-comments-opened=\"1\" data-image-meta=\"{&quot;aperture&quot;:&quot;0&quot;,&quot;credit&quot;:&quot;&quot;,&quot;camera&quot;:&quot;&quot;,&quot;caption&quot;:&quot;&quot;,&quot;created_timestamp&quot;:&quot;0&quot;,&quot;copyright&quot;:&quot;&quot;,&quot;focal_length&quot;:&quot;0&quot;,&quot;iso&quot;:&quot;0&quot;,&quot;shutter_speed&quot;:&quot;0&quot;,&quot;title&quot;:&quot;&quot;,&quot;orientation&quot;:&quot;0&quot;}\" data-image-title=\"FOTO 4 Eduardo Pasten Encargado regional de la Subsecretaria de Desarrollo Comunal\" data-image-description=\"&lt;p&gt;Eduardo Past\u00e9n, encargado regional de la Subsecretar\u00eda de Desarrollo Comunal.&lt;\/p&gt; \" data-medium-file=\"https:\/\/i0.wp.com\/eltrabajo.cl\/portal\/wp-content\/uploads\/2016\/01\/FOTO-4-Eduardo-Pasten-Encargado-regional-de-la-Subsecretaria-de-Desarrollo-Comunal.jpg?fit=300%2C197&#038;ssl=1\" data-large-file=\"https:\/\/i0.wp.com\/eltrabajo.cl\/portal\/wp-content\/uploads\/2016\/01\/FOTO-4-Eduardo-Pasten-Encargado-regional-de-la-Subsecretaria-de-Desarrollo-Comunal.jpg?fit=530%2C348&#038;ssl=1\" src=\"https:\/\/i0.wp.com\/eltrabajo.cl\/portal\/wp-content\/uploads\/2016\/01\/FOTO-4-Eduardo-Pasten-Encargado-regional-de-la-Subsecretaria-de-Desarrollo-Comunal.jpg?w=209&#038;h=137&#038;ssl=1\" srcset=\"https:\/\/i0.wp.com\/eltrabajo.cl\/portal\/wp-content\/uploads\/2016\/01\/FOTO-4-Eduardo-Pasten-Encargado-regional-de-la-Subsecretaria-de-Desarrollo-Comunal.jpg?w=530&amp;ssl=1 530w, https:\/\/i0.wp.com\/eltrabajo.cl\/portal\/wp-content\/uploads\/2016\/01\/FOTO-4-Eduardo-Pasten-Encargado-regional-de-la-Subsecretaria-de-Desarrollo-Comunal.jpg?resize=200%2C131&amp;ssl=1 200w, https:\/\/i0.wp.com\/eltrabajo.cl\/portal\/wp-content\/uploads\/2016\/01\/FOTO-4-Eduardo-Pasten-Encargado-regional-de-la-Subsecretaria-de-Desarrollo-Comunal.jpg?resize=300%2C197&amp;ssl=1 300w, https:\/\/i0.wp.com\/eltrabajo.cl\/portal\/wp-content\/uploads\/2016\/01\/FOTO-4-Eduardo-Pasten-Encargado-regional-de-la-Subsecretaria-de-Desarrollo-Comunal.jpg?resize=228%2C150&amp;ssl=1 228w, https:\/\/i0.wp.com\/eltrabajo.cl\/portal\/wp-content\/uploads\/2016\/01\/FOTO-4-Eduardo-Pasten-Encargado-regional-de-la-Subsecretaria-de-Desarrollo-Comunal.jpg?resize=400%2C263&amp;ssl=1 400w\" width=\"209\" height=\"137\" loading=\"lazy\" data-original-width=\"209\" data-original-height=\"137\" itemprop=\"http:\/\/schema.org\/image\" title=\"FOTO 4 Eduardo Pasten Encargado regional de la Subsecretaria de Desarrollo Comunal\" alt=\"Eduardo Past\u00e9n, encargado regional de la Subsecretar\u00eda de Desarrollo Comunal.\" style=\"width: 209px; height: 137px;\" \/> <\/a> <div class=\"tiled-gallery-caption\" itemprop=\"caption description\"> Eduardo Past\u00e9n, encargado regional de la Subsecretar\u00eda de Desarrollo Comunal. <\/div> <\/div> <\/div> <!-- close group --> <\/div> <!-- close row --> <\/div>\n","protected":false},"excerpt":{"rendered":"<p>Familias lucharon incansablemente y contaron con el respaldo del municipio de Catemu para conseguir el lugar donde edificar\u00e1n sus viviendas. Con un presupuesto de 131.700.000 pesos, la Subsecretar\u00eda de Desarrollo Comunal de&#8230;<\/p>\n","protected":false},"author":482,"featured_media":65729,"comment_status":"open","ping_status":"open","sticky":false,"template":"","format":"standard","meta":{"advanced_seo_description":"","jetpack_seo_html_title":"","jetpack_seo_noindex":false,"_jetpack_memberships_contains_paid_content":false,"footnotes":""},"categories":[1],"tags":[],"class_list":["post-65728","post","type-post","status-publish","format-standard","has-post-thumbnail","hentry","category-cronica"],"jetpack_featured_media_url":"https:\/\/i0.wp.com\/eltrabajo.cl\/portal\/wp-content\/uploads\/2016\/01\/FOTO-1-GOBERNADOR-DE-SAN-FELIPE-EDUARDO-LEON-Y-AL.jpg?fit=530%2C350&ssl=1","jetpack_sharing_enabled":true,"jetpack_likes_enabled":true,"jetpack-related-posts":[],"_links":{"self":[{"href":"https:\/\/eltrabajo.cl\/portal\/wp-json\/wp\/v2\/posts\/65728","targetHints":{"allow":["GET"]}}],"collection":[{"href":"https:\/\/eltrabajo.cl\/portal\/wp-json\/wp\/v2\/posts"}],"about":[{"href":"https:\/\/eltrabajo.cl\/portal\/wp-json\/wp\/v2\/types\/post"}],"author":[{"embeddable":true,"href":"https:\/\/eltrabajo.cl\/portal\/wp-json\/wp\/v2\/users\/482"}],"replies":[{"embeddable":true,"href":"https:\/\/eltrabajo.cl\/portal\/wp-json\/wp\/v2\/comments?post=65728"}],"version-history":[{"count":0,"href":"https:\/\/eltrabajo.cl\/portal\/wp-json\/wp\/v2\/posts\/65728\/revisions"}],"wp:featuredmedia":[{"embeddable":true,"href":"https:\/\/eltrabajo.cl\/portal\/wp-json\/wp\/v2\/media\/65729"}],"wp:attachment":[{"href":"https:\/\/eltrabajo.cl\/portal\/wp-json\/wp\/v2\/media?parent=65728"}],"wp:term":[{"taxonomy":"category","embeddable":true,"href":"https:\/\/eltrabajo.cl\/portal\/wp-json\/wp\/v2\/categories?post=65728"},{"taxonomy":"post_tag","embeddable":true,"href":"https:\/\/eltrabajo.cl\/portal\/wp-json\/wp\/v2\/tags?post=65728"}],"curies":[{"name":"wp","href":"https:\/\/api.w.org\/{rel}","templated":true}]}}