{"id":65734,"date":"2016-01-13T14:41:46","date_gmt":"2016-01-13T17:41:46","guid":{"rendered":"http:\/\/www.eltrabajo.cl\/portal\/?p=65734"},"modified":"2016-01-13T14:41:46","modified_gmt":"2016-01-13T17:41:46","slug":"funcionarios-del-hospital-san-francisco-insisten-en-la-remocion-de-la-directora-y-catalogan-como-irrevocable-esa-demanda","status":"publish","type":"post","link":"https:\/\/eltrabajo.cl\/portal\/funcionarios-del-hospital-san-francisco-insisten-en-la-remocion-de-la-directora-y-catalogan-como-irrevocable-esa-demanda\/","title":{"rendered":"Funcionarios del Hospital San Francisco insisten en la remoci\u00f3n de la directora y catalogan como \u2018irrevocable\u2019 esa demanda"},"content":{"rendered":"<figure id=\"attachment_65735\" aria-describedby=\"caption-attachment-65735\" style=\"width: 300px\" class=\"wp-caption alignleft\"><img data-recalc-dims=\"1\" loading=\"lazy\" decoding=\"async\" class=\"wp-image-65735 size-medium\" src=\"https:\/\/i0.wp.com\/www.eltrabajo.cl\/portal\/wp-content\/uploads\/2016\/01\/FOTO-1-Trabajadores-del-Hospital--300x197.jpg?resize=300%2C197\" alt=\"Trabajadores del Hospital San Francisco de Llay Llay junto a algunos vecinos y concejales de la comuna llegaron a entrevistarse con el Gobernador de San Felipe Eduardo Le\u00f3n.\" width=\"300\" height=\"197\" srcset=\"https:\/\/i0.wp.com\/eltrabajo.cl\/portal\/wp-content\/uploads\/2016\/01\/FOTO-1-Trabajadores-del-Hospital-.jpg?resize=300%2C197&amp;ssl=1 300w, https:\/\/i0.wp.com\/eltrabajo.cl\/portal\/wp-content\/uploads\/2016\/01\/FOTO-1-Trabajadores-del-Hospital-.jpg?resize=200%2C131&amp;ssl=1 200w, https:\/\/i0.wp.com\/eltrabajo.cl\/portal\/wp-content\/uploads\/2016\/01\/FOTO-1-Trabajadores-del-Hospital-.jpg?resize=228%2C150&amp;ssl=1 228w, https:\/\/i0.wp.com\/eltrabajo.cl\/portal\/wp-content\/uploads\/2016\/01\/FOTO-1-Trabajadores-del-Hospital-.jpg?resize=400%2C263&amp;ssl=1 400w, https:\/\/i0.wp.com\/eltrabajo.cl\/portal\/wp-content\/uploads\/2016\/01\/FOTO-1-Trabajadores-del-Hospital-.jpg?w=530&amp;ssl=1 530w\" sizes=\"auto, (max-width: 300px) 100vw, 300px\" \/><figcaption id=\"caption-attachment-65735\" class=\"wp-caption-text\">Trabajadores del Hospital San Francisco de Llay Llay junto a algunos vecinos y concejales de la comuna llegaron a entrevistarse con el Gobernador de San Felipe Eduardo Le\u00f3n.<\/figcaption><\/figure>\n<ul>\n<li><strong>Trabajadores del recinto hospitalario llaylla\u00edno llegaron junto a dirigentes vecinales y concejales a reunirse con el Gobernador Provincial para luego marchar hasta dependencias del Servicio de Salud Aconcagua, SSA<\/strong>.<\/li>\n<\/ul>\n<p>Una cincuentena de Llaylla\u00ednos; entre trabajadores del Hospital San Francisco, vecinos y concejales de la comuna; llegaron hasta la Gobernaci\u00f3n Provincial de San Felipe, con el objetivo de plantearle al gobernador Eduardo Le\u00f3n, la cr\u00edtica situaci\u00f3n que actualmente atraviesa este recinto hospitalario, hecho que llev\u00f3 a sus funcionarios a decretar un paro indefinido hasta que se remueva de su puesto a Gloria Leiva, directora del establecimiento.<br \/>\nCabe recordar que los funcionarios acusan a Leiva de ausencia de gesti\u00f3n para conseguir recursos que mejoren la atenci\u00f3n del Hospital. Ante la nula respuesta que ha entregado el Servicio de Salud Aconcagua, SSA, frente a esta realidad, los trabajadores decidieron llevar sus inquietudes a otro plano y de esta forma conseguir un pronunciamiento pol\u00edtico del tema.<br \/>\nFue as\u00ed como la m\u00e1xima autoridad provincial, escuch\u00f3 los argumentos entregados por los representantes del gremio de trabajadores y posteriormente sostuvo que \u201cellos nos han manifestado su inquietud respecto del estado de la salud p\u00fablica en Llay-Llay, nosotros nos hacemos cargo, inmediatamente vamos a formar una mesa de trabajo para estudiar los puntos, porque entendemos son puntos bien espec\u00edficos y la idea es buscar una soluci\u00f3n a esto\u201d, expres\u00f3.<br \/>\nAl mismo tiempo, Le\u00f3n record\u00f3 que la demanda que exigen los funcionarios para retomar sus labores no est\u00e1 en sus manos ya que \u201cla salida de la directora no es de nuestra competencia, se lo dije al dirigente claramente, es un sistema de alta direcci\u00f3n p\u00fablica, esa reuni\u00f3n debieran sostenerla con el Servicio de Salud. Nosotros en lo que s\u00ed podemos colaborar es ver c\u00f3mo avanzamos en las brechas que nos est\u00e1n manifestando, las vamos a estudiar, a darles prioridad y determinar cu\u00e1les tienen mayor encausamiento\u201d, enfatiz\u00f3.<br \/>\nEl coordinador de la multigremial del Hospital San Francisco de Llay-Llay, V\u00edctor Beltr\u00e1n, agradeci\u00f3 la buena disposici\u00f3n que mostr\u00f3 el Gobernador para conversar con la comunidad y se mostr\u00f3 satisfecho, pues asegur\u00f3 se cumpli\u00f3 uno de los objetivos que era conseguir la atenci\u00f3n de la autoridad ante la cr\u00edtica situaci\u00f3n por la que pasa el establecimiento donde trabajan.<br \/>\nEn torno al argumento entregado por Le\u00f3n, respecto de que es una situaci\u00f3n que debe zanjar la alta direcci\u00f3n p\u00fablica, Beltr\u00e1n recalc\u00f3 que \u201cla directora se gan\u00f3 su cargo el a\u00f1o 2003 y a partir de ah\u00ed ha tenido 2 renovaciones, esta es la segunda y la alta direcci\u00f3n p\u00fablica dice que en las renovaciones, la decisi\u00f3n de la revocaci\u00f3n o remisi\u00f3n es decisi\u00f3n de la directora del Servicio de Salud, porque es un cargo de confianza\u201d, expuso.<br \/>\nA partir de esto, Beltr\u00e1n agreg\u00f3 que \u201cnosotros solicitamos a la directora del SSA, la Dra. Vilma Olave, que escuche las demandas, que se haga cargo de lo que est\u00e1 ocurriendo con el hospital de Llay-Llay, lo que estamos solicitando son beneficios reales para mejorar la salud en la comuna y creemos que un nuevo liderazgo, una mejor gesti\u00f3n, beneficiar\u00e1 a toda la comunidad\u201d, decret\u00f3.<br \/>\nReferente a la imposibilidad que el Gobernador tiene de intervenir en la salida de la Directora Gloria Leiva, Beltr\u00e1n asegur\u00f3 que de todas formas las respuestas pol\u00edticas siempre generan un impacto y a partir de eso se puede sustentar el argumento de una mala gesti\u00f3n de la actual administraci\u00f3n y que \u201cesto no es un invento, ni un capricho de los trabajadores, sino un hecho de la causa\u201d, narr\u00f3 el dirigente.<br \/>\nTras la conversaci\u00f3n con el Gobernador, el grupo de llaylla\u00ednos se dirigi\u00f3 hasta las dependencias del Servicio de Saluda Aconcagua, donde fueron recibidos por parte del equipo de la Dra. Olave. All\u00ed, lograron fijar una reuni\u00f3n con la directora del SSA, en el mismo hospital San Francisco en horas de la tarde, en la cual, se supone, tambi\u00e9n participar\u00eda la principal implicada en esta problem\u00e1tica, la directora del recinto Gloria Leiva.<br \/>\nAl cierre de esta edici\u00f3n, a\u00fan no se ten\u00eda claridad respecto de los acuerdos establecidos en la cita, tampoco si Leiva ser\u00eda finalmente removida de puesto o si el movimiento se radicalizar\u00eda ante el supuesto respaldo que el SSA entregar\u00eda a la directora.<\/p>\n<div class=\"tiled-gallery type-rectangular tiled-gallery-unresized\" data-original-width=\"640\" data-carousel-extra='null' itemscope itemtype=\"http:\/\/schema.org\/ImageGallery\" > <div class=\"gallery-row\" style=\"width: 640px; height: 212px;\" data-original-width=\"640\" data-original-height=\"212\" > <div class=\"gallery-group images-1\" style=\"width: 320px; height: 212px;\" data-original-width=\"320\" data-original-height=\"212\" > <div class=\"tiled-gallery-item tiled-gallery-item-large\" itemprop=\"associatedMedia\" itemscope itemtype=\"http:\/\/schema.org\/ImageObject\"> <a href=\"https:\/\/eltrabajo.cl\/portal\/funcionarios-del-hospital-san-francisco-insisten-en-la-remocion-de-la-directora-y-catalogan-como-irrevocable-esa-demanda\/foto-2-una-cincuentena-de-llayl\/\" border=\"0\" itemprop=\"url\"> <meta itemprop=\"width\" content=\"316\"> <meta itemprop=\"height\" content=\"208\"> <img decoding=\"async\" class=\"\" data-attachment-id=\"65736\" data-orig-file=\"https:\/\/eltrabajo.cl\/portal\/wp-content\/uploads\/2016\/01\/FOTO-2-UNA-CINCUENTENA-DE-LLAYL.jpg\" data-orig-size=\"530,350\" data-comments-opened=\"1\" data-image-meta=\"{&quot;aperture&quot;:&quot;0&quot;,&quot;credit&quot;:&quot;&quot;,&quot;camera&quot;:&quot;&quot;,&quot;caption&quot;:&quot;&quot;,&quot;created_timestamp&quot;:&quot;0&quot;,&quot;copyright&quot;:&quot;&quot;,&quot;focal_length&quot;:&quot;0&quot;,&quot;iso&quot;:&quot;0&quot;,&quot;shutter_speed&quot;:&quot;0&quot;,&quot;title&quot;:&quot;&quot;,&quot;orientation&quot;:&quot;0&quot;}\" data-image-title=\"FOTO 2 UNA CINCUENTENA DE LLAYL\" data-image-description=\"&lt;p&gt;Una cincuentena de llaylla\u00ednos se presentaron en la plaza c\u00edvica y luego de plantear su inquietud al Gobernador Provincial se dirigieron al servicio de Salud Aconcagua para insistir en su demanda.&lt;\/p&gt; \" data-medium-file=\"https:\/\/i0.wp.com\/eltrabajo.cl\/portal\/wp-content\/uploads\/2016\/01\/FOTO-2-UNA-CINCUENTENA-DE-LLAYL.jpg?fit=300%2C198&#038;ssl=1\" data-large-file=\"https:\/\/i0.wp.com\/eltrabajo.cl\/portal\/wp-content\/uploads\/2016\/01\/FOTO-2-UNA-CINCUENTENA-DE-LLAYL.jpg?fit=530%2C350&#038;ssl=1\" src=\"https:\/\/i0.wp.com\/eltrabajo.cl\/portal\/wp-content\/uploads\/2016\/01\/FOTO-2-UNA-CINCUENTENA-DE-LLAYL.jpg?w=316&#038;h=208&#038;ssl=1\" srcset=\"https:\/\/i0.wp.com\/eltrabajo.cl\/portal\/wp-content\/uploads\/2016\/01\/FOTO-2-UNA-CINCUENTENA-DE-LLAYL.jpg?w=530&amp;ssl=1 530w, https:\/\/i0.wp.com\/eltrabajo.cl\/portal\/wp-content\/uploads\/2016\/01\/FOTO-2-UNA-CINCUENTENA-DE-LLAYL.jpg?resize=200%2C132&amp;ssl=1 200w, https:\/\/i0.wp.com\/eltrabajo.cl\/portal\/wp-content\/uploads\/2016\/01\/FOTO-2-UNA-CINCUENTENA-DE-LLAYL.jpg?resize=300%2C198&amp;ssl=1 300w, https:\/\/i0.wp.com\/eltrabajo.cl\/portal\/wp-content\/uploads\/2016\/01\/FOTO-2-UNA-CINCUENTENA-DE-LLAYL.jpg?resize=227%2C150&amp;ssl=1 227w, https:\/\/i0.wp.com\/eltrabajo.cl\/portal\/wp-content\/uploads\/2016\/01\/FOTO-2-UNA-CINCUENTENA-DE-LLAYL.jpg?resize=400%2C264&amp;ssl=1 400w\" width=\"316\" height=\"208\" loading=\"lazy\" data-original-width=\"316\" data-original-height=\"208\" itemprop=\"http:\/\/schema.org\/image\" title=\"FOTO 2 UNA CINCUENTENA DE LLAYL\" alt=\"Una cincuentena de llaylla\u00ednos se presentaron en la plaza c\u00edvica y luego de plantear su inquietud al Gobernador Provincial se dirigieron al servicio de Salud Aconcagua para insistir en su demanda.\" style=\"width: 316px; height: 208px;\" \/> <\/a> <div class=\"tiled-gallery-caption\" itemprop=\"caption description\"> Una cincuentena de llaylla\u00ednos se presentaron en la plaza c\u00edvica y luego de plantear su inquietud al Gobernador Provincial se dirigieron al servicio de Salud Aconcagua para insistir en su demanda. <\/div> <\/div> <\/div> <!-- close group --> <div class=\"gallery-group images-1\" style=\"width: 320px; height: 212px;\" data-original-width=\"320\" data-original-height=\"212\" > <div class=\"tiled-gallery-item tiled-gallery-item-large\" itemprop=\"associatedMedia\" itemscope itemtype=\"http:\/\/schema.org\/ImageObject\"> <a href=\"https:\/\/eltrabajo.cl\/portal\/funcionarios-del-hospital-san-francisco-insisten-en-la-remocion-de-la-directora-y-catalogan-como-irrevocable-esa-demanda\/foto-3-victor-beltran-coordinador-de-la-multigremial-del-hospital-san-francisco-de-llay-llay\/\" border=\"0\" itemprop=\"url\"> <meta itemprop=\"width\" content=\"316\"> <meta itemprop=\"height\" content=\"208\"> <img decoding=\"async\" class=\"\" data-attachment-id=\"65737\" data-orig-file=\"https:\/\/eltrabajo.cl\/portal\/wp-content\/uploads\/2016\/01\/FOTO-3-V\u00edctor-Beltran-Coordinador-de-la-multigremial-del-Hospital-San-Francisco-de-Llay-Llay.jpg\" data-orig-size=\"530,349\" data-comments-opened=\"1\" data-image-meta=\"{&quot;aperture&quot;:&quot;0&quot;,&quot;credit&quot;:&quot;&quot;,&quot;camera&quot;:&quot;&quot;,&quot;caption&quot;:&quot;&quot;,&quot;created_timestamp&quot;:&quot;0&quot;,&quot;copyright&quot;:&quot;&quot;,&quot;focal_length&quot;:&quot;0&quot;,&quot;iso&quot;:&quot;0&quot;,&quot;shutter_speed&quot;:&quot;0&quot;,&quot;title&quot;:&quot;&quot;,&quot;orientation&quot;:&quot;0&quot;}\" data-image-title=\"FOTO 3 V\u00edctor Beltran Coordinador de la multigremial del Hospital San Francisco de Llay Llay\" data-image-description=\"&lt;p&gt;V\u00edctor Beltr\u00e1n, Coordinador de la multigremial del Hospital San Francisco de Llay Llay.&lt;\/p&gt; \" data-medium-file=\"https:\/\/i0.wp.com\/eltrabajo.cl\/portal\/wp-content\/uploads\/2016\/01\/FOTO-3-V%C3%ADctor-Beltran-Coordinador-de-la-multigremial-del-Hospital-San-Francisco-de-Llay-Llay.jpg?fit=300%2C198&#038;ssl=1\" data-large-file=\"https:\/\/i0.wp.com\/eltrabajo.cl\/portal\/wp-content\/uploads\/2016\/01\/FOTO-3-V%C3%ADctor-Beltran-Coordinador-de-la-multigremial-del-Hospital-San-Francisco-de-Llay-Llay.jpg?fit=530%2C349&#038;ssl=1\" src=\"https:\/\/i0.wp.com\/eltrabajo.cl\/portal\/wp-content\/uploads\/2016\/01\/FOTO-3-V%C3%ADctor-Beltran-Coordinador-de-la-multigremial-del-Hospital-San-Francisco-de-Llay-Llay.jpg?w=316&#038;h=208&#038;ssl=1\" width=\"316\" height=\"208\" loading=\"lazy\" data-original-width=\"316\" data-original-height=\"208\" itemprop=\"http:\/\/schema.org\/image\" title=\"FOTO 3 V\u00edctor Beltran Coordinador de la multigremial del Hospital San Francisco de Llay Llay\" alt=\"V\u00edctor Beltr\u00e1n, Coordinador de la multigremial del Hospital San Francisco de Llay Llay.\" style=\"width: 316px; height: 208px;\" \/> <\/a> <div class=\"tiled-gallery-caption\" itemprop=\"caption description\"> V\u00edctor Beltr\u00e1n, Coordinador de la multigremial del Hospital San Francisco de Llay Llay. <\/div> <\/div> <\/div> <!-- close group --> <\/div> <!-- close row --> <\/div>\n","protected":false},"excerpt":{"rendered":"<p>Trabajadores del recinto hospitalario llaylla\u00edno llegaron junto a dirigentes vecinales y concejales a reunirse con el Gobernador Provincial para luego marchar hasta dependencias del Servicio de Salud Aconcagua, SSA. Una cincuentena de&#8230;<\/p>\n","protected":false},"author":482,"featured_media":65735,"comment_status":"open","ping_status":"open","sticky":false,"template":"","format":"standard","meta":{"advanced_seo_description":"","jetpack_seo_html_title":"","jetpack_seo_noindex":false,"_jetpack_memberships_contains_paid_content":false,"footnotes":""},"categories":[1],"tags":[],"class_list":["post-65734","post","type-post","status-publish","format-standard","has-post-thumbnail","hentry","category-cronica"],"jetpack_featured_media_url":"https:\/\/i0.wp.com\/eltrabajo.cl\/portal\/wp-content\/uploads\/2016\/01\/FOTO-1-Trabajadores-del-Hospital-.jpg?fit=530%2C348&ssl=1","jetpack_sharing_enabled":true,"jetpack_likes_enabled":true,"jetpack-related-posts":[],"_links":{"self":[{"href":"https:\/\/eltrabajo.cl\/portal\/wp-json\/wp\/v2\/posts\/65734","targetHints":{"allow":["GET"]}}],"collection":[{"href":"https:\/\/eltrabajo.cl\/portal\/wp-json\/wp\/v2\/posts"}],"about":[{"href":"https:\/\/eltrabajo.cl\/portal\/wp-json\/wp\/v2\/types\/post"}],"author":[{"embeddable":true,"href":"https:\/\/eltrabajo.cl\/portal\/wp-json\/wp\/v2\/users\/482"}],"replies":[{"embeddable":true,"href":"https:\/\/eltrabajo.cl\/portal\/wp-json\/wp\/v2\/comments?post=65734"}],"version-history":[{"count":0,"href":"https:\/\/eltrabajo.cl\/portal\/wp-json\/wp\/v2\/posts\/65734\/revisions"}],"wp:featuredmedia":[{"embeddable":true,"href":"https:\/\/eltrabajo.cl\/portal\/wp-json\/wp\/v2\/media\/65735"}],"wp:attachment":[{"href":"https:\/\/eltrabajo.cl\/portal\/wp-json\/wp\/v2\/media?parent=65734"}],"wp:term":[{"taxonomy":"category","embeddable":true,"href":"https:\/\/eltrabajo.cl\/portal\/wp-json\/wp\/v2\/categories?post=65734"},{"taxonomy":"post_tag","embeddable":true,"href":"https:\/\/eltrabajo.cl\/portal\/wp-json\/wp\/v2\/tags?post=65734"}],"curies":[{"name":"wp","href":"https:\/\/api.w.org\/{rel}","templated":true}]}}