{"id":65751,"date":"2016-01-13T14:56:41","date_gmt":"2016-01-13T17:56:41","guid":{"rendered":"http:\/\/www.eltrabajo.cl\/portal\/?p=65751"},"modified":"2016-01-13T14:56:41","modified_gmt":"2016-01-13T17:56:41","slug":"joven-muere-ahogado-al-ser-arrastrado-por-caudal-del-rio-aconcagua","status":"publish","type":"post","link":"https:\/\/eltrabajo.cl\/portal\/joven-muere-ahogado-al-ser-arrastrado-por-caudal-del-rio-aconcagua\/","title":{"rendered":"Joven muere ahogado al ser arrastrado por caudal del r\u00edo Aconcagua"},"content":{"rendered":"<p>&nbsp;<\/p>\n<figure id=\"attachment_65756\" aria-describedby=\"caption-attachment-65756\" style=\"width: 300px\" class=\"wp-caption alignleft\"><img data-recalc-dims=\"1\" loading=\"lazy\" decoding=\"async\" class=\"wp-image-65756 size-medium\" src=\"https:\/\/i0.wp.com\/www.eltrabajo.cl\/portal\/wp-content\/uploads\/2016\/01\/Michel-Rodr%C3%ADguez-Guerrero-joven-ahogado-300x198.jpg?resize=300%2C198\" alt=\"Carabineros y Bomberos trabajaron durante m\u00e1s de una hora para rescatar el cuerpo.\" width=\"300\" height=\"198\" srcset=\"https:\/\/i0.wp.com\/eltrabajo.cl\/portal\/wp-content\/uploads\/2016\/01\/Michel-Rodr%C3%ADguez-Guerrero-joven-ahogado.jpg?resize=300%2C198&amp;ssl=1 300w, https:\/\/i0.wp.com\/eltrabajo.cl\/portal\/wp-content\/uploads\/2016\/01\/Michel-Rodr%C3%ADguez-Guerrero-joven-ahogado.jpg?resize=200%2C132&amp;ssl=1 200w, https:\/\/i0.wp.com\/eltrabajo.cl\/portal\/wp-content\/uploads\/2016\/01\/Michel-Rodr%C3%ADguez-Guerrero-joven-ahogado.jpg?resize=227%2C150&amp;ssl=1 227w, https:\/\/i0.wp.com\/eltrabajo.cl\/portal\/wp-content\/uploads\/2016\/01\/Michel-Rodr%C3%ADguez-Guerrero-joven-ahogado.jpg?resize=400%2C264&amp;ssl=1 400w, https:\/\/i0.wp.com\/eltrabajo.cl\/portal\/wp-content\/uploads\/2016\/01\/Michel-Rodr%C3%ADguez-Guerrero-joven-ahogado.jpg?w=530&amp;ssl=1 530w\" sizes=\"auto, (max-width: 300px) 100vw, 300px\" \/><figcaption id=\"caption-attachment-65756\" class=\"wp-caption-text\">Carabineros y Bomberos trabajaron durante m\u00e1s de una hora para rescatar el cuerpo.<\/figcaption><\/figure>\n<ul>\n<li><strong>Intentaba cruzar el cauce cuando se lo llev\u00f3 la corriente, arrastr\u00e1ndolo unos dos kil\u00f3metros. Bomberos de las dos provincias junto a Carabineros realizaron intenso operativo para encontrar y luego rescatar el cuerpo que qued\u00f3 atrapado en un islote.<\/strong><\/li>\n<\/ul>\n<p><strong>LOS ANDES.<\/strong>&#8211; Un joven identificado como Michel Rodr\u00edguez Guerrero, de solo 19 a\u00f1os de edad, falleci\u00f3 tr\u00e1gicamente la tarde de ayer martes al ser arrastrado por las torrentosas aguas del r\u00edo Aconcagua, cuando junto a un grupo de amigos intentaba cruzar a nado el caudal.<br \/>\nEl hecho se registr\u00f3 alrededor de las 16:30 horas, cuando un grupo de cuatro j\u00f3venes cruzaron a nado de sur a norte el r\u00edo, a la altura del callej\u00f3n El Laberinto, frente a la villa Portal Arunco.<br \/>\nPosteriormente, en el cruce de regreso, uno de ellos fue arrastrado por el fuerte caudal del r\u00edo, mientras que los otros tres j\u00f3venes intentaron rescatarlo y al no obtener resultados se comunicaron con Carabineros dando cuenta de la situaci\u00f3n, ante lo cual se activ\u00f3 un intenso operativo de rescate donde participaron bomberos de Los Andes, San Esteban, Santa Mar\u00eda y San Felipe.<br \/>\nDe acuerdo a la informaci\u00f3n entregada por el Comisario de Carabineros de Los Andes, Mayor Edgardo Egli, \u00ablos j\u00f3venes que lo acompa\u00f1aban intentaron rescatarlo, pero la fuerza del caudal lo arrastra y tuvieron que lamentablemente dejarlo ir\u00bb, indic\u00f3.<br \/>\nEl Comisario se\u00f1al\u00f3 que el cuerpo del joven fue encontrado dos kil\u00f3metros m\u00e1s hacia el poniente de donde trat\u00f3 de cruzar a nado el torrente, en la ribera sur, frente al kil\u00f3metro 42 de la autopista Los Andes.<br \/>\nAgreg\u00f3 que la v\u00edctima fatal tiene residencia cerca del mismo sector donde cruzaron el r\u00edo y advirti\u00f3 que es peligroso cruzar a nado en el r\u00edo en esta \u00e9poca del a\u00f1o, tanto por el volumen como por la fuerza que trae el caudal.<br \/>\nRespecto de los otros j\u00f3venes que acompa\u00f1aban a la v\u00edctima, dijo que se encuentran en buenas condiciones.<br \/>\nPersonal de Bomberos y Carabineros trabaj\u00f3 por casi una hora en la recuperaci\u00f3n del cuerpo del malogrado joven, quien tiene domicilio en Los Andes.<br \/>\nEl Teniente 2\u00ba de Bomberos de San Esteban, Nicol\u00e1s Sotelo, sostuvo que tuvieron que realizar un arduo trabajo junto con bomberos de San Felipe y Los Andes para poder sacar el cuerpo, \u00abpero afortunadamente se dieron las condiciones para poder sacar a la v\u00edctima\u00bb.<br \/>\nUna vez rescatado el cuerpo, concurrieron al lugar detectives de la Brigada de Homicidios de la PDI de Los Andes, a fin de realizar las primeras pericias para establecer la causa de su deceso.<br \/>\n<strong>Fotos Roberto Gonz\u00e1lez<\/strong><\/p>\n<div class=\"tiled-gallery type-rectangular tiled-gallery-unresized\" data-original-width=\"640\" data-carousel-extra='null' itemscope itemtype=\"http:\/\/schema.org\/ImageGallery\" > <div class=\"gallery-row\" style=\"width: 640px; height: 212px;\" data-original-width=\"640\" data-original-height=\"212\" > <div class=\"gallery-group images-1\" style=\"width: 320px; height: 212px;\" data-original-width=\"320\" data-original-height=\"212\" > <div class=\"tiled-gallery-item tiled-gallery-item-large\" itemprop=\"associatedMedia\" itemscope itemtype=\"http:\/\/schema.org\/ImageObject\"> <a href=\"https:\/\/eltrabajo.cl\/portal\/joven-muere-ahogado-al-ser-arrastrado-por-caudal-del-rio-aconcagua\/michel-rodriguez-guerrero-joven-ahogado-familia-mira-2\/\" border=\"0\" itemprop=\"url\"> <meta itemprop=\"width\" content=\"316\"> <meta itemprop=\"height\" content=\"208\"> <img decoding=\"async\" class=\"\" data-attachment-id=\"65754\" data-orig-file=\"https:\/\/eltrabajo.cl\/portal\/wp-content\/uploads\/2016\/01\/Michel-Rodr\u00edguez-Guerrero-joven-ahogado-familia-mira-1.jpg\" data-orig-size=\"530,349\" data-comments-opened=\"1\" data-image-meta=\"{&quot;aperture&quot;:&quot;0&quot;,&quot;credit&quot;:&quot;&quot;,&quot;camera&quot;:&quot;&quot;,&quot;caption&quot;:&quot;&quot;,&quot;created_timestamp&quot;:&quot;0&quot;,&quot;copyright&quot;:&quot;&quot;,&quot;focal_length&quot;:&quot;0&quot;,&quot;iso&quot;:&quot;0&quot;,&quot;shutter_speed&quot;:&quot;0&quot;,&quot;title&quot;:&quot;&quot;,&quot;orientation&quot;:&quot;0&quot;}\" data-image-title=\"Michel Rodr\u00edguez Guerrero joven ahogado familia mira\" data-image-description=\"&lt;p&gt;Familiares y cercanos de la v\u00edctima observan angustiados las intensas labores de rescate.&lt;\/p&gt; \" data-medium-file=\"https:\/\/i0.wp.com\/eltrabajo.cl\/portal\/wp-content\/uploads\/2016\/01\/Michel-Rodr%C3%ADguez-Guerrero-joven-ahogado-familia-mira-1.jpg?fit=300%2C198&#038;ssl=1\" data-large-file=\"https:\/\/i0.wp.com\/eltrabajo.cl\/portal\/wp-content\/uploads\/2016\/01\/Michel-Rodr%C3%ADguez-Guerrero-joven-ahogado-familia-mira-1.jpg?fit=530%2C349&#038;ssl=1\" src=\"https:\/\/i0.wp.com\/eltrabajo.cl\/portal\/wp-content\/uploads\/2016\/01\/Michel-Rodr%C3%ADguez-Guerrero-joven-ahogado-familia-mira-1.jpg?w=316&#038;h=208&#038;ssl=1\" width=\"316\" height=\"208\" loading=\"lazy\" data-original-width=\"316\" data-original-height=\"208\" itemprop=\"http:\/\/schema.org\/image\" title=\"Michel Rodr\u00edguez Guerrero joven ahogado familia mira\" alt=\"Familiares y cercanos de la v\u00edctima observan angustiados las intensas labores de rescate.\" style=\"width: 316px; height: 208px;\" \/> <\/a> <div class=\"tiled-gallery-caption\" itemprop=\"caption description\"> Familiares y cercanos de la v\u00edctima observan angustiados las intensas labores de rescate. <\/div> <\/div> <\/div> <!-- close group --> <div class=\"gallery-group images-1\" style=\"width: 320px; height: 212px;\" data-original-width=\"320\" data-original-height=\"212\" > <div class=\"tiled-gallery-item tiled-gallery-item-large\" itemprop=\"associatedMedia\" itemscope itemtype=\"http:\/\/schema.org\/ImageObject\"> <a href=\"https:\/\/eltrabajo.cl\/portal\/joven-muere-ahogado-al-ser-arrastrado-por-caudal-del-rio-aconcagua\/juan-miranda-padre-joven-ahogado\/\" border=\"0\" itemprop=\"url\"> <meta itemprop=\"width\" content=\"316\"> <meta itemprop=\"height\" content=\"208\"> <img decoding=\"async\" class=\"\" data-attachment-id=\"65753\" data-orig-file=\"https:\/\/eltrabajo.cl\/portal\/wp-content\/uploads\/2016\/01\/Juan-Miranda-padre-joven-ahogado.jpg\" data-orig-size=\"530,350\" data-comments-opened=\"1\" data-image-meta=\"{&quot;aperture&quot;:&quot;0&quot;,&quot;credit&quot;:&quot;&quot;,&quot;camera&quot;:&quot;&quot;,&quot;caption&quot;:&quot;&quot;,&quot;created_timestamp&quot;:&quot;0&quot;,&quot;copyright&quot;:&quot;&quot;,&quot;focal_length&quot;:&quot;0&quot;,&quot;iso&quot;:&quot;0&quot;,&quot;shutter_speed&quot;:&quot;0&quot;,&quot;title&quot;:&quot;&quot;,&quot;orientation&quot;:&quot;0&quot;}\" data-image-title=\"Juan Miranda padre joven ahogado\" data-image-description=\"&lt;p&gt;Don Juan, padre de la v\u00edctima, lo describi\u00f3 como un joven sin vicios y uno de los mejores promedios 2015 del Liceo Am\u00e9rica de Los Andes.&lt;\/p&gt; \" data-medium-file=\"https:\/\/i0.wp.com\/eltrabajo.cl\/portal\/wp-content\/uploads\/2016\/01\/Juan-Miranda-padre-joven-ahogado.jpg?fit=300%2C198&#038;ssl=1\" data-large-file=\"https:\/\/i0.wp.com\/eltrabajo.cl\/portal\/wp-content\/uploads\/2016\/01\/Juan-Miranda-padre-joven-ahogado.jpg?fit=530%2C350&#038;ssl=1\" src=\"https:\/\/i0.wp.com\/eltrabajo.cl\/portal\/wp-content\/uploads\/2016\/01\/Juan-Miranda-padre-joven-ahogado.jpg?w=316&#038;h=208&#038;ssl=1\" srcset=\"https:\/\/i0.wp.com\/eltrabajo.cl\/portal\/wp-content\/uploads\/2016\/01\/Juan-Miranda-padre-joven-ahogado.jpg?w=530&amp;ssl=1 530w, https:\/\/i0.wp.com\/eltrabajo.cl\/portal\/wp-content\/uploads\/2016\/01\/Juan-Miranda-padre-joven-ahogado.jpg?resize=200%2C132&amp;ssl=1 200w, https:\/\/i0.wp.com\/eltrabajo.cl\/portal\/wp-content\/uploads\/2016\/01\/Juan-Miranda-padre-joven-ahogado.jpg?resize=300%2C198&amp;ssl=1 300w, https:\/\/i0.wp.com\/eltrabajo.cl\/portal\/wp-content\/uploads\/2016\/01\/Juan-Miranda-padre-joven-ahogado.jpg?resize=227%2C150&amp;ssl=1 227w, https:\/\/i0.wp.com\/eltrabajo.cl\/portal\/wp-content\/uploads\/2016\/01\/Juan-Miranda-padre-joven-ahogado.jpg?resize=400%2C264&amp;ssl=1 400w\" width=\"316\" height=\"208\" loading=\"lazy\" data-original-width=\"316\" data-original-height=\"208\" itemprop=\"http:\/\/schema.org\/image\" title=\"Juan Miranda padre joven ahogado\" alt=\"Don Juan, padre de la v\u00edctima, lo describi\u00f3 como un joven sin vicios y uno de los mejores promedios 2015 del Liceo Am\u00e9rica de Los Andes.\" style=\"width: 316px; height: 208px;\" \/> <\/a> <div class=\"tiled-gallery-caption\" itemprop=\"caption description\"> Don Juan, padre de la v\u00edctima, lo describi\u00f3 como un joven sin vicios y uno de los mejores promedios 2015 del Liceo Am\u00e9rica de Los Andes. <\/div> <\/div> <\/div> <!-- close group --> <\/div> <!-- close row --> <\/div>\n","protected":false},"excerpt":{"rendered":"<p>&nbsp; Intentaba cruzar el cauce cuando se lo llev\u00f3 la corriente, arrastr\u00e1ndolo unos dos kil\u00f3metros. Bomberos de las dos provincias junto a Carabineros realizaron intenso operativo para encontrar y luego rescatar el&#8230;<\/p>\n","protected":false},"author":482,"featured_media":65756,"comment_status":"open","ping_status":"open","sticky":false,"template":"","format":"standard","meta":{"advanced_seo_description":"","jetpack_seo_html_title":"","jetpack_seo_noindex":false,"_jetpack_memberships_contains_paid_content":false,"footnotes":""},"categories":[21],"tags":[],"class_list":["post-65751","post","type-post","status-publish","format-standard","has-post-thumbnail","hentry","category-policial"],"jetpack_featured_media_url":"https:\/\/i0.wp.com\/eltrabajo.cl\/portal\/wp-content\/uploads\/2016\/01\/Michel-Rodr%C3%ADguez-Guerrero-joven-ahogado.jpg?fit=530%2C350&ssl=1","jetpack_sharing_enabled":true,"jetpack_likes_enabled":true,"jetpack-related-posts":[],"_links":{"self":[{"href":"https:\/\/eltrabajo.cl\/portal\/wp-json\/wp\/v2\/posts\/65751","targetHints":{"allow":["GET"]}}],"collection":[{"href":"https:\/\/eltrabajo.cl\/portal\/wp-json\/wp\/v2\/posts"}],"about":[{"href":"https:\/\/eltrabajo.cl\/portal\/wp-json\/wp\/v2\/types\/post"}],"author":[{"embeddable":true,"href":"https:\/\/eltrabajo.cl\/portal\/wp-json\/wp\/v2\/users\/482"}],"replies":[{"embeddable":true,"href":"https:\/\/eltrabajo.cl\/portal\/wp-json\/wp\/v2\/comments?post=65751"}],"version-history":[{"count":0,"href":"https:\/\/eltrabajo.cl\/portal\/wp-json\/wp\/v2\/posts\/65751\/revisions"}],"wp:featuredmedia":[{"embeddable":true,"href":"https:\/\/eltrabajo.cl\/portal\/wp-json\/wp\/v2\/media\/65756"}],"wp:attachment":[{"href":"https:\/\/eltrabajo.cl\/portal\/wp-json\/wp\/v2\/media?parent=65751"}],"wp:term":[{"taxonomy":"category","embeddable":true,"href":"https:\/\/eltrabajo.cl\/portal\/wp-json\/wp\/v2\/categories?post=65751"},{"taxonomy":"post_tag","embeddable":true,"href":"https:\/\/eltrabajo.cl\/portal\/wp-json\/wp\/v2\/tags?post=65751"}],"curies":[{"name":"wp","href":"https:\/\/api.w.org\/{rel}","templated":true}]}}