{"id":65758,"date":"2016-01-14T14:21:55","date_gmt":"2016-01-14T17:21:55","guid":{"rendered":"http:\/\/www.eltrabajo.cl\/portal\/?p=65758"},"modified":"2016-01-14T14:21:55","modified_gmt":"2016-01-14T17:21:55","slug":"efectuan-reunion-con-comite-el-paraiso-de-la-villa-don-alfonso","status":"publish","type":"post","link":"https:\/\/eltrabajo.cl\/portal\/efectuan-reunion-con-comite-el-paraiso-de-la-villa-don-alfonso\/","title":{"rendered":"Efect\u00faan reuni\u00f3n con comit\u00e9 \u2018El Para\u00edso\u2019 de la villa Don Alfonso"},"content":{"rendered":"<figure id=\"attachment_65759\" aria-describedby=\"caption-attachment-65759\" style=\"width: 300px\" class=\"wp-caption alignleft\"><img data-recalc-dims=\"1\" loading=\"lazy\" decoding=\"async\" class=\"wp-image-65759 size-medium\" src=\"https:\/\/i0.wp.com\/www.eltrabajo.cl\/portal\/wp-content\/uploads\/2016\/01\/REUNION-VILLA-DON-ALFONSO-300x197.jpg?resize=300%2C197\" alt=\"El alcalde Boris Luksic realiz\u00f3 una reuni\u00f3n con los vecinos de villa Don Alfonso que conforman el comit\u00e9 de pavimentos participativos \u2018El Para\u00edso\u2019.\" width=\"300\" height=\"197\" srcset=\"https:\/\/i0.wp.com\/eltrabajo.cl\/portal\/wp-content\/uploads\/2016\/01\/REUNION-VILLA-DON-ALFONSO.jpg?resize=300%2C197&amp;ssl=1 300w, https:\/\/i0.wp.com\/eltrabajo.cl\/portal\/wp-content\/uploads\/2016\/01\/REUNION-VILLA-DON-ALFONSO.jpg?resize=200%2C131&amp;ssl=1 200w, https:\/\/i0.wp.com\/eltrabajo.cl\/portal\/wp-content\/uploads\/2016\/01\/REUNION-VILLA-DON-ALFONSO.jpg?resize=228%2C150&amp;ssl=1 228w, https:\/\/i0.wp.com\/eltrabajo.cl\/portal\/wp-content\/uploads\/2016\/01\/REUNION-VILLA-DON-ALFONSO.jpg?resize=400%2C263&amp;ssl=1 400w, https:\/\/i0.wp.com\/eltrabajo.cl\/portal\/wp-content\/uploads\/2016\/01\/REUNION-VILLA-DON-ALFONSO.jpg?w=530&amp;ssl=1 530w\" sizes=\"auto, (max-width: 300px) 100vw, 300px\" \/><figcaption id=\"caption-attachment-65759\" class=\"wp-caption-text\">El alcalde Boris Luksic realiz\u00f3 una reuni\u00f3n con los vecinos de villa Don Alfonso que conforman el comit\u00e9 de pavimentos participativos \u2018El Para\u00edso\u2019.<\/figcaption><\/figure>\n<p><strong>CATEMU.<\/strong>&#8211; Diversos temas se trataron en la reuni\u00f3n que sostuvo el alcalde Boris Luksic con los vecinos de la villa Don Alfonso que conforman el comit\u00e9 de pavimento participativo \u2018El Para\u00edso\u2019, el cual es parte del listado preliminar de proyectos seleccionados en el 25\u00b0 llamado.<br \/>\nDicho proyecto contempla la calle Andr\u00e9s Bello, los pasajes Pablo Neruda, Gabriela Mistral y Violeta Parra, que suman un costo total de 112 millones de pesos de inversi\u00f3n.<br \/>\nDel total de los recursos, el Municipio, en un esfuerzo extraordinario, realiz\u00f3 el doble del aporte correspondiente, para contribuir con la concreci\u00f3n del proyecto, tan anhelado por los vecinos del sector.<br \/>\nAdem\u00e1s el edil realiz\u00f3 las gestiones para que las familias pertenecientes a este comit\u00e9 no tuviesen que incurrir en el gasto de m\u00e1s de 5 millones de pesos, al ser declaradas familias muy vulnerables. De esta forma los vecinos solamente tuvieron que cancelar el costo del dise\u00f1o de la ingenier\u00eda, correspondiente a un 3% del total.<br \/>\nCon ansias los vecinos esperan el resultado definitivo de este llamado, el cual confirmar\u00e1 si su proyecto result\u00f3 beneficiado, respuesta definitiva que se dar\u00e1 a conocer el d\u00eda lunes 18 de enero.<br \/>\n\u201cEstamos especialmente contentos, este es un esfuerzo conjunto del comit\u00e9, del Municipio y del Minvu, que ha permitido llegar a buen t\u00e9rmino con estos proyectos. Esperamos que los vecinos de la villa Don Alfonso contin\u00faen organizados y que por supuesto consigan la aprobaci\u00f3n de este tan anhelado y significativo proyecto, que contribuye directamente en mejorar su calidad de vida\u201d, se\u00f1al\u00f3 el alcalde Boris Luksic.<\/p>\n","protected":false},"excerpt":{"rendered":"<p>CATEMU.&#8211; Diversos temas se trataron en la reuni\u00f3n que sostuvo el alcalde Boris Luksic con los vecinos de la villa Don Alfonso que conforman el comit\u00e9 de pavimento participativo \u2018El Para\u00edso\u2019, el&#8230;<\/p>\n","protected":false},"author":482,"featured_media":65759,"comment_status":"open","ping_status":"open","sticky":false,"template":"","format":"standard","meta":{"advanced_seo_description":"","jetpack_seo_html_title":"","jetpack_seo_noindex":false,"_jetpack_memberships_contains_paid_content":false,"footnotes":""},"categories":[1],"tags":[],"class_list":["post-65758","post","type-post","status-publish","format-standard","has-post-thumbnail","hentry","category-cronica"],"jetpack_featured_media_url":"https:\/\/i0.wp.com\/eltrabajo.cl\/portal\/wp-content\/uploads\/2016\/01\/REUNION-VILLA-DON-ALFONSO.jpg?fit=530%2C348&ssl=1","jetpack_sharing_enabled":true,"jetpack_likes_enabled":true,"jetpack-related-posts":[],"_links":{"self":[{"href":"https:\/\/eltrabajo.cl\/portal\/wp-json\/wp\/v2\/posts\/65758","targetHints":{"allow":["GET"]}}],"collection":[{"href":"https:\/\/eltrabajo.cl\/portal\/wp-json\/wp\/v2\/posts"}],"about":[{"href":"https:\/\/eltrabajo.cl\/portal\/wp-json\/wp\/v2\/types\/post"}],"author":[{"embeddable":true,"href":"https:\/\/eltrabajo.cl\/portal\/wp-json\/wp\/v2\/users\/482"}],"replies":[{"embeddable":true,"href":"https:\/\/eltrabajo.cl\/portal\/wp-json\/wp\/v2\/comments?post=65758"}],"version-history":[{"count":0,"href":"https:\/\/eltrabajo.cl\/portal\/wp-json\/wp\/v2\/posts\/65758\/revisions"}],"wp:featuredmedia":[{"embeddable":true,"href":"https:\/\/eltrabajo.cl\/portal\/wp-json\/wp\/v2\/media\/65759"}],"wp:attachment":[{"href":"https:\/\/eltrabajo.cl\/portal\/wp-json\/wp\/v2\/media?parent=65758"}],"wp:term":[{"taxonomy":"category","embeddable":true,"href":"https:\/\/eltrabajo.cl\/portal\/wp-json\/wp\/v2\/categories?post=65758"},{"taxonomy":"post_tag","embeddable":true,"href":"https:\/\/eltrabajo.cl\/portal\/wp-json\/wp\/v2\/tags?post=65758"}],"curies":[{"name":"wp","href":"https:\/\/api.w.org\/{rel}","templated":true}]}}