{"id":65761,"date":"2016-01-14T14:23:56","date_gmt":"2016-01-14T17:23:56","guid":{"rendered":"http:\/\/www.eltrabajo.cl\/portal\/?p=65761"},"modified":"2016-01-14T14:23:56","modified_gmt":"2016-01-14T17:23:56","slug":"con-una-eucaristia-entregan-nueva-capilla-en-poblacion-juan-pablo-ii","status":"publish","type":"post","link":"https:\/\/eltrabajo.cl\/portal\/con-una-eucaristia-entregan-nueva-capilla-en-poblacion-juan-pablo-ii\/","title":{"rendered":"Con una eucarist\u00eda entregan nueva capilla en poblaci\u00f3n Juan Pablo II"},"content":{"rendered":"<figure id=\"attachment_65762\" aria-describedby=\"caption-attachment-65762\" style=\"width: 300px\" class=\"wp-caption alignleft\"><img data-recalc-dims=\"1\" loading=\"lazy\" decoding=\"async\" class=\"wp-image-65762 size-medium\" src=\"https:\/\/i0.wp.com\/www.eltrabajo.cl\/portal\/wp-content\/uploads\/2016\/01\/Nueva-capilla-Pobl.-Juan-Pablo-1-300x198.jpg?resize=300%2C198\" alt=\"Vecinos de la poblaci\u00f3n Juan Pablo II participaron de una eucarist\u00eda donde recibieron su nueva capilla.\" width=\"300\" height=\"198\" srcset=\"https:\/\/i0.wp.com\/eltrabajo.cl\/portal\/wp-content\/uploads\/2016\/01\/Nueva-capilla-Pobl.-Juan-Pablo-1.jpg?resize=300%2C198&amp;ssl=1 300w, https:\/\/i0.wp.com\/eltrabajo.cl\/portal\/wp-content\/uploads\/2016\/01\/Nueva-capilla-Pobl.-Juan-Pablo-1.jpg?resize=200%2C132&amp;ssl=1 200w, https:\/\/i0.wp.com\/eltrabajo.cl\/portal\/wp-content\/uploads\/2016\/01\/Nueva-capilla-Pobl.-Juan-Pablo-1.jpg?resize=227%2C150&amp;ssl=1 227w, https:\/\/i0.wp.com\/eltrabajo.cl\/portal\/wp-content\/uploads\/2016\/01\/Nueva-capilla-Pobl.-Juan-Pablo-1.jpg?resize=400%2C264&amp;ssl=1 400w, https:\/\/i0.wp.com\/eltrabajo.cl\/portal\/wp-content\/uploads\/2016\/01\/Nueva-capilla-Pobl.-Juan-Pablo-1.jpg?w=530&amp;ssl=1 530w\" sizes=\"auto, (max-width: 300px) 100vw, 300px\" \/><figcaption id=\"caption-attachment-65762\" class=\"wp-caption-text\">Vecinos de la poblaci\u00f3n Juan Pablo II participaron de una eucarist\u00eda donde recibieron su nueva capilla.<\/figcaption><\/figure>\n<p>Un grupo de j\u00f3venes provenientes de la Pastoral UC materializaron esta obra que se construy\u00f3 gracias al proyecto \u2018Capilla Pa\u00eds\u2019, la cual fue construida en la poblaci\u00f3n Juan Pablo II.<br \/>\nEsta capilla tendr\u00e1 una capacidad para 75 fieles, adem\u00e1s de una gruta para que los vecinos puedan reunirse a orar.<br \/>\nEn la celebraci\u00f3n estuvieron presentes el P. Obispo Cristi\u00e1n Contreras Molina, O.de M., el p\u00e1rroco P. Crist\u00f3bal Miranda, integrantes de Capilla Pa\u00eds y un numeroso grupo de feligreses del sector, quienes estaban muy agradecidos por este trabajo realizado por los j\u00f3venes universitarios.<\/p>\n<figure id=\"attachment_65763\" aria-describedby=\"caption-attachment-65763\" style=\"width: 300px\" class=\"wp-caption alignright\"><img data-recalc-dims=\"1\" loading=\"lazy\" decoding=\"async\" class=\"wp-image-65763 size-medium\" src=\"https:\/\/i0.wp.com\/www.eltrabajo.cl\/portal\/wp-content\/uploads\/2016\/01\/Nueva-capilla-Pobl.-Juan-Pablo-4-300x198.jpg?resize=300%2C198\" alt=\"La capilla fue construida por j\u00f3venes provenientes de la Pastoral UC gracias al proyecto \u2018Capilla Pa\u00eds\u2019.\" width=\"300\" height=\"198\" srcset=\"https:\/\/i0.wp.com\/eltrabajo.cl\/portal\/wp-content\/uploads\/2016\/01\/Nueva-capilla-Pobl.-Juan-Pablo-4.jpg?resize=300%2C198&amp;ssl=1 300w, https:\/\/i0.wp.com\/eltrabajo.cl\/portal\/wp-content\/uploads\/2016\/01\/Nueva-capilla-Pobl.-Juan-Pablo-4.jpg?resize=200%2C132&amp;ssl=1 200w, https:\/\/i0.wp.com\/eltrabajo.cl\/portal\/wp-content\/uploads\/2016\/01\/Nueva-capilla-Pobl.-Juan-Pablo-4.jpg?resize=227%2C150&amp;ssl=1 227w, https:\/\/i0.wp.com\/eltrabajo.cl\/portal\/wp-content\/uploads\/2016\/01\/Nueva-capilla-Pobl.-Juan-Pablo-4.jpg?resize=400%2C264&amp;ssl=1 400w, https:\/\/i0.wp.com\/eltrabajo.cl\/portal\/wp-content\/uploads\/2016\/01\/Nueva-capilla-Pobl.-Juan-Pablo-4.jpg?w=530&amp;ssl=1 530w\" sizes=\"auto, (max-width: 300px) 100vw, 300px\" \/><figcaption id=\"caption-attachment-65763\" class=\"wp-caption-text\">La capilla fue construida por j\u00f3venes provenientes de la Pastoral UC gracias al proyecto \u2018Capilla Pa\u00eds\u2019.<\/figcaption><\/figure>\n<p>En su homil\u00eda, el Pastor Diocesano se alegr\u00f3 de este trabajo realizado por los j\u00f3venes universitarios en este sector de la periferia norponiente de la ciudad, porque desde hace unos a\u00f1os hemos estado realizando una labor pastoral con la comunidad que comenz\u00f3 un trabajo de misiones efectuado por los seminaristas, quienes durante un tiempo visitaron en forma peri\u00f3dica esta poblaci\u00f3n<br \/>\nPor su parte al finalizar la eucarist\u00eda el Padre Crist\u00f3bal Miranda agradeci\u00f3 a todas personas que participaron de esta labor, en primer lugar a los integrantes de \u2018Capilla Pa\u00eds\u2019 por dedicar parte de sus vacaciones para venir a esta ciudad y muchas otras personas que de diferentes maneras ayudaron para que este proyecto lograra su objetivo.<\/p>\n","protected":false},"excerpt":{"rendered":"<p>Un grupo de j\u00f3venes provenientes de la Pastoral UC materializaron esta obra que se construy\u00f3 gracias al proyecto \u2018Capilla Pa\u00eds\u2019, la cual fue construida en la poblaci\u00f3n Juan Pablo II. Esta capilla&#8230;<\/p>\n","protected":false},"author":482,"featured_media":65762,"comment_status":"open","ping_status":"open","sticky":false,"template":"","format":"standard","meta":{"advanced_seo_description":"","jetpack_seo_html_title":"","jetpack_seo_noindex":false,"_jetpack_memberships_contains_paid_content":false,"footnotes":""},"categories":[1],"tags":[],"class_list":["post-65761","post","type-post","status-publish","format-standard","has-post-thumbnail","hentry","category-cronica"],"jetpack_featured_media_url":"https:\/\/i0.wp.com\/eltrabajo.cl\/portal\/wp-content\/uploads\/2016\/01\/Nueva-capilla-Pobl.-Juan-Pablo-1.jpg?fit=530%2C350&ssl=1","jetpack_sharing_enabled":true,"jetpack_likes_enabled":true,"jetpack-related-posts":[],"_links":{"self":[{"href":"https:\/\/eltrabajo.cl\/portal\/wp-json\/wp\/v2\/posts\/65761","targetHints":{"allow":["GET"]}}],"collection":[{"href":"https:\/\/eltrabajo.cl\/portal\/wp-json\/wp\/v2\/posts"}],"about":[{"href":"https:\/\/eltrabajo.cl\/portal\/wp-json\/wp\/v2\/types\/post"}],"author":[{"embeddable":true,"href":"https:\/\/eltrabajo.cl\/portal\/wp-json\/wp\/v2\/users\/482"}],"replies":[{"embeddable":true,"href":"https:\/\/eltrabajo.cl\/portal\/wp-json\/wp\/v2\/comments?post=65761"}],"version-history":[{"count":0,"href":"https:\/\/eltrabajo.cl\/portal\/wp-json\/wp\/v2\/posts\/65761\/revisions"}],"wp:featuredmedia":[{"embeddable":true,"href":"https:\/\/eltrabajo.cl\/portal\/wp-json\/wp\/v2\/media\/65762"}],"wp:attachment":[{"href":"https:\/\/eltrabajo.cl\/portal\/wp-json\/wp\/v2\/media?parent=65761"}],"wp:term":[{"taxonomy":"category","embeddable":true,"href":"https:\/\/eltrabajo.cl\/portal\/wp-json\/wp\/v2\/categories?post=65761"},{"taxonomy":"post_tag","embeddable":true,"href":"https:\/\/eltrabajo.cl\/portal\/wp-json\/wp\/v2\/tags?post=65761"}],"curies":[{"name":"wp","href":"https:\/\/api.w.org\/{rel}","templated":true}]}}