{"id":65765,"date":"2016-01-14T14:25:29","date_gmt":"2016-01-14T17:25:29","guid":{"rendered":"http:\/\/www.eltrabajo.cl\/portal\/?p=65765"},"modified":"2016-01-14T14:25:29","modified_gmt":"2016-01-14T17:25:29","slug":"realizan-tour-inclusivo-para-ninos-sordos-de-establecimientos-municipalizados","status":"publish","type":"post","link":"https:\/\/eltrabajo.cl\/portal\/realizan-tour-inclusivo-para-ninos-sordos-de-establecimientos-municipalizados\/","title":{"rendered":"Realizan tour inclusivo para ni\u00f1os sordos de establecimientos municipalizados"},"content":{"rendered":"<figure id=\"attachment_65766\" aria-describedby=\"caption-attachment-65766\" style=\"width: 300px\" class=\"wp-caption alignleft\"><img data-recalc-dims=\"1\" loading=\"lazy\" decoding=\"async\" class=\"wp-image-65766 size-medium\" src=\"https:\/\/i0.wp.com\/www.eltrabajo.cl\/portal\/wp-content\/uploads\/2016\/01\/Tour-Inclusivo-300x198.jpg?resize=300%2C198\" alt=\"Ni\u00f1os y adolescentes de establecimientos municipales participaron de un tour inclusivo que los llev\u00f3 a visitar la Iglesia San Antonio de Padua de Almendral y el sector de El Zaino.\" width=\"300\" height=\"198\" srcset=\"https:\/\/i0.wp.com\/eltrabajo.cl\/portal\/wp-content\/uploads\/2016\/01\/Tour-Inclusivo.jpg?resize=300%2C198&amp;ssl=1 300w, https:\/\/i0.wp.com\/eltrabajo.cl\/portal\/wp-content\/uploads\/2016\/01\/Tour-Inclusivo.jpg?resize=200%2C132&amp;ssl=1 200w, https:\/\/i0.wp.com\/eltrabajo.cl\/portal\/wp-content\/uploads\/2016\/01\/Tour-Inclusivo.jpg?resize=227%2C150&amp;ssl=1 227w, https:\/\/i0.wp.com\/eltrabajo.cl\/portal\/wp-content\/uploads\/2016\/01\/Tour-Inclusivo.jpg?resize=400%2C264&amp;ssl=1 400w, https:\/\/i0.wp.com\/eltrabajo.cl\/portal\/wp-content\/uploads\/2016\/01\/Tour-Inclusivo.jpg?w=530&amp;ssl=1 530w\" sizes=\"auto, (max-width: 300px) 100vw, 300px\" \/><figcaption id=\"caption-attachment-65766\" class=\"wp-caption-text\">Ni\u00f1os y adolescentes de establecimientos municipales participaron de un tour inclusivo que los llev\u00f3 a visitar la Iglesia San Antonio de Padua de Almendral y el sector de El Zaino.<\/figcaption><\/figure>\n<ul>\n<li><strong>Con el apoyo de un int\u00e9rprete de lengua de se\u00f1as, se realiz\u00f3 visita a la Iglesia de Almendral y el sector de El Zaino en la comuna de Santa Mar\u00eda.<\/strong><\/li>\n<\/ul>\n<p>Ni\u00f1os y adolescentes sordos, que pertenecen al sistema municipalizado de educaci\u00f3n de la comuna, fueron los invitados al tour inclusivo organizado por la Oficina Municipal de Turismo de la comuna de San Felipe, que prepar\u00f3 para ellos una visita por la Iglesia de Almendral, a objeto de conocer y apreciar este recinto patrimonial; y luego al sector de El Zaino, para conocer el patrimonio natural y arqueol\u00f3gico.<br \/>\nEste es el segundo tour inclusivo que desarrolla el municipio de San Felipe, recordando en este sentido el coordinador comunal de la Oficina de Turismo, Manuel Z\u00fa\u00f1iga, que en noviembre pasado se realiz\u00f3 otra actividad similar, pero dirigida a personas ciegas.<br \/>\n\u201cEn esta oportunidad realizamos este tour dirigido a personas sordas, donde vamos acompa\u00f1ados de un tour operador y un int\u00e9rprete de lengua de se\u00f1as, siguiendo as\u00ed los preceptos definidos por el alcalde Patricio Freire en relaci\u00f3n a generar espacios inclusivos en materia de turismo\u201d, se\u00f1al\u00f3 Z\u00fa\u00f1iga.<br \/>\nEn este sentido, el int\u00e9rprete de lengua de se\u00f1as Patricio Cordero, quien adem\u00e1s es funcionario del sistema municipal de educaci\u00f3n sanfelipe\u00f1a, resalt\u00f3 la iniciativa de la corporaci\u00f3n edilicia, precisando que si bien existe un trabajo en el \u00e1mbito educativo que se realiza dirigido a ni\u00f1os sordos, esta es la primera vez que surge una actividad desde el municipio y lo que es mejor, en vacaciones.<br \/>\n\u201cEl hecho que los chicos puedan participar, que realicen actividades sobre todo en el per\u00edodo de vacaciones, es muy importante para quienes estamos trabajando con ellos en el colegio, pues si bien hay muchas actividades que se realizan en el aula, con esto se favorecen espacios para que puedan divertirse\u201d, se\u00f1al\u00f3 Cordero.<br \/>\nLos ni\u00f1os y adolescentes que llegaron a participar de la actividad, visitaron en primer lugar la Iglesia San Antonio de Padua de Almendral, para luego dirigirse al sector de El Zaino, donde conocieron la flora y fauna del lugar, adem\u00e1s del patrimonio arqueol\u00f3gico que ah\u00ed es posible encontrar.<\/p>\n","protected":false},"excerpt":{"rendered":"<p>Con el apoyo de un int\u00e9rprete de lengua de se\u00f1as, se realiz\u00f3 visita a la Iglesia de Almendral y el sector de El Zaino en la comuna de Santa Mar\u00eda. Ni\u00f1os y&#8230;<\/p>\n","protected":false},"author":482,"featured_media":65766,"comment_status":"open","ping_status":"open","sticky":false,"template":"","format":"standard","meta":{"advanced_seo_description":"","jetpack_seo_html_title":"","jetpack_seo_noindex":false,"_jetpack_memberships_contains_paid_content":false,"footnotes":""},"categories":[1],"tags":[],"class_list":["post-65765","post","type-post","status-publish","format-standard","has-post-thumbnail","hentry","category-cronica"],"jetpack_featured_media_url":"https:\/\/i0.wp.com\/eltrabajo.cl\/portal\/wp-content\/uploads\/2016\/01\/Tour-Inclusivo.jpg?fit=530%2C350&ssl=1","jetpack_sharing_enabled":true,"jetpack_likes_enabled":true,"jetpack-related-posts":[],"_links":{"self":[{"href":"https:\/\/eltrabajo.cl\/portal\/wp-json\/wp\/v2\/posts\/65765","targetHints":{"allow":["GET"]}}],"collection":[{"href":"https:\/\/eltrabajo.cl\/portal\/wp-json\/wp\/v2\/posts"}],"about":[{"href":"https:\/\/eltrabajo.cl\/portal\/wp-json\/wp\/v2\/types\/post"}],"author":[{"embeddable":true,"href":"https:\/\/eltrabajo.cl\/portal\/wp-json\/wp\/v2\/users\/482"}],"replies":[{"embeddable":true,"href":"https:\/\/eltrabajo.cl\/portal\/wp-json\/wp\/v2\/comments?post=65765"}],"version-history":[{"count":0,"href":"https:\/\/eltrabajo.cl\/portal\/wp-json\/wp\/v2\/posts\/65765\/revisions"}],"wp:featuredmedia":[{"embeddable":true,"href":"https:\/\/eltrabajo.cl\/portal\/wp-json\/wp\/v2\/media\/65766"}],"wp:attachment":[{"href":"https:\/\/eltrabajo.cl\/portal\/wp-json\/wp\/v2\/media?parent=65765"}],"wp:term":[{"taxonomy":"category","embeddable":true,"href":"https:\/\/eltrabajo.cl\/portal\/wp-json\/wp\/v2\/categories?post=65765"},{"taxonomy":"post_tag","embeddable":true,"href":"https:\/\/eltrabajo.cl\/portal\/wp-json\/wp\/v2\/tags?post=65765"}],"curies":[{"name":"wp","href":"https:\/\/api.w.org\/{rel}","templated":true}]}}