{"id":65776,"date":"2016-01-14T14:29:02","date_gmt":"2016-01-14T17:29:02","guid":{"rendered":"http:\/\/www.eltrabajo.cl\/portal\/?p=65776"},"modified":"2016-01-14T14:55:44","modified_gmt":"2016-01-14T17:55:44","slug":"autoridades-locales-descartaron-que-malos-olores-en-algarrobal-sean-responsabilidad-del-municipio-o-la-gobernacion","status":"publish","type":"post","link":"https:\/\/eltrabajo.cl\/portal\/autoridades-locales-descartaron-que-malos-olores-en-algarrobal-sean-responsabilidad-del-municipio-o-la-gobernacion\/","title":{"rendered":"Autoridades locales descartaron que malos olores en Algarrobal sean responsabilidad del municipio o la Gobernaci\u00f3n"},"content":{"rendered":"<figure id=\"attachment_65777\" aria-describedby=\"caption-attachment-65777\" style=\"width: 300px\" class=\"wp-caption alignleft\"><img data-recalc-dims=\"1\" loading=\"lazy\" decoding=\"async\" class=\"wp-image-65777 size-medium\" src=\"https:\/\/i0.wp.com\/www.eltrabajo.cl\/portal\/wp-content\/uploads\/2016\/01\/FOTO-1-EDUARDO-LEON-GOBERNADOR-DE-LA-PROVINCIA-DE-SAN-FELIPE-300x197.jpg?resize=300%2C197\" alt=\"Eduardo Le\u00f3n gobernador de la provincia de San Felipe.\" width=\"300\" height=\"197\" srcset=\"https:\/\/i0.wp.com\/eltrabajo.cl\/portal\/wp-content\/uploads\/2016\/01\/FOTO-1-EDUARDO-LEON-GOBERNADOR-DE-LA-PROVINCIA-DE-SAN-FELIPE.jpg?resize=300%2C197&amp;ssl=1 300w, https:\/\/i0.wp.com\/eltrabajo.cl\/portal\/wp-content\/uploads\/2016\/01\/FOTO-1-EDUARDO-LEON-GOBERNADOR-DE-LA-PROVINCIA-DE-SAN-FELIPE.jpg?resize=200%2C131&amp;ssl=1 200w, https:\/\/i0.wp.com\/eltrabajo.cl\/portal\/wp-content\/uploads\/2016\/01\/FOTO-1-EDUARDO-LEON-GOBERNADOR-DE-LA-PROVINCIA-DE-SAN-FELIPE.jpg?resize=228%2C150&amp;ssl=1 228w, https:\/\/i0.wp.com\/eltrabajo.cl\/portal\/wp-content\/uploads\/2016\/01\/FOTO-1-EDUARDO-LEON-GOBERNADOR-DE-LA-PROVINCIA-DE-SAN-FELIPE.jpg?resize=400%2C263&amp;ssl=1 400w, https:\/\/i0.wp.com\/eltrabajo.cl\/portal\/wp-content\/uploads\/2016\/01\/FOTO-1-EDUARDO-LEON-GOBERNADOR-DE-LA-PROVINCIA-DE-SAN-FELIPE.jpg?w=530&amp;ssl=1 530w\" sizes=\"auto, (max-width: 300px) 100vw, 300px\" \/><figcaption id=\"caption-attachment-65777\" class=\"wp-caption-text\">Eduardo Le\u00f3n gobernador de la provincia de San Felipe.<\/figcaption><\/figure>\n<p>El Gobernador provincial apoy\u00f3 el argumento del edil e invit\u00f3 a trabajar en pos de crear una estrategia de mitigaci\u00f3n de estos malos olores mientras se aprueba el dise\u00f1o de la nueva planta de tratamiento.<br \/>\n\u201cEsta planta no es de administraci\u00f3n municipal y le estamos dando a entender a los vecinos que no nos corresponde como municipio la mantenci\u00f3n de \u00e9sta\u201d. As\u00ed reaccion\u00f3 el alcalde Patricio Freire Canto, al malestar que presentaron los habitantes de Algarrobal, quienes en la tarde del martes se tomaron de forma intempestiva la carretera que une San Felipe con Putaendo, con el fin de manifestarse por los malos olores que se presentan de forma continua en ese sector.<br \/>\nDe acuerdo a los argumentos que esgrim\u00edan los vecinos, la podredumbre se generaba por la nula intervenci\u00f3n de la autoridad respecto del funcionamiento de la planta de tratamiento de aguas servidas que opera en este lugar.<br \/>\nEn relaci\u00f3n a estos antecedentes, Freire fue enf\u00e1tico en aclarar que \u201cesto nos genera un contrasentido porque la planta es de una cooperativa de un APR (Cooperativa Agua Potable Rural) y nosotros estamos aportando con una gesti\u00f3n importante ah\u00ed para el dise\u00f1o de una nueva planta para las 2 algarrobal y eso se est\u00e1 trabajando junto con los vecinos\u201d, puntualiz\u00f3.<br \/>\nBajo ese mismo argumento, el edil agreg\u00f3 que \u201clas APR funcionan en forma aut\u00f3noma, la planta del Algarrobal es tambi\u00e9n del APR, es decir nosotros gestionamos todas las obras que corresponden al agua potable y alcantarillado de la comuna, lo que no quiere decir que como municipio nos tengamos que hacer cargo de las plantas de tratamiento, ya que estas son propias de estos organismos\u201d, adujo.<\/p>\n<figure id=\"attachment_65778\" aria-describedby=\"caption-attachment-65778\" style=\"width: 300px\" class=\"wp-caption alignright\"><img data-recalc-dims=\"1\" loading=\"lazy\" decoding=\"async\" class=\"wp-image-65778 size-medium\" src=\"https:\/\/i0.wp.com\/www.eltrabajo.cl\/portal\/wp-content\/uploads\/2016\/01\/FOTO-4-ALCALDE-DE-SAN-FELIPE-PATRICIO-FREIRE-CANTO-300x197.jpg?resize=300%2C197\" alt=\"Alcalde de San Felipe, Patricio Freire Canto.\" width=\"300\" height=\"197\" srcset=\"https:\/\/i0.wp.com\/eltrabajo.cl\/portal\/wp-content\/uploads\/2016\/01\/FOTO-4-ALCALDE-DE-SAN-FELIPE-PATRICIO-FREIRE-CANTO.jpg?resize=300%2C197&amp;ssl=1 300w, https:\/\/i0.wp.com\/eltrabajo.cl\/portal\/wp-content\/uploads\/2016\/01\/FOTO-4-ALCALDE-DE-SAN-FELIPE-PATRICIO-FREIRE-CANTO.jpg?resize=200%2C131&amp;ssl=1 200w, https:\/\/i0.wp.com\/eltrabajo.cl\/portal\/wp-content\/uploads\/2016\/01\/FOTO-4-ALCALDE-DE-SAN-FELIPE-PATRICIO-FREIRE-CANTO.jpg?resize=228%2C150&amp;ssl=1 228w, https:\/\/i0.wp.com\/eltrabajo.cl\/portal\/wp-content\/uploads\/2016\/01\/FOTO-4-ALCALDE-DE-SAN-FELIPE-PATRICIO-FREIRE-CANTO.jpg?resize=400%2C263&amp;ssl=1 400w, https:\/\/i0.wp.com\/eltrabajo.cl\/portal\/wp-content\/uploads\/2016\/01\/FOTO-4-ALCALDE-DE-SAN-FELIPE-PATRICIO-FREIRE-CANTO.jpg?w=530&amp;ssl=1 530w\" sizes=\"auto, (max-width: 300px) 100vw, 300px\" \/><figcaption id=\"caption-attachment-65778\" class=\"wp-caption-text\">Alcalde de San Felipe, Patricio Freire Canto.<\/figcaption><\/figure>\n<p>Respecto de c\u00f3mo debiera funcionar y cu\u00e1l es el mecanismo indicado para no pasar este tipo de situaciones, Freire explic\u00f3 que \u201cdeben administrarse bien econ\u00f3micamente, ellos cobran por tratamiento de aguas servidas y esa plata tiene que ir a mitigar estos residuos con los que se generan estos olores\u201d, dijo.<br \/>\n\u201cHoy en d\u00eda es lo mismo que pasa con Esval, nosotros hacemos el proyecto, el dise\u00f1o y la empresa sanitaria se encarga de la mantenci\u00f3n de las matrices del agua potable y tambi\u00e9n del alcantarillado\u2026esta planta no es de administraci\u00f3n municipal y le estamos dando a entender a los vecinos que no nos corresponde su mantenci\u00f3n\u201d, arguy\u00f3 el edil .<br \/>\nPor \u00faltimo, el alcalde sanfelipe\u00f1o se mostr\u00f3 llano a seguir trabajando en conjunto con los vecinos para elaborar el dise\u00f1o para una nueva planta de tratamiento y concluy\u00f3 que \u201csiempre he escuchado a los vecinos de ese sector y se han efectuado mejoras bastante importantes, estamos con el dise\u00f1o de una multicancha, tenemos la iluminaci\u00f3n, las calles pavimentadas, es decir no pueden decir que no hemos estado en terreno\u201d, remat\u00f3.<br \/>\nPor su parte el Gobernador de la Provincia de San Felipe, Eduardo Le\u00f3n respald\u00f3 los dichos de Freire y asegur\u00f3 que esta situaci\u00f3n se provoca por un problema de falta de mantenci\u00f3n.<br \/>\n\u201cNosotros como Gobierno estamos dispuestos a asesorar a los comit\u00e9s de agua potable en su trabajo, tanto en la parte t\u00e9cnica como en el aspecto econ\u00f3mico para un buen operar, hay que tener ojo en el funcionamiento de estas plantas, sabemos que esta es una planta muy antigua con un dise\u00f1o caduco y que el municipio est\u00e1 trabajando a la brevedad para presentar un proyecto para colocar nueva tecnolog\u00eda y nosotros lo respaldaremos\u201d, expuso Le\u00f3n.<br \/>\nRespecto a los sistemas de fiscalizaci\u00f3n, la m\u00e1xima autoridad provincial record\u00f3 que \u201cac\u00e1 a quien se supervisa es a la cooperativa que opera este sistema, nosotros invitamos a los vecinos a conversar estos temas, porque tienen soluci\u00f3n y si somos capaces de anticiparnos lo podemos solucionar r\u00e1pidamente, en este caso hay que trabajar en temas mitigatorios mientras tenemos a disposici\u00f3n el nuevo proyecto\u201d, decret\u00f3.<br \/>\nEn referencia a qu\u00e9 ocurrir\u00e1 mientras est\u00e9 listo el dise\u00f1o para la nueva planta de tratamiento de aguas servidas, Le\u00f3n insisti\u00f3 en que \u201chay un trabajo t\u00e9cnico permanente nos informa la municipalidad, donde hay expertos del Gobierno Regional, asesorando a las cooperativas en este proceso, sabemos que mientras se construye una nueva planta debe haber una etapa de mitigaci\u00f3n que es lo que fall\u00f3 ayer, quiz\u00e1s producto de un aumento de consumo debido al calor, a las fiestas, etc. Ah\u00ed requerimos que las personas a cargo de la planta est\u00e9n mejor capacitadas y est\u00e9 m\u00e1s atentas para reaccionar a tiempo\u201d, finaliz\u00f3.<\/p>\n","protected":false},"excerpt":{"rendered":"<p>El Gobernador provincial apoy\u00f3 el argumento del edil e invit\u00f3 a trabajar en pos de crear una estrategia de mitigaci\u00f3n de estos malos olores mientras se aprueba el dise\u00f1o de la nueva&#8230;<\/p>\n","protected":false},"author":482,"featured_media":65777,"comment_status":"open","ping_status":"open","sticky":false,"template":"","format":"standard","meta":{"advanced_seo_description":"","jetpack_seo_html_title":"","jetpack_seo_noindex":false,"_jetpack_memberships_contains_paid_content":false,"footnotes":""},"categories":[15],"tags":[],"class_list":["post-65776","post","type-post","status-publish","format-standard","has-post-thumbnail","hentry","category-comunidad"],"jetpack_featured_media_url":"https:\/\/i0.wp.com\/eltrabajo.cl\/portal\/wp-content\/uploads\/2016\/01\/FOTO-1-EDUARDO-LEON-GOBERNADOR-DE-LA-PROVINCIA-DE-SAN-FELIPE.jpg?fit=530%2C348&ssl=1","jetpack_sharing_enabled":true,"jetpack_likes_enabled":true,"jetpack-related-posts":[],"_links":{"self":[{"href":"https:\/\/eltrabajo.cl\/portal\/wp-json\/wp\/v2\/posts\/65776","targetHints":{"allow":["GET"]}}],"collection":[{"href":"https:\/\/eltrabajo.cl\/portal\/wp-json\/wp\/v2\/posts"}],"about":[{"href":"https:\/\/eltrabajo.cl\/portal\/wp-json\/wp\/v2\/types\/post"}],"author":[{"embeddable":true,"href":"https:\/\/eltrabajo.cl\/portal\/wp-json\/wp\/v2\/users\/482"}],"replies":[{"embeddable":true,"href":"https:\/\/eltrabajo.cl\/portal\/wp-json\/wp\/v2\/comments?post=65776"}],"version-history":[{"count":0,"href":"https:\/\/eltrabajo.cl\/portal\/wp-json\/wp\/v2\/posts\/65776\/revisions"}],"wp:featuredmedia":[{"embeddable":true,"href":"https:\/\/eltrabajo.cl\/portal\/wp-json\/wp\/v2\/media\/65777"}],"wp:attachment":[{"href":"https:\/\/eltrabajo.cl\/portal\/wp-json\/wp\/v2\/media?parent=65776"}],"wp:term":[{"taxonomy":"category","embeddable":true,"href":"https:\/\/eltrabajo.cl\/portal\/wp-json\/wp\/v2\/categories?post=65776"},{"taxonomy":"post_tag","embeddable":true,"href":"https:\/\/eltrabajo.cl\/portal\/wp-json\/wp\/v2\/tags?post=65776"}],"curies":[{"name":"wp","href":"https:\/\/api.w.org\/{rel}","templated":true}]}}