{"id":65783,"date":"2016-01-14T14:36:17","date_gmt":"2016-01-14T17:36:17","guid":{"rendered":"http:\/\/www.eltrabajo.cl\/portal\/?p=65783"},"modified":"2016-01-14T14:36:17","modified_gmt":"2016-01-14T17:36:17","slug":"miguel-saavedra-seremi-de-obras-publicasefectivamente-las-obras-masivas-de-la-carretera-60-ch-van-bajo-lo-programado","status":"publish","type":"post","link":"https:\/\/eltrabajo.cl\/portal\/miguel-saavedra-seremi-de-obras-publicasefectivamente-las-obras-masivas-de-la-carretera-60-ch-van-bajo-lo-programado\/","title":{"rendered":"Miguel Saavedra, Seremi de Obras P\u00fablicas:\u201cEfectivamente las obras masivas de la carretera 60 CH van bajo lo programado\u201d"},"content":{"rendered":"<figure id=\"attachment_65784\" aria-describedby=\"caption-attachment-65784\" style=\"width: 300px\" class=\"wp-caption alignleft\"><img data-recalc-dims=\"1\" loading=\"lazy\" decoding=\"async\" class=\"wp-image-65784 size-medium\" src=\"https:\/\/i0.wp.com\/www.eltrabajo.cl\/portal\/wp-content\/uploads\/2016\/01\/MIGUEL-SAAVEDRA-SEREMI-OO.PP_-300x197.jpg?resize=300%2C197\" alt=\"Seremi Obras P\u00fablicas, Miguel Saavedra.\" width=\"300\" height=\"197\" srcset=\"https:\/\/i0.wp.com\/eltrabajo.cl\/portal\/wp-content\/uploads\/2016\/01\/MIGUEL-SAAVEDRA-SEREMI-OO.PP_.jpg?resize=300%2C197&amp;ssl=1 300w, https:\/\/i0.wp.com\/eltrabajo.cl\/portal\/wp-content\/uploads\/2016\/01\/MIGUEL-SAAVEDRA-SEREMI-OO.PP_.jpg?resize=200%2C131&amp;ssl=1 200w, https:\/\/i0.wp.com\/eltrabajo.cl\/portal\/wp-content\/uploads\/2016\/01\/MIGUEL-SAAVEDRA-SEREMI-OO.PP_.jpg?resize=228%2C150&amp;ssl=1 228w, https:\/\/i0.wp.com\/eltrabajo.cl\/portal\/wp-content\/uploads\/2016\/01\/MIGUEL-SAAVEDRA-SEREMI-OO.PP_.jpg?resize=400%2C263&amp;ssl=1 400w, https:\/\/i0.wp.com\/eltrabajo.cl\/portal\/wp-content\/uploads\/2016\/01\/MIGUEL-SAAVEDRA-SEREMI-OO.PP_.jpg?w=530&amp;ssl=1 530w\" sizes=\"auto, (max-width: 300px) 100vw, 300px\" \/><figcaption id=\"caption-attachment-65784\" class=\"wp-caption-text\">Seremi Obras P\u00fablicas, Miguel Saavedra.<\/figcaption><\/figure>\n<ul>\n<li><strong>Autoridad reconoci\u00f3 que la falta de \u00e1ridos se ha presentado como una dificultad que a\u00fan no resuelve la concesionaria y que esto podr\u00eda provocar multas si no se cumple con los plazos establecidos. Adem\u00e1s afirm\u00f3 que las filtraciones del embalse Chacrillas son normales y est\u00e1n bajo control.<\/strong><\/li>\n<\/ul>\n<p>Miguel Saavedra, Seremi de Obras P\u00fablicas de la Regi\u00f3n de Valpara\u00edso, se refiri\u00f3 a dos obras emblem\u00e1ticas que concitan la atenci\u00f3n de los aconcag\u00fcinos. En primer lugar, declar\u00f3 sobre las filtraciones que habr\u00eda presentado en su primera etapa de llenado el Embalse Chacrillas y, en segundo t\u00e9rmino, el eventual retraso que presentan los trabajos de construcci\u00f3n de la carretera 60 CH, cuyo avance se ha visto estancado en los \u00faltimos meses debido a la falta de \u00e1ridos con la que se ha encontrado la empresa a cargo del proyecto.<br \/>\nRespecto de este \u00faltimo punto, Saavedra asegur\u00f3 que las obras de la autopista presentan un 14 % de avance y reconoci\u00f3 que la carencia de material ha provocado que los trabajos avancen menos de lo que se esperaba a la fecha. \u201cEn cuanto a las faenas m\u00e1s masivas que tienen que ver con el movimiento de tierra, terraplenes y defensas fluviales, efectivamente van bajo lo programado, nosotros le hemos indicado a la concesionaria que debe resolver r\u00e1pidamente la problem\u00e1tica que hay en relaci\u00f3n a la disponibilidad de \u00e1ridos\u201d, advirti\u00f3 el profesional.<br \/>\nDe acuerdo a las razones que ha entregado la concesionaria en torno a esta dificultad, \u00e9stas se basan fundamentalmente en que la compa\u00f1\u00eda no ha podido resolver la aprobaci\u00f3n ambiental para poder extraer \u00e1ridos del R\u00edo Aconcagua. Ante este escenario el Ministerio de Obras P\u00fablicas, MOP le plante\u00f3 una serie de alternativas para conseguir material en otros sectores. Sin embargo, debido a un tema econ\u00f3mico que se est\u00e1 evaluando, a\u00fan no ha sido posible zanjar la problem\u00e1tica de forma definitiva.<br \/>\nEn ese escenario, el Seremi no descart\u00f3 la posibilidad de multar a la empresa en caso que \u00e9sta no cumpla con los tiempos estipulados en el contrato y asever\u00f3 que \u201cnosotros como MOP, estamos evaluando todas las herramientas con las que contamos para que justamente se vayan cumpliendo los plazos correspondientes y podamos tener esta carretera finalizada dentro del per\u00edodo de este Gobierno\u201d, estipul\u00f3.<br \/>\nUna de las alternativas que surge para mitigar la falta de \u00e1ridos y darle celeridad a la construcci\u00f3n de la carretera 60 CH, es ocupar la escoria de la Fundici\u00f3n Chagres, cuyas pruebas ya finalizaron y hasta este momento los resultados est\u00e1n siendo analizados por los expertos competentes, para determinar si finalmente este desecho puede ser utilizado como complemento. \u201cLos resultados debieran estar prontamente saliendo a la luz p\u00fablica\u2026as\u00ed podremos saber si esta escoria puede servir para complementar la cantidad de \u00e1ridos. Lo que se ha planteado es hacer una mezcla del residuo con el material normal para que definitivamente esto quede confinado\u201d, remat\u00f3 el Seremi.<br \/>\nEn relaci\u00f3n con otros aspectos de la construcci\u00f3n de esta nueva v\u00eda, Saavedra afirm\u00f3 que \u201clas obras que tienen que ver con los atraviesos, las alcantarillas y las obras de arte, est\u00e1n avanzando sin mayores problemas, en cuanto a las grandes estructuras como el viaducto San Felipe y el puente las Tinajas, ya concluyeron los trabajos que tienen que ver con los pilotajes, es por eso que ya se retiraron las grandes maquinarias y justamente ahora se va a empezar con las estructuras mayores, las fundaciones que tienen que tener estos 2 puentes\u201d, describi\u00f3.<\/p>\n<p><strong>FILTRACIONES EN EL EMBALSE<\/strong><br \/>\nAl mismo tiempo, Miguel Saavedra, sali\u00f3 al paso respecto de ciertas deficiencias que habr\u00eda presentado la primera etapa de acumulaci\u00f3n de agua en el Embalse Chacrillas y afirm\u00f3 que \u201cde acuerdo al monitoreo que se realiza de manera permanente, con los instrumentos necesarios, se han detectado ciertos afloramientos de agua, que se est\u00e1n tratando, pero que es algo normal que se produce en las primeras fases de llenado\u201d, expuso<br \/>\nEn este mismo punto, el personero agreg\u00f3 que \u201cestos afloramientos se han ido drenando para disminuir las napas subterr\u00e1neas que se van generando por el aumento del nivel de acumulaci\u00f3n de agua, pero es algo que est\u00e1 siendo controlado y que ha permitido de todas maneras aumentar el nivel de acumulaci\u00f3n en el embalse\u201d, sostuvo.<br \/>\nEn relaci\u00f3n con el proceso mismo de llenado y de las fases que se deben ir cumpliendo, el Seremi agreg\u00f3 que \u201cpodemos indicar que ya tiene un volumen embalsado de 3.1 millones de metros c\u00fabicos (m3), cantidad que podr\u00e1 empezar ser entregada cuando los caudales del r\u00edo comiencen a disminuir y justamente va a poder suplementar el recurso h\u00eddrico que es necesario para los agricultores de la comuna de Putaendo, principalmente\u201d, detall\u00f3.<br \/>\nAs\u00ed mismo, Saavedra afirm\u00f3 que se tiene presupuestado para la presente temporada llegar a los 4 millones de m3, l\u00edmite que seg\u00fan dijo, se estableci\u00f3 como necesario, en comuni\u00f3n con la Junta de Vigilancia del Rio Putaendo. \u201cPara el siguiente deshielo nosotros esperamos ya contar con la totalidad del embalse a disposici\u00f3n para poder acumular, pero esto va de acuerdo a los protocolos de llenado, de forma paulatina, porque precisamente en esta primera etapa es donde se est\u00e1 analizando y monitoreando todos los elementos que tienen que ver con el llenado del embalse\u201d, expres\u00f3.<br \/>\nJunto con el llenado del embalse, Saavedra inform\u00f3 que, de forma paralela, se est\u00e1 avanzando en las obras complementarias de inyecciones que van impermeabilizando la roca en los costados del estanque acumulador, trabajos que se es espera est\u00e9n terminados en su primera etapa durante el mes de mayo, pues ya presentan un 60 % de avance. Estos trabajos se realizan con el fin de seguir aumentando el nivel de agua, el cual, actualmente est\u00e1 en la cota 1278, (la m\u00e1s baja era 1253), por lo tanto presenta a la fecha 25 metros de altura.<\/p>\n","protected":false},"excerpt":{"rendered":"<p>Autoridad reconoci\u00f3 que la falta de \u00e1ridos se ha presentado como una dificultad que a\u00fan no resuelve la concesionaria y que esto podr\u00eda provocar multas si no se cumple con los plazos&#8230;<\/p>\n","protected":false},"author":482,"featured_media":65784,"comment_status":"open","ping_status":"open","sticky":false,"template":"","format":"standard","meta":{"advanced_seo_description":"","jetpack_seo_html_title":"","jetpack_seo_noindex":false,"_jetpack_memberships_contains_paid_content":false,"footnotes":""},"categories":[1],"tags":[],"class_list":["post-65783","post","type-post","status-publish","format-standard","has-post-thumbnail","hentry","category-cronica"],"jetpack_featured_media_url":"https:\/\/i0.wp.com\/eltrabajo.cl\/portal\/wp-content\/uploads\/2016\/01\/MIGUEL-SAAVEDRA-SEREMI-OO.PP_.jpg?fit=530%2C348&ssl=1","jetpack_sharing_enabled":true,"jetpack_likes_enabled":true,"jetpack-related-posts":[],"_links":{"self":[{"href":"https:\/\/eltrabajo.cl\/portal\/wp-json\/wp\/v2\/posts\/65783","targetHints":{"allow":["GET"]}}],"collection":[{"href":"https:\/\/eltrabajo.cl\/portal\/wp-json\/wp\/v2\/posts"}],"about":[{"href":"https:\/\/eltrabajo.cl\/portal\/wp-json\/wp\/v2\/types\/post"}],"author":[{"embeddable":true,"href":"https:\/\/eltrabajo.cl\/portal\/wp-json\/wp\/v2\/users\/482"}],"replies":[{"embeddable":true,"href":"https:\/\/eltrabajo.cl\/portal\/wp-json\/wp\/v2\/comments?post=65783"}],"version-history":[{"count":0,"href":"https:\/\/eltrabajo.cl\/portal\/wp-json\/wp\/v2\/posts\/65783\/revisions"}],"wp:featuredmedia":[{"embeddable":true,"href":"https:\/\/eltrabajo.cl\/portal\/wp-json\/wp\/v2\/media\/65784"}],"wp:attachment":[{"href":"https:\/\/eltrabajo.cl\/portal\/wp-json\/wp\/v2\/media?parent=65783"}],"wp:term":[{"taxonomy":"category","embeddable":true,"href":"https:\/\/eltrabajo.cl\/portal\/wp-json\/wp\/v2\/categories?post=65783"},{"taxonomy":"post_tag","embeddable":true,"href":"https:\/\/eltrabajo.cl\/portal\/wp-json\/wp\/v2\/tags?post=65783"}],"curies":[{"name":"wp","href":"https:\/\/api.w.org\/{rel}","templated":true}]}}