{"id":65786,"date":"2016-01-14T14:38:50","date_gmt":"2016-01-14T17:38:50","guid":{"rendered":"http:\/\/www.eltrabajo.cl\/portal\/?p=65786"},"modified":"2016-01-14T14:38:50","modified_gmt":"2016-01-14T17:38:50","slug":"lanzaran-biografia-de-palmenia-pizarro-que-lindo-canta-palmenia","status":"publish","type":"post","link":"https:\/\/eltrabajo.cl\/portal\/lanzaran-biografia-de-palmenia-pizarro-que-lindo-canta-palmenia\/","title":{"rendered":"Lanzar\u00e1n biograf\u00eda de Palmenia Pizarro \u2018\u00a1Qu\u00e9 lindo canta Palmenia!\u2019"},"content":{"rendered":"<figure id=\"attachment_65787\" aria-describedby=\"caption-attachment-65787\" style=\"width: 300px\" class=\"wp-caption alignleft\"><img data-recalc-dims=\"1\" loading=\"lazy\" decoding=\"async\" class=\"wp-image-65787 size-medium\" src=\"https:\/\/i0.wp.com\/www.eltrabajo.cl\/portal\/wp-content\/uploads\/2016\/01\/palmenia-pizarro-Libro-300x198.jpg?resize=300%2C198\" alt=\"NO TE LO PIERDAS.- El pr\u00f3ximo 18 de enero en el Teatro Fundaci\u00f3n Telef\u00f3nica, en Santiago, se realizar\u00e1 el lanzamiento de la primera biograf\u00eda de Palmenia Pizarro, \u2018\u00a1Qu\u00e9 lindo canta Palmenia!\u2019.\" width=\"300\" height=\"198\" srcset=\"https:\/\/i0.wp.com\/eltrabajo.cl\/portal\/wp-content\/uploads\/2016\/01\/palmenia-pizarro-Libro.jpg?resize=300%2C198&amp;ssl=1 300w, https:\/\/i0.wp.com\/eltrabajo.cl\/portal\/wp-content\/uploads\/2016\/01\/palmenia-pizarro-Libro.jpg?resize=200%2C132&amp;ssl=1 200w, https:\/\/i0.wp.com\/eltrabajo.cl\/portal\/wp-content\/uploads\/2016\/01\/palmenia-pizarro-Libro.jpg?resize=228%2C150&amp;ssl=1 228w, https:\/\/i0.wp.com\/eltrabajo.cl\/portal\/wp-content\/uploads\/2016\/01\/palmenia-pizarro-Libro.jpg?resize=400%2C263&amp;ssl=1 400w, https:\/\/i0.wp.com\/eltrabajo.cl\/portal\/wp-content\/uploads\/2016\/01\/palmenia-pizarro-Libro.jpg?w=530&amp;ssl=1 530w\" sizes=\"auto, (max-width: 300px) 100vw, 300px\" \/><figcaption id=\"caption-attachment-65787\" class=\"wp-caption-text\">NO TE LO PIERDAS.- El pr\u00f3ximo 18 de enero en el Teatro Fundaci\u00f3n Telef\u00f3nica, en Santiago, se realizar\u00e1 el lanzamiento de la primera biograf\u00eda de Palmenia Pizarro, \u2018\u00a1Qu\u00e9 lindo canta Palmenia!\u2019.<\/figcaption><\/figure>\n<p>El pr\u00f3ximo 18 de enero, a las 20:00 horas en el Teatro Fundaci\u00f3n Telef\u00f3nica, en Santiago, se realizar\u00e1 el lanzamiento de la primera biograf\u00eda de Palmenia Pizarro editada en nuestro pa\u00eds. De los periodistas Silvia Le\u00f3n Smith y Ricardo Henr\u00edquez Saa, el libro \u2018\u00a1Qu\u00e9 lindo canta Palmenia!\u2019, que recopila la historia de la int\u00e9rprete, reconocida en Chile y el mundo por \u00e9xitos como Cari\u00f1o Malo, Ajeno y Amor se escribe con llanto, entre muchos otros.<br \/>\nDesde su infancia humilde en San Felipe, el volumen recorre su mete\u00f3rico estrellato durante las d\u00e9cada de los \u201860, el rumor que derrumb\u00f3 su carrera en Chile, su autoexilio y su fama en M\u00e9xico y en otros pa\u00edses. La propia Palmenia se\u00f1ala en la introducci\u00f3n de este volumen \u2013parte de la colecci\u00f3n \u2018Nuestros M\u00fasicos\u2019, editada por SCD, que \u00abes la oportunidad para dar a conocer mi verdad respecto de hechos que el p\u00fablico supo por boca de otros\u00bb.<br \/>\nConducir\u00e1 el lanzamiento del libro, el reconocido animador y m\u00fasico Jos\u00e9 Alfredo Fuentes y realizar\u00e1n la presentaci\u00f3n de la biograf\u00eda, Mario Rojas, presidente del Comit\u00e9 de Publicaciones de SCD; C\u00e9sar Albornoz, historiador; Ginette Acevedo, cantante y Marisol Garc\u00eda, periodista especializada.<br \/>\nLa instancia contar\u00e1 asimismo con la presencia de los autores de \u2018\u00a1Qu\u00e9 lindo canta Palmenia!\u2019 y de la int\u00e9rprete, quien ofrecer\u00e1 una presentaci\u00f3n musical en vivo. La entrada al evento es liberada, previa inscripci\u00f3n en el correo comunicaciones@scd.cl \/ Lunes 18 de enero, 20:00 horas \/ Teatro de la Fundaci\u00f3n Telef\u00f3nica (Av. Providencia 111, Metro Estaci\u00f3n Baquedano).<br \/>\n* Ma\u00f1ana viernes en Diario El Trabajo estaremos publicando una entrevista exclusiva que Palmenia Pizarro nos permiti\u00f3 realizar.<\/p>\n","protected":false},"excerpt":{"rendered":"<p>El pr\u00f3ximo 18 de enero, a las 20:00 horas en el Teatro Fundaci\u00f3n Telef\u00f3nica, en Santiago, se realizar\u00e1 el lanzamiento de la primera biograf\u00eda de Palmenia Pizarro editada en nuestro pa\u00eds. De&#8230;<\/p>\n","protected":false},"author":482,"featured_media":65787,"comment_status":"open","ping_status":"open","sticky":false,"template":"","format":"standard","meta":{"advanced_seo_description":"","jetpack_seo_html_title":"","jetpack_seo_noindex":false,"_jetpack_memberships_contains_paid_content":false,"footnotes":""},"categories":[1],"tags":[],"class_list":["post-65786","post","type-post","status-publish","format-standard","has-post-thumbnail","hentry","category-cronica"],"jetpack_featured_media_url":"https:\/\/i0.wp.com\/eltrabajo.cl\/portal\/wp-content\/uploads\/2016\/01\/palmenia-pizarro-Libro.jpg?fit=530%2C349&ssl=1","jetpack_sharing_enabled":true,"jetpack_likes_enabled":true,"jetpack-related-posts":[],"_links":{"self":[{"href":"https:\/\/eltrabajo.cl\/portal\/wp-json\/wp\/v2\/posts\/65786","targetHints":{"allow":["GET"]}}],"collection":[{"href":"https:\/\/eltrabajo.cl\/portal\/wp-json\/wp\/v2\/posts"}],"about":[{"href":"https:\/\/eltrabajo.cl\/portal\/wp-json\/wp\/v2\/types\/post"}],"author":[{"embeddable":true,"href":"https:\/\/eltrabajo.cl\/portal\/wp-json\/wp\/v2\/users\/482"}],"replies":[{"embeddable":true,"href":"https:\/\/eltrabajo.cl\/portal\/wp-json\/wp\/v2\/comments?post=65786"}],"version-history":[{"count":0,"href":"https:\/\/eltrabajo.cl\/portal\/wp-json\/wp\/v2\/posts\/65786\/revisions"}],"wp:featuredmedia":[{"embeddable":true,"href":"https:\/\/eltrabajo.cl\/portal\/wp-json\/wp\/v2\/media\/65787"}],"wp:attachment":[{"href":"https:\/\/eltrabajo.cl\/portal\/wp-json\/wp\/v2\/media?parent=65786"}],"wp:term":[{"taxonomy":"category","embeddable":true,"href":"https:\/\/eltrabajo.cl\/portal\/wp-json\/wp\/v2\/categories?post=65786"},{"taxonomy":"post_tag","embeddable":true,"href":"https:\/\/eltrabajo.cl\/portal\/wp-json\/wp\/v2\/tags?post=65786"}],"curies":[{"name":"wp","href":"https:\/\/api.w.org\/{rel}","templated":true}]}}