{"id":65789,"date":"2016-01-14T14:41:11","date_gmt":"2016-01-14T17:41:11","guid":{"rendered":"http:\/\/www.eltrabajo.cl\/portal\/?p=65789"},"modified":"2016-01-14T14:41:11","modified_gmt":"2016-01-14T17:41:11","slug":"municipalidad-de-san-felipe-cuenta-con-nuevo-camion-aljibe","status":"publish","type":"post","link":"https:\/\/eltrabajo.cl\/portal\/municipalidad-de-san-felipe-cuenta-con-nuevo-camion-aljibe\/","title":{"rendered":"Municipalidad de San Felipe cuenta con nuevo cami\u00f3n aljibe"},"content":{"rendered":"<figure id=\"attachment_65790\" aria-describedby=\"caption-attachment-65790\" style=\"width: 300px\" class=\"wp-caption alignleft\"><img data-recalc-dims=\"1\" loading=\"lazy\" decoding=\"async\" class=\"wp-image-65790 size-medium\" src=\"https:\/\/i0.wp.com\/www.eltrabajo.cl\/portal\/wp-content\/uploads\/2016\/01\/FOTO-3-AUTORIDADES-LOCALES-SE-MOSTRARON-FELICES-DE-PODER--300x198.jpg?resize=300%2C198\" alt=\"Autoridades locales se mostraron felices de poder contar con un nuevo veh\u00edculo de abastecimiento de agua potable.\" width=\"300\" height=\"198\" srcset=\"https:\/\/i0.wp.com\/eltrabajo.cl\/portal\/wp-content\/uploads\/2016\/01\/FOTO-3-AUTORIDADES-LOCALES-SE-MOSTRARON-FELICES-DE-PODER-.jpg?resize=300%2C198&amp;ssl=1 300w, https:\/\/i0.wp.com\/eltrabajo.cl\/portal\/wp-content\/uploads\/2016\/01\/FOTO-3-AUTORIDADES-LOCALES-SE-MOSTRARON-FELICES-DE-PODER-.jpg?resize=200%2C132&amp;ssl=1 200w, https:\/\/i0.wp.com\/eltrabajo.cl\/portal\/wp-content\/uploads\/2016\/01\/FOTO-3-AUTORIDADES-LOCALES-SE-MOSTRARON-FELICES-DE-PODER-.jpg?resize=228%2C150&amp;ssl=1 228w, https:\/\/i0.wp.com\/eltrabajo.cl\/portal\/wp-content\/uploads\/2016\/01\/FOTO-3-AUTORIDADES-LOCALES-SE-MOSTRARON-FELICES-DE-PODER-.jpg?resize=400%2C263&amp;ssl=1 400w, https:\/\/i0.wp.com\/eltrabajo.cl\/portal\/wp-content\/uploads\/2016\/01\/FOTO-3-AUTORIDADES-LOCALES-SE-MOSTRARON-FELICES-DE-PODER-.jpg?w=530&amp;ssl=1 530w\" sizes=\"auto, (max-width: 300px) 100vw, 300px\" \/><figcaption id=\"caption-attachment-65790\" class=\"wp-caption-text\">Autoridades locales se mostraron felices de poder contar con un nuevo veh\u00edculo de abastecimiento de agua potable.<\/figcaption><\/figure>\n<ul>\n<li><strong>Gracias al aporte del ministerio del interior y a la gesti\u00f3n de la gobernaci\u00f3n provincial, el municipio sanfelipe\u00f1o cuenta con modernos veh\u00edculo que permite transportar 10 mil litros de agua potable.<\/strong><\/li>\n<\/ul>\n<p>A partir de hoy la Municipalidad de San Felipe contar\u00e1 con un nuevo veh\u00edculo para brindar distintos servicios h\u00eddricos a la comunidad. Se trata de un cami\u00f3n Aljibes Mercedes Benz con un estanque de acero inoxidable y con capacidad de 10 mil litros, cuyo valor ronda los 63 millones de pesos, financiamiento que se obtuvo del Ministerio del Interior a trav\u00e9s de la Gobernaci\u00f3n Provincial de San Felipe<br \/>\nSeg\u00fan Claudio Paredes, secretario de planificaci\u00f3n del municipio sanfelipe\u00f1o, los recursos para adquirir este m\u00f3vil se generaron a partir del programa de Escasez H\u00eddrica del Gobierno de la Presidenta Michelle Bachelet y su principal funci\u00f3n ser\u00e1 abastecer de agua potable a los sectores rurales que no cuentan con este recurso y tambi\u00e9n en aquellos lugares donde los vecinos se surten de aguas vertientes o de pozo y que producto de la sequ\u00eda y de la disminuci\u00f3n de los niveles de las napas subterr\u00e1neas no logran obtener agua para el consumo humano.<br \/>\nRespecto de otras funciones que podr\u00eda cumplir este veh\u00edculo, Paredes agreg\u00f3 que \u201ces posible que lo utilicemos tambi\u00e9n para regar \u00e1reas verdes en donde no contamos con llaves de agua y eso es un elemento positivo porque nos permite mantener los espacios p\u00fablicos con un mayor verdor y con un est\u00e1ndar de calidad que los vecinos sanfelipe\u00f1os realmente merecen\u201d, destac\u00f3.<br \/>\nPor su parte, el alcalde de la comuna Patricio Freire, se mostr\u00f3 feliz de poder seguir modernizando la flota de veh\u00edculos municipales y manifest\u00f3 que \u201choy d\u00eda tenemos unos camiones bastante antiguos y siempre est\u00e1n en panne, siempre concurrimos como podemos a las emergencias que presentan los vecinos, tambi\u00e9n nosotros repartimos agua a sectores en los cuales no hay agua potable y este aljibes nos va a servir para mitigar esa carencia\u201d, expres\u00f3.<br \/>\nJunto con agradecer a la Gobernaci\u00f3n Provincial por la gesti\u00f3n realizada, Freire agreg\u00f3 que el veh\u00edculo no beneficiar\u00e1 s\u00f3lo a San Felipe, sino que tambi\u00e9n estar\u00e1 a disposici\u00f3n de otras comunas vecinas de la provincia en caso que as\u00ed lo requieran. Tambi\u00e9n, el edil puso el m\u00f3vil a disposici\u00f3n de los APR, o para ayudar en los casos de emergencia cuando se bomberos por uno u otro motivo necesita del recurso.<br \/>\nA su vez el gobernador Eduardo Le\u00f3n destac\u00f3 como una nueva herramienta para combatir en la Provincia ciertos escenarios de emergencia y argument\u00f3 que \u201cdurante el verano sabemos que existen algunas emergencias, por incendios forestales o por corte de suministro, hay que recordar que en este \u00e1mbito hay un sistema del Ministerio del Interior que cuando hay alguna emergencia se elabora un informe Alfa y se gestionan los recursos. Este a\u00f1o el Gobierno ha querido anticiparse para eventuales emergencias durante el per\u00edodo estival\u201d, valor\u00f3<br \/>\nDel mismo modo, Le\u00f3n insisti\u00f3 en que \u201cesto aumenta la capacidad de traslado de agua potable, queremos reforzar nuestra capacidad de reacci\u00f3n ante una eventual emergencia, esperamos que no sea necesario, pero contar con estos 10 mil litros de agua nos permite dar una respuesta pronta a nuestros vecinos\u201d, sostuvo.<br \/>\nCabe destacar que el municipio sanfelipe\u00f1o compra el recurso a la empresa sanitaria Esval y seg\u00fan se inform\u00f3 el estanque de este veh\u00edculo, el cual demora entre 7 u 8 minutos en completar su capacidad, s\u00f3lo puede ser llenado con agua potable, no est\u00e1 acondicionado para llevar agua de pozo u obtenida de otra fuente natural.<\/p>\n<div class=\"tiled-gallery type-rectangular tiled-gallery-unresized\" data-original-width=\"640\" data-carousel-extra='null' itemscope itemtype=\"http:\/\/schema.org\/ImageGallery\" > <div class=\"gallery-row\" style=\"width: 640px; height: 212px;\" data-original-width=\"640\" data-original-height=\"212\" > <div class=\"gallery-group images-1\" style=\"width: 320px; height: 212px;\" data-original-width=\"320\" data-original-height=\"212\" > <div class=\"tiled-gallery-item tiled-gallery-item-large\" itemprop=\"associatedMedia\" itemscope itemtype=\"http:\/\/schema.org\/ImageObject\"> <a href=\"https:\/\/eltrabajo.cl\/portal\/municipalidad-de-san-felipe-cuenta-con-nuevo-camion-aljibe\/foto-2-el-alcalde-de-san-felipe-patricio-freire-junto-al-gobernador-provincial-eduardo-leon-recibieron-el-nuevo-camion-aljibes-del-municipio-sanfelipeno\/\" border=\"0\" itemprop=\"url\"> <meta itemprop=\"width\" content=\"316\"> <meta itemprop=\"height\" content=\"208\"> <img decoding=\"async\" class=\"\" data-attachment-id=\"65792\" data-orig-file=\"https:\/\/eltrabajo.cl\/portal\/wp-content\/uploads\/2016\/01\/FOTO-2-EL-ALCALDE-DE-SAN-FELIPE-PATRICIO-FREIRE-JUNTO-AL-GOBERNADOR-PROVINCIAL-EDUARDO-LEON-RECIBIERON-EL-NUEVO-CAMION-ALJIBES-DEL-MUNICIPIO-SANFELIPENO.jpg\" data-orig-size=\"530,349\" data-comments-opened=\"1\" data-image-meta=\"{&quot;aperture&quot;:&quot;0&quot;,&quot;credit&quot;:&quot;&quot;,&quot;camera&quot;:&quot;&quot;,&quot;caption&quot;:&quot;&quot;,&quot;created_timestamp&quot;:&quot;0&quot;,&quot;copyright&quot;:&quot;Copyright 2012&quot;,&quot;focal_length&quot;:&quot;0&quot;,&quot;iso&quot;:&quot;0&quot;,&quot;shutter_speed&quot;:&quot;0&quot;,&quot;title&quot;:&quot;&quot;,&quot;orientation&quot;:&quot;0&quot;}\" data-image-title=\"FOTO 2 EL ALCALDE DE SAN FELIPE PATRICIO FREIRE JUNTO AL GOBERNADOR PROVINCIAL EDUARDO LEON RECIBIERON EL NUEVO CAMION ALJIBES DEL MUNICIPIO SANFELIPENO\" data-image-description=\"&lt;p&gt;El alcalde de San Felipe Patricio Freire junto al gobernador provincial Eduardo Le\u00f3n, recibieron el nuevo cami\u00f3n aljibes del municipio sanfelipe\u00f1o.&lt;\/p&gt; \" data-medium-file=\"https:\/\/i0.wp.com\/eltrabajo.cl\/portal\/wp-content\/uploads\/2016\/01\/FOTO-2-EL-ALCALDE-DE-SAN-FELIPE-PATRICIO-FREIRE-JUNTO-AL-GOBERNADOR-PROVINCIAL-EDUARDO-LEON-RECIBIERON-EL-NUEVO-CAMION-ALJIBES-DEL-MUNICIPIO-SANFELIPENO.jpg?fit=300%2C198&#038;ssl=1\" data-large-file=\"https:\/\/i0.wp.com\/eltrabajo.cl\/portal\/wp-content\/uploads\/2016\/01\/FOTO-2-EL-ALCALDE-DE-SAN-FELIPE-PATRICIO-FREIRE-JUNTO-AL-GOBERNADOR-PROVINCIAL-EDUARDO-LEON-RECIBIERON-EL-NUEVO-CAMION-ALJIBES-DEL-MUNICIPIO-SANFELIPENO.jpg?fit=530%2C349&#038;ssl=1\" src=\"https:\/\/i0.wp.com\/eltrabajo.cl\/portal\/wp-content\/uploads\/2016\/01\/FOTO-2-EL-ALCALDE-DE-SAN-FELIPE-PATRICIO-FREIRE-JUNTO-AL-GOBERNADOR-PROVINCIAL-EDUARDO-LEON-RECIBIERON-EL-NUEVO-CAMION-ALJIBES-DEL-MUNICIPIO-SANFELIPENO.jpg?w=316&#038;h=208&#038;ssl=1\" srcset=\"https:\/\/i0.wp.com\/eltrabajo.cl\/portal\/wp-content\/uploads\/2016\/01\/FOTO-2-EL-ALCALDE-DE-SAN-FELIPE-PATRICIO-FREIRE-JUNTO-AL-GOBERNADOR-PROVINCIAL-EDUARDO-LEON-RECIBIERON-EL-NUEVO-CAMION-ALJIBES-DEL-MUNICIPIO-SANFELIPENO.jpg?w=530&amp;ssl=1 530w, https:\/\/i0.wp.com\/eltrabajo.cl\/portal\/wp-content\/uploads\/2016\/01\/FOTO-2-EL-ALCALDE-DE-SAN-FELIPE-PATRICIO-FREIRE-JUNTO-AL-GOBERNADOR-PROVINCIAL-EDUARDO-LEON-RECIBIERON-EL-NUEVO-CAMION-ALJIBES-DEL-MUNICIPIO-SANFELIPENO.jpg?resize=200%2C132&amp;ssl=1 200w, https:\/\/i0.wp.com\/eltrabajo.cl\/portal\/wp-content\/uploads\/2016\/01\/FOTO-2-EL-ALCALDE-DE-SAN-FELIPE-PATRICIO-FREIRE-JUNTO-AL-GOBERNADOR-PROVINCIAL-EDUARDO-LEON-RECIBIERON-EL-NUEVO-CAMION-ALJIBES-DEL-MUNICIPIO-SANFELIPENO.jpg?resize=300%2C198&amp;ssl=1 300w, https:\/\/i0.wp.com\/eltrabajo.cl\/portal\/wp-content\/uploads\/2016\/01\/FOTO-2-EL-ALCALDE-DE-SAN-FELIPE-PATRICIO-FREIRE-JUNTO-AL-GOBERNADOR-PROVINCIAL-EDUARDO-LEON-RECIBIERON-EL-NUEVO-CAMION-ALJIBES-DEL-MUNICIPIO-SANFELIPENO.jpg?resize=228%2C150&amp;ssl=1 228w, https:\/\/i0.wp.com\/eltrabajo.cl\/portal\/wp-content\/uploads\/2016\/01\/FOTO-2-EL-ALCALDE-DE-SAN-FELIPE-PATRICIO-FREIRE-JUNTO-AL-GOBERNADOR-PROVINCIAL-EDUARDO-LEON-RECIBIERON-EL-NUEVO-CAMION-ALJIBES-DEL-MUNICIPIO-SANFELIPENO.jpg?resize=400%2C263&amp;ssl=1 400w\" width=\"316\" height=\"208\" loading=\"lazy\" data-original-width=\"316\" data-original-height=\"208\" itemprop=\"http:\/\/schema.org\/image\" title=\"FOTO 2 EL ALCALDE DE SAN FELIPE PATRICIO FREIRE JUNTO AL GOBERNADOR PROVINCIAL EDUARDO LEON RECIBIERON EL NUEVO CAMION ALJIBES DEL MUNICIPIO SANFELIPENO\" alt=\"El alcalde de San Felipe Patricio Freire junto al gobernador provincial Eduardo Le\u00f3n, recibieron el nuevo cami\u00f3n aljibes del municipio sanfelipe\u00f1o.\" style=\"width: 316px; height: 208px;\" \/> <\/a> <div class=\"tiled-gallery-caption\" itemprop=\"caption description\"> El alcalde de San Felipe Patricio Freire junto al gobernador provincial Eduardo Le\u00f3n, recibieron el nuevo cami\u00f3n aljibes del municipio sanfelipe\u00f1o. <\/div> <\/div> <\/div> <!-- close group --> <div class=\"gallery-group images-1\" style=\"width: 320px; height: 212px;\" data-original-width=\"320\" data-original-height=\"212\" > <div class=\"tiled-gallery-item tiled-gallery-item-large\" itemprop=\"associatedMedia\" itemscope itemtype=\"http:\/\/schema.org\/ImageObject\"> <a href=\"https:\/\/eltrabajo.cl\/portal\/municipalidad-de-san-felipe-cuenta-con-nuevo-camion-aljibe\/foto-1-claudio-paredes-secretario-de-planificacion-de-la-municipalidad-de-san-felipe\/\" border=\"0\" itemprop=\"url\"> <meta itemprop=\"width\" content=\"316\"> <meta itemprop=\"height\" content=\"208\"> <img decoding=\"async\" class=\"\" data-attachment-id=\"65791\" data-orig-file=\"https:\/\/eltrabajo.cl\/portal\/wp-content\/uploads\/2016\/01\/FOTO-1-CLAUDIO-PAREDES-SECRETARIO-DE-PLANIFICACION-DE-LA-MUNICIPALIDAD-DE-SAN-FELIPE.jpg\" data-orig-size=\"530,349\" data-comments-opened=\"1\" data-image-meta=\"{&quot;aperture&quot;:&quot;0&quot;,&quot;credit&quot;:&quot;&quot;,&quot;camera&quot;:&quot;&quot;,&quot;caption&quot;:&quot;&quot;,&quot;created_timestamp&quot;:&quot;0&quot;,&quot;copyright&quot;:&quot;Copyright 2012&quot;,&quot;focal_length&quot;:&quot;0&quot;,&quot;iso&quot;:&quot;0&quot;,&quot;shutter_speed&quot;:&quot;0&quot;,&quot;title&quot;:&quot;&quot;,&quot;orientation&quot;:&quot;0&quot;}\" data-image-title=\"FOTO 1 CLAUDIO PAREDES SECRETARIO DE PLANIFICACION DE LA MUNICIPALIDAD DE SAN FELIPE\" data-image-description=\"&lt;p&gt;Claudio Paredes, secretario de planificaci\u00f3n de la Municipalidad de San Felipe.&lt;\/p&gt; \" data-medium-file=\"https:\/\/i0.wp.com\/eltrabajo.cl\/portal\/wp-content\/uploads\/2016\/01\/FOTO-1-CLAUDIO-PAREDES-SECRETARIO-DE-PLANIFICACION-DE-LA-MUNICIPALIDAD-DE-SAN-FELIPE.jpg?fit=300%2C198&#038;ssl=1\" data-large-file=\"https:\/\/i0.wp.com\/eltrabajo.cl\/portal\/wp-content\/uploads\/2016\/01\/FOTO-1-CLAUDIO-PAREDES-SECRETARIO-DE-PLANIFICACION-DE-LA-MUNICIPALIDAD-DE-SAN-FELIPE.jpg?fit=530%2C349&#038;ssl=1\" src=\"https:\/\/i0.wp.com\/eltrabajo.cl\/portal\/wp-content\/uploads\/2016\/01\/FOTO-1-CLAUDIO-PAREDES-SECRETARIO-DE-PLANIFICACION-DE-LA-MUNICIPALIDAD-DE-SAN-FELIPE.jpg?w=316&#038;h=208&#038;ssl=1\" srcset=\"https:\/\/i0.wp.com\/eltrabajo.cl\/portal\/wp-content\/uploads\/2016\/01\/FOTO-1-CLAUDIO-PAREDES-SECRETARIO-DE-PLANIFICACION-DE-LA-MUNICIPALIDAD-DE-SAN-FELIPE.jpg?w=530&amp;ssl=1 530w, https:\/\/i0.wp.com\/eltrabajo.cl\/portal\/wp-content\/uploads\/2016\/01\/FOTO-1-CLAUDIO-PAREDES-SECRETARIO-DE-PLANIFICACION-DE-LA-MUNICIPALIDAD-DE-SAN-FELIPE.jpg?resize=200%2C132&amp;ssl=1 200w, https:\/\/i0.wp.com\/eltrabajo.cl\/portal\/wp-content\/uploads\/2016\/01\/FOTO-1-CLAUDIO-PAREDES-SECRETARIO-DE-PLANIFICACION-DE-LA-MUNICIPALIDAD-DE-SAN-FELIPE.jpg?resize=300%2C198&amp;ssl=1 300w, https:\/\/i0.wp.com\/eltrabajo.cl\/portal\/wp-content\/uploads\/2016\/01\/FOTO-1-CLAUDIO-PAREDES-SECRETARIO-DE-PLANIFICACION-DE-LA-MUNICIPALIDAD-DE-SAN-FELIPE.jpg?resize=228%2C150&amp;ssl=1 228w, https:\/\/i0.wp.com\/eltrabajo.cl\/portal\/wp-content\/uploads\/2016\/01\/FOTO-1-CLAUDIO-PAREDES-SECRETARIO-DE-PLANIFICACION-DE-LA-MUNICIPALIDAD-DE-SAN-FELIPE.jpg?resize=400%2C263&amp;ssl=1 400w\" width=\"316\" height=\"208\" loading=\"lazy\" data-original-width=\"316\" data-original-height=\"208\" itemprop=\"http:\/\/schema.org\/image\" title=\"FOTO 1 CLAUDIO PAREDES SECRETARIO DE PLANIFICACION DE LA MUNICIPALIDAD DE SAN FELIPE\" alt=\"Claudio Paredes, secretario de planificaci\u00f3n de la Municipalidad de San Felipe.\" style=\"width: 316px; height: 208px;\" \/> <\/a> <div class=\"tiled-gallery-caption\" itemprop=\"caption description\"> Claudio Paredes, secretario de planificaci\u00f3n de la Municipalidad de San Felipe. <\/div> <\/div> <\/div> <!-- close group --> <\/div> <!-- close row --> <\/div>\n","protected":false},"excerpt":{"rendered":"<p>Gracias al aporte del ministerio del interior y a la gesti\u00f3n de la gobernaci\u00f3n provincial, el municipio sanfelipe\u00f1o cuenta con modernos veh\u00edculo que permite transportar 10 mil litros de agua potable. A&#8230;<\/p>\n","protected":false},"author":482,"featured_media":65790,"comment_status":"open","ping_status":"open","sticky":false,"template":"","format":"standard","meta":{"advanced_seo_description":"","jetpack_seo_html_title":"","jetpack_seo_noindex":false,"_jetpack_memberships_contains_paid_content":false,"footnotes":""},"categories":[1],"tags":[],"class_list":["post-65789","post","type-post","status-publish","format-standard","has-post-thumbnail","hentry","category-cronica"],"jetpack_featured_media_url":"https:\/\/i0.wp.com\/eltrabajo.cl\/portal\/wp-content\/uploads\/2016\/01\/FOTO-3-AUTORIDADES-LOCALES-SE-MOSTRARON-FELICES-DE-PODER-.jpg?fit=530%2C349&ssl=1","jetpack_sharing_enabled":true,"jetpack_likes_enabled":true,"jetpack-related-posts":[],"_links":{"self":[{"href":"https:\/\/eltrabajo.cl\/portal\/wp-json\/wp\/v2\/posts\/65789","targetHints":{"allow":["GET"]}}],"collection":[{"href":"https:\/\/eltrabajo.cl\/portal\/wp-json\/wp\/v2\/posts"}],"about":[{"href":"https:\/\/eltrabajo.cl\/portal\/wp-json\/wp\/v2\/types\/post"}],"author":[{"embeddable":true,"href":"https:\/\/eltrabajo.cl\/portal\/wp-json\/wp\/v2\/users\/482"}],"replies":[{"embeddable":true,"href":"https:\/\/eltrabajo.cl\/portal\/wp-json\/wp\/v2\/comments?post=65789"}],"version-history":[{"count":0,"href":"https:\/\/eltrabajo.cl\/portal\/wp-json\/wp\/v2\/posts\/65789\/revisions"}],"wp:featuredmedia":[{"embeddable":true,"href":"https:\/\/eltrabajo.cl\/portal\/wp-json\/wp\/v2\/media\/65790"}],"wp:attachment":[{"href":"https:\/\/eltrabajo.cl\/portal\/wp-json\/wp\/v2\/media?parent=65789"}],"wp:term":[{"taxonomy":"category","embeddable":true,"href":"https:\/\/eltrabajo.cl\/portal\/wp-json\/wp\/v2\/categories?post=65789"},{"taxonomy":"post_tag","embeddable":true,"href":"https:\/\/eltrabajo.cl\/portal\/wp-json\/wp\/v2\/tags?post=65789"}],"curies":[{"name":"wp","href":"https:\/\/api.w.org\/{rel}","templated":true}]}}