{"id":65805,"date":"2016-01-14T14:51:31","date_gmt":"2016-01-14T17:51:31","guid":{"rendered":"http:\/\/www.eltrabajo.cl\/portal\/?p=65805"},"modified":"2016-01-14T14:51:31","modified_gmt":"2016-01-14T17:51:31","slug":"tribunal-absuelve-a-joven-acusado-de-abusar-y-violar-a-su-hermana","status":"publish","type":"post","link":"https:\/\/eltrabajo.cl\/portal\/tribunal-absuelve-a-joven-acusado-de-abusar-y-violar-a-su-hermana\/","title":{"rendered":"Tribunal absuelve a joven acusado de abusar y violar a su hermana"},"content":{"rendered":"<figure id=\"attachment_65806\" aria-describedby=\"caption-attachment-65806\" style=\"width: 300px\" class=\"wp-caption alignleft\"><img data-recalc-dims=\"1\" loading=\"lazy\" decoding=\"async\" class=\"wp-image-65806 size-medium\" src=\"https:\/\/i0.wp.com\/www.eltrabajo.cl\/portal\/wp-content\/uploads\/2016\/01\/DEFENSORA-MARIA-ISABEL-MONTENEGRO-300x199.jpg?resize=300%2C199\" alt=\"La abogado defensora, Mar\u00eda Isabel Montenegro.\" width=\"300\" height=\"199\" srcset=\"https:\/\/i0.wp.com\/eltrabajo.cl\/portal\/wp-content\/uploads\/2016\/01\/DEFENSORA-MARIA-ISABEL-MONTENEGRO.jpg?resize=300%2C199&amp;ssl=1 300w, https:\/\/i0.wp.com\/eltrabajo.cl\/portal\/wp-content\/uploads\/2016\/01\/DEFENSORA-MARIA-ISABEL-MONTENEGRO.jpg?resize=200%2C133&amp;ssl=1 200w, https:\/\/i0.wp.com\/eltrabajo.cl\/portal\/wp-content\/uploads\/2016\/01\/DEFENSORA-MARIA-ISABEL-MONTENEGRO.jpg?resize=226%2C150&amp;ssl=1 226w, https:\/\/i0.wp.com\/eltrabajo.cl\/portal\/wp-content\/uploads\/2016\/01\/DEFENSORA-MARIA-ISABEL-MONTENEGRO.jpg?resize=400%2C265&amp;ssl=1 400w, https:\/\/i0.wp.com\/eltrabajo.cl\/portal\/wp-content\/uploads\/2016\/01\/DEFENSORA-MARIA-ISABEL-MONTENEGRO.jpg?w=528&amp;ssl=1 528w\" sizes=\"auto, (max-width: 300px) 100vw, 300px\" \/><figcaption id=\"caption-attachment-65806\" class=\"wp-caption-text\">La abogado defensora, Mar\u00eda Isabel Montenegro.<\/figcaption><\/figure>\n<ul>\n<li><strong>Los hechos se habr\u00edan producido en la comuna de Catemu y en Copiap\u00f3 desde el 2011 al 2014. El Ministerio P\u00fablico persegu\u00eda una condena privativa de libertad por aparentes aberraciones cometidas de manera reiterada.<\/strong><\/li>\n<\/ul>\n<p>Por unanimidad, la terna de jueces del Tribunal Oral en lo Penal de San Felipe absolvi\u00f3 a un joven acusado de haber abusado sexualmente y violado a su hermana, en circunstancias en que ambos eran menores de edad. De acuerdo a las pruebas de la Fiscal\u00eda, los ultrajes se habr\u00edan cometido de manera reiterada durante cuatro a\u00f1os consecutivos en la comuna de Catemu y en Copiap\u00f3.<br \/>\nDurante el juicio oral concluido la tarde ayer mi\u00e9rcoles, la Fiscal a cargo del caso, Daniela Quevedo Henr\u00edquez, sostuvo de acuerdo al relato de la v\u00edctima, el de sus padres y dos profesoras que realizaron la denuncia, que los crudos episodios se habr\u00edan producido cuando la ni\u00f1a de 11 a\u00f1os comenz\u00f3 a ser abusada sexualmente por su hermano de 15, desde el a\u00f1o 2011 en la localidad de Catemu.<br \/>\nLas pruebas rendidas demostrar\u00edan que el entonces adolescente habr\u00eda violado a su hermana en dos periodos distintos. \u201cElla refiere dos actos de violaci\u00f3n en la comuna de Catemu y posteriormente se comienzan a reiterar en la ciudad de Copiap\u00f3 hasta que ella cumple los 14 a\u00f1os. Eso es lo que fue investigado y la prueba que rindi\u00f3 fue presentada ante el Tribunal Oral en San Felipe\u201d, sostiene la persecutora Daniela Quevedo.<\/p>\n<figure id=\"attachment_65807\" aria-describedby=\"caption-attachment-65807\" style=\"width: 300px\" class=\"wp-caption alignright\"><img data-recalc-dims=\"1\" loading=\"lazy\" decoding=\"async\" class=\"wp-image-65807 size-medium\" src=\"https:\/\/i0.wp.com\/www.eltrabajo.cl\/portal\/wp-content\/uploads\/2016\/01\/FISCAL-DANIELA-QUEVEDO-300x197.jpg?resize=300%2C197\" alt=\"Fiscal Daniela Quevedo Henr\u00edquez, Fiscal de Delitos Sexuales del Ministerio P\u00fablico de San Felipe.\" width=\"300\" height=\"197\" srcset=\"https:\/\/i0.wp.com\/eltrabajo.cl\/portal\/wp-content\/uploads\/2016\/01\/FISCAL-DANIELA-QUEVEDO.jpg?resize=300%2C197&amp;ssl=1 300w, https:\/\/i0.wp.com\/eltrabajo.cl\/portal\/wp-content\/uploads\/2016\/01\/FISCAL-DANIELA-QUEVEDO.jpg?resize=200%2C131&amp;ssl=1 200w, https:\/\/i0.wp.com\/eltrabajo.cl\/portal\/wp-content\/uploads\/2016\/01\/FISCAL-DANIELA-QUEVEDO.jpg?resize=228%2C150&amp;ssl=1 228w, https:\/\/i0.wp.com\/eltrabajo.cl\/portal\/wp-content\/uploads\/2016\/01\/FISCAL-DANIELA-QUEVEDO.jpg?resize=400%2C263&amp;ssl=1 400w, https:\/\/i0.wp.com\/eltrabajo.cl\/portal\/wp-content\/uploads\/2016\/01\/FISCAL-DANIELA-QUEVEDO.jpg?w=530&amp;ssl=1 530w\" sizes=\"auto, (max-width: 300px) 100vw, 300px\" \/><figcaption id=\"caption-attachment-65807\" class=\"wp-caption-text\">Fiscal Daniela Quevedo Henr\u00edquez, Fiscal de Delitos Sexuales del Ministerio P\u00fablico de San Felipe.<\/figcaption><\/figure>\n<p>Adem\u00e1s el Ministerio P\u00fablico present\u00f3 durante el juicio informes de credibilidad de los relatos de la v\u00edctima y pericias cient\u00edficas del Servicio M\u00e9dico Legal que acreditaban una presunta violaci\u00f3n. \u201cLas pruebas que se ventilaron durante el juicio fueron fundamentalmente la declaraci\u00f3n de la v\u00edctima, la de sus padres y dos profesoras quienes son las que realizan la denuncia; hab\u00eda una pericia del Servicio M\u00e9dico Legal de la ciudad de Copiap\u00f3 que tambi\u00e9n acreditaba una desfloraci\u00f3n y la perito da credibilidad al relato y da\u00f1o psicol\u00f3gico\u201d, dijo la Fiscal.<br \/>\nPese a que la Fiscal\u00eda persegu\u00eda una condena privativa de libertad para el acusado, actualmente mayor de edad, el Tribunal adem\u00e1s de los cargos antes mencionados desestim\u00f3 el delito de estupro que a\u00f1ad\u00eda el Ministerio P\u00fablico en su acusaci\u00f3n, revelando durante el veredicto que las pruebas rendidas por la Fiscal\u00eda no eran suficientes para acreditar los hechos denunciados.<br \/>\n\u201cEl veredicto del Tribunal Oral decidi\u00f3 absolver por todos los cargos que el Ministerio P\u00fablico le imputaba al acusado. \u00c9sta es una investigaci\u00f3n que llega desde la ciudad de Copiap\u00f3, lugar donde la menor viv\u00eda con su grupo familiar, se realiza la denuncia desde el a\u00f1o 2014 y se comienzan a hacer todas las diligencias pertinentes y es transferida la causa ac\u00e1 porque los hechos se habr\u00edan cometido en la comuna de Catemu. El veredicto del Tribunal se refiere a que no hab\u00eda pruebas suficientes para acreditar los delitos, no se funda m\u00e1s all\u00e1 que eso. Ahora habr\u00e1 que esperar en la lectura de la sentencia que se realizar\u00e1 el 18 de enero\u201d, acot\u00f3 Quevedo.<br \/>\nLa Fiscal agreg\u00f3 que se podr\u00eda elevar eventualmente un recurso de nulidad siempre y cuando la v\u00edctima pudiese enfrentar la realizaci\u00f3n de un nuevo juicio: \u201cHabr\u00e1 que estudiar y analizar la sentencia, si existe alg\u00fan vicio que permita al Ministerio P\u00fablico elevar el correspondiente recurso de nulidad, siempre que la v\u00edctima est\u00e9 en una disposici\u00f3n como para enfrentar un nuevo juicio porque eso significa victimizar nuevamente\u201d.<br \/>\nPor su parte, la abogado defensora del acusado, Mar\u00eda Isabel Montenegro, se refiri\u00f3 a que el veredicto del Tribunal Oral de San Felipe fue una resoluci\u00f3n justa que liber\u00f3 a su representado tras permanecer privado de libertad en distintos per\u00edodos de la investigaci\u00f3n, incluso durante la realizaci\u00f3n de este juicio para garantizar su comparecencia y un inminente peligro de fuga.<br \/>\n\u201cFue una resoluci\u00f3n justa considerando la cantidad y la calidad que present\u00f3 el Ministerio P\u00fablico, de todas maneras hay que recordar que existe un plazo dentro del cual la Fiscal\u00eda podr\u00eda recurrir de nulidad, a\u00fan no est\u00e1 firme la sentencia. A mi representado se le acus\u00f3 de abuso sexual, violaci\u00f3n reiterada y estupro. Insistimos en su inocencia que el Ministerio P\u00fablico no pod\u00eda acreditar los hechos que se le imputaban a este joven desde que ten\u00eda 15 a\u00f1os hasta los 19\u201d, precis\u00f3 la abogada defensora.<br \/>\nPablo Salinas Sald\u00edas<\/p>\n","protected":false},"excerpt":{"rendered":"<p>Los hechos se habr\u00edan producido en la comuna de Catemu y en Copiap\u00f3 desde el 2011 al 2014. El Ministerio P\u00fablico persegu\u00eda una condena privativa de libertad por aparentes aberraciones cometidas de&#8230;<\/p>\n","protected":false},"author":482,"featured_media":65806,"comment_status":"open","ping_status":"open","sticky":false,"template":"","format":"standard","meta":{"advanced_seo_description":"","jetpack_seo_html_title":"","jetpack_seo_noindex":false,"_jetpack_memberships_contains_paid_content":false,"footnotes":""},"categories":[21],"tags":[],"class_list":["post-65805","post","type-post","status-publish","format-standard","has-post-thumbnail","hentry","category-policial"],"jetpack_featured_media_url":"https:\/\/i0.wp.com\/eltrabajo.cl\/portal\/wp-content\/uploads\/2016\/01\/DEFENSORA-MARIA-ISABEL-MONTENEGRO.jpg?fit=528%2C350&ssl=1","jetpack_sharing_enabled":true,"jetpack_likes_enabled":true,"jetpack-related-posts":[],"_links":{"self":[{"href":"https:\/\/eltrabajo.cl\/portal\/wp-json\/wp\/v2\/posts\/65805","targetHints":{"allow":["GET"]}}],"collection":[{"href":"https:\/\/eltrabajo.cl\/portal\/wp-json\/wp\/v2\/posts"}],"about":[{"href":"https:\/\/eltrabajo.cl\/portal\/wp-json\/wp\/v2\/types\/post"}],"author":[{"embeddable":true,"href":"https:\/\/eltrabajo.cl\/portal\/wp-json\/wp\/v2\/users\/482"}],"replies":[{"embeddable":true,"href":"https:\/\/eltrabajo.cl\/portal\/wp-json\/wp\/v2\/comments?post=65805"}],"version-history":[{"count":0,"href":"https:\/\/eltrabajo.cl\/portal\/wp-json\/wp\/v2\/posts\/65805\/revisions"}],"wp:featuredmedia":[{"embeddable":true,"href":"https:\/\/eltrabajo.cl\/portal\/wp-json\/wp\/v2\/media\/65806"}],"wp:attachment":[{"href":"https:\/\/eltrabajo.cl\/portal\/wp-json\/wp\/v2\/media?parent=65805"}],"wp:term":[{"taxonomy":"category","embeddable":true,"href":"https:\/\/eltrabajo.cl\/portal\/wp-json\/wp\/v2\/categories?post=65805"},{"taxonomy":"post_tag","embeddable":true,"href":"https:\/\/eltrabajo.cl\/portal\/wp-json\/wp\/v2\/tags?post=65805"}],"curies":[{"name":"wp","href":"https:\/\/api.w.org\/{rel}","templated":true}]}}