{"id":65815,"date":"2016-01-15T14:14:50","date_gmt":"2016-01-15T17:14:50","guid":{"rendered":"http:\/\/www.eltrabajo.cl\/portal\/?p=65815"},"modified":"2016-01-15T14:14:50","modified_gmt":"2016-01-15T17:14:50","slug":"certifican-capacitacion-de-11-reclusos-que-trabajaron-en-vina","status":"publish","type":"post","link":"https:\/\/eltrabajo.cl\/portal\/certifican-capacitacion-de-11-reclusos-que-trabajaron-en-vina\/","title":{"rendered":"Certifican capacitaci\u00f3n de 11 reclusos que trabajaron en vi\u00f1a"},"content":{"rendered":"<figure id=\"attachment_65816\" aria-describedby=\"caption-attachment-65816\" style=\"width: 300px\" class=\"wp-caption alignleft\"><img data-recalc-dims=\"1\" loading=\"lazy\" decoding=\"async\" class=\"wp-image-65816 size-medium\" src=\"https:\/\/i0.wp.com\/www.eltrabajo.cl\/portal\/wp-content\/uploads\/2016\/01\/Capacitacion-vina-San-Esteban-2-300x198.jpg?resize=300%2C198\" alt=\"Luego de un mes de capacitaci\u00f3n fueron certificados 11 internos en Vi\u00f1a San Esteban, siendo esta la primera vez que se realiza esta iniciativa incorporando a personas que cumplen una condena.\" width=\"300\" height=\"198\" srcset=\"https:\/\/i0.wp.com\/eltrabajo.cl\/portal\/wp-content\/uploads\/2016\/01\/Capacitacion-vina-San-Esteban-2.jpg?resize=300%2C198&amp;ssl=1 300w, https:\/\/i0.wp.com\/eltrabajo.cl\/portal\/wp-content\/uploads\/2016\/01\/Capacitacion-vina-San-Esteban-2.jpg?resize=200%2C132&amp;ssl=1 200w, https:\/\/i0.wp.com\/eltrabajo.cl\/portal\/wp-content\/uploads\/2016\/01\/Capacitacion-vina-San-Esteban-2.jpg?resize=227%2C150&amp;ssl=1 227w, https:\/\/i0.wp.com\/eltrabajo.cl\/portal\/wp-content\/uploads\/2016\/01\/Capacitacion-vina-San-Esteban-2.jpg?resize=400%2C264&amp;ssl=1 400w, https:\/\/i0.wp.com\/eltrabajo.cl\/portal\/wp-content\/uploads\/2016\/01\/Capacitacion-vina-San-Esteban-2.jpg?w=530&amp;ssl=1 530w\" sizes=\"auto, (max-width: 300px) 100vw, 300px\" \/><figcaption id=\"caption-attachment-65816\" class=\"wp-caption-text\">Luego de un mes de capacitaci\u00f3n fueron certificados 11 internos en Vi\u00f1a San Esteban, siendo esta la primera vez que se realiza esta iniciativa incorporando a personas que cumplen una condena.<\/figcaption><\/figure>\n<ul>\n<li><strong>Gendarmer\u00eda y la Universidad del Aconcagua se unieron para apoyar la reinserci\u00f3n laboral de un grupo de once reclusos que trabajan sin custodia<\/strong><\/li>\n<\/ul>\n<p><strong>SAN ESTEBAN.<\/strong>&#8211; Son cerca de las seis y media de la ma\u00f1ana y once personas privadas de libertad que cumplen condena en el Centro de Educaci\u00f3n y Trabajo (CET) de Putaendo emprenden el camino hacia la Vi\u00f1a San Esteban, ubicada en la comuna del mismo nombre, sin custodia alguna. Pese a ello, los mismos once reclusos volver\u00e1n a la unidad penitenciaria al final del d\u00eda, luego de una ardua jornada laboral.<br \/>\nEsta rutina se ha repetido durante el \u00faltimo a\u00f1o sin ning\u00fan tipo de alteraci\u00f3n, salvo el curso de Manejo de Vi\u00f1edos al que accedieron en el mes de diciembre. Esta iniciativa, la cual les permiti\u00f3 certificar sus capacidades en el rubro vitivin\u00edcola, se realiza por primera vez a personas que cumplen una condena.<br \/>\nDurante un mes los internos fueron capacitados por profesionales de la Universidad del Aconcagua, instituci\u00f3n que se uni\u00f3 con Gendarmer\u00eda para apoyar la reinserci\u00f3n laboral de quienes hoy est\u00e1n privados de libertad.<br \/>\nEl Director Nacional de Gendarmer\u00eda, coronel Tulio Arce, destac\u00f3 la importancia de reinsertar laboralmente a la poblaci\u00f3n penal.<br \/>\n\u201cEsta capacitaci\u00f3n in\u00e9dita responde a uno de los lineamientos de nuestra Instituci\u00f3n, que es entregar herramientas a las personas bajo nuestra custodia, para que puedan enfrentar su egreso de los recintos penales de buena manera y evitar la reincidencia en el delito.<br \/>\n\u201cEn este caso, se est\u00e1n beneficiando usuarios del Centro de Estudio y Trabajo de Putaendo, quienes cuentan con nuestro apoyo y confianza para lograr finalizar su condena bajo un r\u00e9gimen especial, que les permita, gracias a su esfuerzo y buen comportamiento, trabajar mientras se encuentren privados de libertad. Para Gendarmer\u00eda, es de trascendental relevancia este tipo de acciones, ya que as\u00ed conseguimos aportar a la sociedad en materia de seguridad con personas reinsertadas y capaces de contribuir como fuerza laboral\u201d, afirm\u00f3<br \/>\nEn la misma l\u00ednea la seremi de justicia, Paz Anastasiadis, se\u00f1al\u00f3 que: \u201cnosotros, en la quinta regi\u00f3n, hemos querido trabajar permanente en la reinserci\u00f3n. Proyectos como este nos permiten fortalecer el trabajo en reinserci\u00f3n laboral\u201d.<br \/>\nPor su parte el rector de la casa de estudios, Gast\u00f3n Zegard, afirm\u00f3 que: \u201cEsto es muy potente. Esto contribuye a la sociedad quiz\u00e1s m\u00e1s que muchas otras iniciativas. Los internos que se eligen para los cursos son gente que tiene muchas ganas de reinsertarse, de aprender cosas. A gente como esta l\u00f3gicamente que hay que tratar de darle oportunidades\u201d.<br \/>\nUna de las personas destacadas por el docente fue Sergio Cort\u00e9s, quien se encuentra cumpliendo condena por tr\u00e1fico de drogas y que, al igual que sus compa\u00f1eros, se mostr\u00f3 muy agradecido por la iniciativa de la que son protagonistas.<br \/>\n\u201cEn verdad es algo que uno no se espera estando en esta situaci\u00f3n, nos ha servido bastante. Yo llevo bastante tiempo privado de libertad y esto es algo que me enorgullece porque no pretend\u00eda estar en un lugar as\u00ed, pero me han dado las oportunidades. Me quedan como tres a\u00f1os y quiero seguir trabajando\u201d.<br \/>\n\u201cPuedo decir que estoy m\u00e1s o menos rehabilitado. Converso con mis hijos y ellos tambi\u00e9n est\u00e1n orgullosos. En mi situaci\u00f3n siempre los he dejado abandonados por mucho tiempo, no supe disfrutar la ni\u00f1ez de ellos y esto me hace sentirme orgulloso de estos logros. Ellos han sufrido harto por mis errores, pero ahora les estoy dando un momento de alegr\u00eda\u201d, reconoci\u00f3 Sergio.<br \/>\nPero esta historia no habr\u00eda sido posible sin el profundo compromiso social de la Vi\u00f1a San Esteban, quienes firmaron un convenio de prestaci\u00f3n de servicios con el CET de Putaendo en agosto del 2013<br \/>\n\u201cEllos feliz de ir a clases, era como el recreo despu\u00e9s de trabajar, porque los llevaba a otro mundo. Esto les sirve para asegurar que los trabajos van a ser de buena forma y eso va a hacer de buena calidad el producto y, por otro lado, da m\u00e1s facilidades a los supervisores o controladores del grupo de trabajo. Uno de los grandes problemas de la agricultura es que la gente no est\u00e1 capacitada\u201d, expres\u00f3 Gabriel Moraga, gerente agr\u00edcola de la Vi\u00f1a.<br \/>\nTan solo meses despu\u00e9s de la firma del convenio la Vi\u00f1a acoger\u00eda a los primeros internos en sus vides, las que han pasado a ser un segundo hogar para quienes hoy se certificador en este innovador programa y ven con esperanza lo que les depara el futuro.<\/p>\n","protected":false},"excerpt":{"rendered":"<p>Gendarmer\u00eda y la Universidad del Aconcagua se unieron para apoyar la reinserci\u00f3n laboral de un grupo de once reclusos que trabajan sin custodia SAN ESTEBAN.&#8211; Son cerca de las seis y media&#8230;<\/p>\n","protected":false},"author":482,"featured_media":65816,"comment_status":"open","ping_status":"open","sticky":false,"template":"","format":"standard","meta":{"advanced_seo_description":"","jetpack_seo_html_title":"","jetpack_seo_noindex":false,"_jetpack_memberships_contains_paid_content":false,"footnotes":""},"categories":[15],"tags":[],"class_list":["post-65815","post","type-post","status-publish","format-standard","has-post-thumbnail","hentry","category-comunidad"],"jetpack_featured_media_url":"https:\/\/i0.wp.com\/eltrabajo.cl\/portal\/wp-content\/uploads\/2016\/01\/Capacitacion-vina-San-Esteban-2.jpg?fit=530%2C350&ssl=1","jetpack_sharing_enabled":true,"jetpack_likes_enabled":true,"jetpack-related-posts":[],"_links":{"self":[{"href":"https:\/\/eltrabajo.cl\/portal\/wp-json\/wp\/v2\/posts\/65815","targetHints":{"allow":["GET"]}}],"collection":[{"href":"https:\/\/eltrabajo.cl\/portal\/wp-json\/wp\/v2\/posts"}],"about":[{"href":"https:\/\/eltrabajo.cl\/portal\/wp-json\/wp\/v2\/types\/post"}],"author":[{"embeddable":true,"href":"https:\/\/eltrabajo.cl\/portal\/wp-json\/wp\/v2\/users\/482"}],"replies":[{"embeddable":true,"href":"https:\/\/eltrabajo.cl\/portal\/wp-json\/wp\/v2\/comments?post=65815"}],"version-history":[{"count":0,"href":"https:\/\/eltrabajo.cl\/portal\/wp-json\/wp\/v2\/posts\/65815\/revisions"}],"wp:featuredmedia":[{"embeddable":true,"href":"https:\/\/eltrabajo.cl\/portal\/wp-json\/wp\/v2\/media\/65816"}],"wp:attachment":[{"href":"https:\/\/eltrabajo.cl\/portal\/wp-json\/wp\/v2\/media?parent=65815"}],"wp:term":[{"taxonomy":"category","embeddable":true,"href":"https:\/\/eltrabajo.cl\/portal\/wp-json\/wp\/v2\/categories?post=65815"},{"taxonomy":"post_tag","embeddable":true,"href":"https:\/\/eltrabajo.cl\/portal\/wp-json\/wp\/v2\/tags?post=65815"}],"curies":[{"name":"wp","href":"https:\/\/api.w.org\/{rel}","templated":true}]}}