{"id":65818,"date":"2016-01-15T14:18:09","date_gmt":"2016-01-15T17:18:09","guid":{"rendered":"http:\/\/www.eltrabajo.cl\/portal\/?p=65818"},"modified":"2016-01-15T14:18:09","modified_gmt":"2016-01-15T17:18:09","slug":"con-desayuno-especial-en-el-museo-preparan-agenda-2016","status":"publish","type":"post","link":"https:\/\/eltrabajo.cl\/portal\/con-desayuno-especial-en-el-museo-preparan-agenda-2016\/","title":{"rendered":"Con desayuno especial en el Museo, preparan agenda 2016"},"content":{"rendered":"<figure id=\"attachment_65819\" aria-describedby=\"caption-attachment-65819\" style=\"width: 300px\" class=\"wp-caption alignleft\"><img data-recalc-dims=\"1\" loading=\"lazy\" decoding=\"async\" class=\"wp-image-65819 size-medium\" src=\"https:\/\/i0.wp.com\/www.eltrabajo.cl\/portal\/wp-content\/uploads\/2016\/01\/Museo1-300x198.jpg?resize=300%2C198\" alt=\"BUEN APETITO.- La ma\u00f1ana de este jueves se realiz\u00f3 en el Museo Hist\u00f3rico de la Sociedad de Historia y Arqueolog\u00eda de Aconcagua, un desayuno especial para agradecer a los colaboradores m\u00e1s cercanos de la instituci\u00f3n, todo el apoyo recibido durante todo el 2015.\" width=\"300\" height=\"198\" srcset=\"https:\/\/i0.wp.com\/eltrabajo.cl\/portal\/wp-content\/uploads\/2016\/01\/Museo1.jpg?resize=300%2C198&amp;ssl=1 300w, https:\/\/i0.wp.com\/eltrabajo.cl\/portal\/wp-content\/uploads\/2016\/01\/Museo1.jpg?resize=200%2C132&amp;ssl=1 200w, https:\/\/i0.wp.com\/eltrabajo.cl\/portal\/wp-content\/uploads\/2016\/01\/Museo1.jpg?resize=227%2C150&amp;ssl=1 227w, https:\/\/i0.wp.com\/eltrabajo.cl\/portal\/wp-content\/uploads\/2016\/01\/Museo1.jpg?resize=400%2C264&amp;ssl=1 400w, https:\/\/i0.wp.com\/eltrabajo.cl\/portal\/wp-content\/uploads\/2016\/01\/Museo1.jpg?w=530&amp;ssl=1 530w\" sizes=\"auto, (max-width: 300px) 100vw, 300px\" \/><figcaption id=\"caption-attachment-65819\" class=\"wp-caption-text\">BUEN APETITO.- La ma\u00f1ana de este jueves se realiz\u00f3 en el Museo Hist\u00f3rico de la Sociedad de Historia y Arqueolog\u00eda de Aconcagua, un desayuno especial para agradecer a los colaboradores m\u00e1s cercanos de la instituci\u00f3n, todo el apoyo recibido durante todo el 2015.<\/figcaption><\/figure>\n<p>La ma\u00f1ana de este jueves se realiz\u00f3 en el Museo Hist\u00f3rico de la Sociedad de Historia y Arqueolog\u00eda de Aconcagua, un desayuno especial para agradecer a los colaboradores m\u00e1s cercanos de la instituci\u00f3n, todo el apoyo recibido durante todo el 2015. Al encuentro de camarader\u00eda asistieron funcionarios y amigos del museo, compartieron de lo ofrecido y tambi\u00e9n comentaron el plan de trabajo de 2016.<\/p>\n<p><strong>AMIGOS DEL MUSEO<\/strong><br \/>\nEste museo fue fundado en los a\u00f1os \u201850, desde esa fecha carece de un local propio, hoy en d\u00eda la Municipalidad de San Felipe arrienda la casa ubicada en Freire N\u00b012, en donde funciona el museo que resguarda una rica colecci\u00f3n de piezas de arqueolog\u00eda correspondiente a la Cultura Aconcagua, as\u00ed como tambi\u00e9n piezas de las actividades econ\u00f3micas y de la vida cotidiana del valle.<\/p>\n<figure id=\"attachment_65820\" aria-describedby=\"caption-attachment-65820\" style=\"width: 200px\" class=\"wp-caption alignright\"><img data-recalc-dims=\"1\" loading=\"lazy\" decoding=\"async\" class=\"wp-image-65820 size-thumbnail\" src=\"https:\/\/i0.wp.com\/www.eltrabajo.cl\/portal\/wp-content\/uploads\/2016\/01\/Adela-Cubillos-200x131.jpg?resize=200%2C131\" alt=\"Adela Cubillos, directora del Museo Hist\u00f3rico de la Sociedad de Historia y Arqueolog\u00eda de Aconcagua.\" width=\"200\" height=\"131\" srcset=\"https:\/\/i0.wp.com\/eltrabajo.cl\/portal\/wp-content\/uploads\/2016\/01\/Adela-Cubillos.jpg?resize=200%2C131&amp;ssl=1 200w, https:\/\/i0.wp.com\/eltrabajo.cl\/portal\/wp-content\/uploads\/2016\/01\/Adela-Cubillos.jpg?resize=300%2C197&amp;ssl=1 300w, https:\/\/i0.wp.com\/eltrabajo.cl\/portal\/wp-content\/uploads\/2016\/01\/Adela-Cubillos.jpg?resize=228%2C150&amp;ssl=1 228w, https:\/\/i0.wp.com\/eltrabajo.cl\/portal\/wp-content\/uploads\/2016\/01\/Adela-Cubillos.jpg?resize=400%2C263&amp;ssl=1 400w, https:\/\/i0.wp.com\/eltrabajo.cl\/portal\/wp-content\/uploads\/2016\/01\/Adela-Cubillos.jpg?w=530&amp;ssl=1 530w\" sizes=\"auto, (max-width: 200px) 100vw, 200px\" \/><figcaption id=\"caption-attachment-65820\" class=\"wp-caption-text\">Adela Cubillos, directora del Museo Hist\u00f3rico de la Sociedad de Historia y Arqueolog\u00eda de Aconcagua.<\/figcaption><\/figure>\n<p>El museo requiere de una reorientaci\u00f3n del gui\u00f3n, tambi\u00e9n el espacio f\u00edsico necesita de mantenci\u00f3n, por ello los Voluntarios del Patrimonio est\u00e1n realizando una labor muy importante en beneficio del museo a trav\u00e9s del reordenamiento de las piezas y de la limpieza del local.<br \/>\n\u00abDesde el mes de octubre del 2015 se han dedicado a estas actividades, por ello La Sociedad de Historia ha querido agradecer esta participaci\u00f3n con un desayuno en el museo. Esta ma\u00f1ana tambi\u00e9n hemos dise\u00f1ado un plan de trabajo para el a\u00f1o 2016, una de las actividades que se program\u00f3 para este mes de enero es una convocatoria para formar un grupo de \u2018Amigos del Museo\u2019, a trav\u00e9s de redes sociales se invitar\u00e1 a participar\u00bb, explic\u00f3 a Diario El Trabajo la directora del centro, Adela Cubillos.<br \/>\n<strong>Roberto Gonz\u00e1lez Short<\/strong><br \/>\n<strong>rgonzalez@eltrabajo.cl<\/strong><\/p>\n","protected":false},"excerpt":{"rendered":"<p>La ma\u00f1ana de este jueves se realiz\u00f3 en el Museo Hist\u00f3rico de la Sociedad de Historia y Arqueolog\u00eda de Aconcagua, un desayuno especial para agradecer a los colaboradores m\u00e1s cercanos de la&#8230;<\/p>\n","protected":false},"author":482,"featured_media":65819,"comment_status":"open","ping_status":"open","sticky":false,"template":"","format":"standard","meta":{"advanced_seo_description":"","jetpack_seo_html_title":"","jetpack_seo_noindex":false,"_jetpack_memberships_contains_paid_content":false,"footnotes":""},"categories":[15],"tags":[],"class_list":["post-65818","post","type-post","status-publish","format-standard","has-post-thumbnail","hentry","category-comunidad"],"jetpack_featured_media_url":"https:\/\/i0.wp.com\/eltrabajo.cl\/portal\/wp-content\/uploads\/2016\/01\/Museo1.jpg?fit=530%2C350&ssl=1","jetpack_sharing_enabled":true,"jetpack_likes_enabled":true,"jetpack-related-posts":[],"_links":{"self":[{"href":"https:\/\/eltrabajo.cl\/portal\/wp-json\/wp\/v2\/posts\/65818","targetHints":{"allow":["GET"]}}],"collection":[{"href":"https:\/\/eltrabajo.cl\/portal\/wp-json\/wp\/v2\/posts"}],"about":[{"href":"https:\/\/eltrabajo.cl\/portal\/wp-json\/wp\/v2\/types\/post"}],"author":[{"embeddable":true,"href":"https:\/\/eltrabajo.cl\/portal\/wp-json\/wp\/v2\/users\/482"}],"replies":[{"embeddable":true,"href":"https:\/\/eltrabajo.cl\/portal\/wp-json\/wp\/v2\/comments?post=65818"}],"version-history":[{"count":0,"href":"https:\/\/eltrabajo.cl\/portal\/wp-json\/wp\/v2\/posts\/65818\/revisions"}],"wp:featuredmedia":[{"embeddable":true,"href":"https:\/\/eltrabajo.cl\/portal\/wp-json\/wp\/v2\/media\/65819"}],"wp:attachment":[{"href":"https:\/\/eltrabajo.cl\/portal\/wp-json\/wp\/v2\/media?parent=65818"}],"wp:term":[{"taxonomy":"category","embeddable":true,"href":"https:\/\/eltrabajo.cl\/portal\/wp-json\/wp\/v2\/categories?post=65818"},{"taxonomy":"post_tag","embeddable":true,"href":"https:\/\/eltrabajo.cl\/portal\/wp-json\/wp\/v2\/tags?post=65818"}],"curies":[{"name":"wp","href":"https:\/\/api.w.org\/{rel}","templated":true}]}}