{"id":65823,"date":"2016-01-15T14:21:44","date_gmt":"2016-01-15T17:21:44","guid":{"rendered":"http:\/\/www.eltrabajo.cl\/portal\/?p=65823"},"modified":"2016-01-15T14:21:44","modified_gmt":"2016-01-15T17:21:44","slug":"alumnos-del-valle-de-aconcagua-seran-parte-del-primer-proceso-de-derecho-a-la-gratuidad-en-educacion-superior","status":"publish","type":"post","link":"https:\/\/eltrabajo.cl\/portal\/alumnos-del-valle-de-aconcagua-seran-parte-del-primer-proceso-de-derecho-a-la-gratuidad-en-educacion-superior\/","title":{"rendered":"Alumnos del Valle de Aconcagua ser\u00e1n parte del primer proceso de derecho a la gratuidad en educaci\u00f3n superior"},"content":{"rendered":"<figure id=\"attachment_65824\" aria-describedby=\"caption-attachment-65824\" style=\"width: 300px\" class=\"wp-caption alignleft\"><img data-recalc-dims=\"1\" loading=\"lazy\" decoding=\"async\" class=\"wp-image-65824 size-medium\" src=\"https:\/\/i0.wp.com\/www.eltrabajo.cl\/portal\/wp-content\/uploads\/2016\/01\/FOTO-1-SEREMI-DE-EDUCACION-ALEJANDRO-TAPIA-Y-GOBERNADOR-DE-SAN-FELIPE-EDUARDO-LEON-SE-REUNIERON-CON-ALGUNOS-DE-LOS-ALUMNOS-DEL-VALLE-QUE-PODRAN-ESTUDIAR-EN-LA-UNIVERSIDAD-DE-FORMA-GRATUITA-300x198.jpg?resize=300%2C198\" alt=\"Seremi de educaci\u00f3n, Alejandro Tapia y el Gobernador de San Felipe, Eduardo Le\u00f3n se reunieron con algunos de los alumnos del valle que podr\u00e1n estudiar en la universidad de forma gratuita.\" width=\"300\" height=\"198\" srcset=\"https:\/\/i0.wp.com\/eltrabajo.cl\/portal\/wp-content\/uploads\/2016\/01\/FOTO-1-SEREMI-DE-EDUCACION-ALEJANDRO-TAPIA-Y-GOBERNADOR-DE-SAN-FELIPE-EDUARDO-LEON-SE-REUNIERON-CON-ALGUNOS-DE-LOS-ALUMNOS-DEL-VALLE-QUE-PODRAN-ESTUDIAR-EN-LA-UNIVERSIDAD-DE-FORMA-GRATUITA.jpg?resize=300%2C198&amp;ssl=1 300w, https:\/\/i0.wp.com\/eltrabajo.cl\/portal\/wp-content\/uploads\/2016\/01\/FOTO-1-SEREMI-DE-EDUCACION-ALEJANDRO-TAPIA-Y-GOBERNADOR-DE-SAN-FELIPE-EDUARDO-LEON-SE-REUNIERON-CON-ALGUNOS-DE-LOS-ALUMNOS-DEL-VALLE-QUE-PODRAN-ESTUDIAR-EN-LA-UNIVERSIDAD-DE-FORMA-GRATUITA.jpg?resize=200%2C132&amp;ssl=1 200w, https:\/\/i0.wp.com\/eltrabajo.cl\/portal\/wp-content\/uploads\/2016\/01\/FOTO-1-SEREMI-DE-EDUCACION-ALEJANDRO-TAPIA-Y-GOBERNADOR-DE-SAN-FELIPE-EDUARDO-LEON-SE-REUNIERON-CON-ALGUNOS-DE-LOS-ALUMNOS-DEL-VALLE-QUE-PODRAN-ESTUDIAR-EN-LA-UNIVERSIDAD-DE-FORMA-GRATUITA.jpg?resize=228%2C150&amp;ssl=1 228w, https:\/\/i0.wp.com\/eltrabajo.cl\/portal\/wp-content\/uploads\/2016\/01\/FOTO-1-SEREMI-DE-EDUCACION-ALEJANDRO-TAPIA-Y-GOBERNADOR-DE-SAN-FELIPE-EDUARDO-LEON-SE-REUNIERON-CON-ALGUNOS-DE-LOS-ALUMNOS-DEL-VALLE-QUE-PODRAN-ESTUDIAR-EN-LA-UNIVERSIDAD-DE-FORMA-GRATUITA.jpg?resize=400%2C263&amp;ssl=1 400w, https:\/\/i0.wp.com\/eltrabajo.cl\/portal\/wp-content\/uploads\/2016\/01\/FOTO-1-SEREMI-DE-EDUCACION-ALEJANDRO-TAPIA-Y-GOBERNADOR-DE-SAN-FELIPE-EDUARDO-LEON-SE-REUNIERON-CON-ALGUNOS-DE-LOS-ALUMNOS-DEL-VALLE-QUE-PODRAN-ESTUDIAR-EN-LA-UNIVERSIDAD-DE-FORMA-GRATUITA.jpg?w=530&amp;ssl=1 530w\" sizes=\"auto, (max-width: 300px) 100vw, 300px\" \/><figcaption id=\"caption-attachment-65824\" class=\"wp-caption-text\">Seremi de educaci\u00f3n, Alejandro Tapia y el Gobernador de San Felipe, Eduardo Le\u00f3n se reunieron con algunos de los alumnos del valle que podr\u00e1n estudiar en la universidad de forma gratuita.<\/figcaption><\/figure>\n<ul>\n<li><strong>Se espera que unos 17 mil j\u00f3venes de la regi\u00f3n de Valpara\u00edso, entre ellos un n\u00famero importante de las Provincias de San Felipe y Los Andes, puedan acceder este a a\u00f1o a la Universidad sin costo alguno.<\/strong><\/li>\n<\/ul>\n<p>Felicidad y satisfacci\u00f3n reflejaban los rostros de los ocho estudiantes del Valle de Aconcagua, que ayer por la ma\u00f1ana desayunaron con el seremi de educaci\u00f3n Alejandro Tapia y el gobernador de San Felipe Eduardo Le\u00f3n.<br \/>\nEstos muchachos hicieron la representaci\u00f3n del total de j\u00f3venes de las Provincias de San Felipe y Los Andes que este a\u00f1o se ver\u00e1n beneficiados con el primer proceso de gratuidad para acceder a la Educaci\u00f3n Superior.<br \/>\nSeg\u00fan manifest\u00f3 el Seremi, se espera que cerca de 17 mil estudiantes en la regi\u00f3n de Valpara\u00edso sean favorecidos con el inicio de la gratuidad en el pa\u00eds. Tapia se mostr\u00f3 feliz de que alumnos destacados de establecimientos municipalizados de ambas provincias tengan la posibilidad de acceder a esta pol\u00edtica de gratuidad por la que ha luchado el Gobierno de la Presidenta Bachelet.<br \/>\n\u201cEsta es una pol\u00edtica que se est\u00e1 concretando, en los pr\u00f3ximos d\u00edas va a quedar definida en cuanto a los cupos y estamos muy esperanzados en que para cada uno de los hogares, de las familias chilenas que reciben esta noticia, esperamos que sea la mejor del a\u00f1o\u201d, apunt\u00f3 Tapia.<br \/>\nAlgunos de los requisitos para optar a la gratuidad eran matricularse en una de las 30 Universidades adheridas al beneficio, lo que implica tener como m\u00ednimo 507 puntos en la PSU y pertenecer al quintil socioecon\u00f3mico en que los ingresos per c\u00e1pita en el grupo familiar no superan los 154 mil pesos.<br \/>\nUno de los alumnos que cumpli\u00f3 de sobra con estas condicionantes fue Rodrigo P\u00e9rez, oriundo de la comuna de San Esteban, ex alumno del Liceo Max Salas de Los Andes, quien gracias a los 793 puntos que ponder\u00f3 en la PSU, podr\u00e1 estudiar gratis Medicina en la Universidad de Chile.<br \/>\nP\u00e9rez dijo estar agradecido de recibir esta ayuda y cont\u00f3 que \u201ceste beneficio es un gran alivio porque de otra manera mi familia no habr\u00eda podido costear mi carrera y tendr\u00e1 que haber pedido un cr\u00e9dito, lo que significa endeudarse. Con mi puntaje me alcanzaba para becas y cr\u00e9ditos pero segu\u00eda existiendo esa diferencia entre el referencial y el arancel real\u201d, explic\u00f3.<br \/>\nPara Eugenia Castro ex alumna del Colegio Panquehue, oriunda de esa comuna, la gratuidad es una gran ayuda para poder estudiar lo que se propuso desde ni\u00f1a y asegur\u00f3 que \u201cestoy s\u00faper contenta, voy a estudiar Derecho en la Universidad de Chile y sacando la cuenta matr\u00edcula y mensualidad es demasiado caro, por lo que esto para mi es espectacular, una gran ayuda. S\u00f3lo la mensualidad me costaba cerca de 450 mil pesos, eso sumado a los viajes y alojamiento, para mis pap\u00e1s habr\u00eda sido imposible pagarme todo\u201d, decret\u00f3<br \/>\nEn tanto que la sanfelipe\u00f1a Michelle Zapata Venegas, ex alumna del Liceo Corina Urbina afirm\u00f3 que este tipo de beneficio fue fundamental para llegar a estudiar a la Pontificia Universidad Cat\u00f3lica Licenciatura en letras con menci\u00f3n en Lengua y Literatura Inglesa, carrera que en total cuesta sobre los 13 millones de pesos.<br \/>\n\u201cLa verdad es que yo creo que a todo el mundo le cuesta pagar una carrera, as\u00ed que esto no s\u00f3lo me beneficia a mi sino que tambi\u00e9n a mi familia, porque tengo 2 hermanos estudiando carreras t\u00e9cnicas as\u00ed que esto nos beneficia mucho, de lo contrario habr\u00eda tenido que optar a alguna beca o cr\u00e9dito\u201d, sostuvo.<br \/>\nEl Gobernador de la Provincia de San Felipe, Eduardo Le\u00f3n comparti\u00f3 la felicidad de los alumnos al sostener que \u201cpor fin se comienza a emparejar la cancha, cuando ingresa un hijo a la universidad es una alegr\u00eda tremenda, pero a la vez implica mucho esfuerzo en pagar, firmar cr\u00e9ditos, pero cuando se suma un segundo o un tercero se transforma en una verdadera tragedia y no puede ser que si hay ni\u00f1os capacitados para ser ingenieros m\u00e9dicos o profesores sea considerado de esa forma, hoy eso cambi\u00f3\u201d, sostuvo.<br \/>\nEn ese mismo plano, la m\u00e1xima autoridad provincial afirm\u00f3 que la gente con talento debe tener la oportunidad de desarrollarse y que el pa\u00eds tiene muchas cosas de las cuales puede enorgullecerse, sin embargo la desigualdad que est\u00e1 implantada en el sistema, amenaza las aspiraciones de muchos alumnos.<br \/>\n\u201cEsta medida, el derecho a la gratuidad, tiene que ver con la frase de la Presidenta Bachelet \u2018emparejar la cancha\u2019, para que avancemos hacia un Chile m\u00e1s inclusivo\u201d, destac\u00f3 Le\u00f3n.<br \/>\nActualmente a nivel nacional existen cerca de 164 mil j\u00f3venes que accedieron al Derecho a la Gratuidad y quedan todav\u00eda alrededor de 30 mil vacantes por cubrir.<\/p>\n<div class=\"tiled-gallery type-rectangular tiled-gallery-unresized\" data-original-width=\"640\" data-carousel-extra='null' itemscope itemtype=\"http:\/\/schema.org\/ImageGallery\" > <div class=\"gallery-row\" style=\"width: 640px; height: 282px;\" data-original-width=\"640\" data-original-height=\"282\" > <div class=\"gallery-group images-1\" style=\"width: 427px; height: 282px;\" data-original-width=\"427\" data-original-height=\"282\" > <div class=\"tiled-gallery-item tiled-gallery-item-large\" itemprop=\"associatedMedia\" itemscope itemtype=\"http:\/\/schema.org\/ImageObject\"> <a href=\"https:\/\/eltrabajo.cl\/portal\/alumnos-del-valle-de-aconcagua-seran-parte-del-primer-proceso-de-derecho-a-la-gratuidad-en-educacion-superior\/foto-2-seremi-de-educacion-alejandro-tapia\/\" border=\"0\" itemprop=\"url\"> <meta itemprop=\"width\" content=\"423\"> <meta itemprop=\"height\" content=\"278\"> <img decoding=\"async\" class=\"\" data-attachment-id=\"65825\" data-orig-file=\"https:\/\/eltrabajo.cl\/portal\/wp-content\/uploads\/2016\/01\/FOTO-2-SEREMI-DE-EDUCACION-ALEJANDRO-TAPIA.jpg\" data-orig-size=\"530,348\" data-comments-opened=\"1\" data-image-meta=\"{&quot;aperture&quot;:&quot;0&quot;,&quot;credit&quot;:&quot;&quot;,&quot;camera&quot;:&quot;&quot;,&quot;caption&quot;:&quot;&quot;,&quot;created_timestamp&quot;:&quot;0&quot;,&quot;copyright&quot;:&quot;Copyright 2012&quot;,&quot;focal_length&quot;:&quot;0&quot;,&quot;iso&quot;:&quot;0&quot;,&quot;shutter_speed&quot;:&quot;0&quot;,&quot;title&quot;:&quot;&quot;,&quot;orientation&quot;:&quot;0&quot;}\" data-image-title=\"FOTO 2 SEREMI DE EDUCACION ALEJANDRO TAPIA\" data-image-description=\"&lt;p&gt;Seremi de Educaci\u00f3n Alejandro Tapia.&lt;\/p&gt; \" data-medium-file=\"https:\/\/i0.wp.com\/eltrabajo.cl\/portal\/wp-content\/uploads\/2016\/01\/FOTO-2-SEREMI-DE-EDUCACION-ALEJANDRO-TAPIA.jpg?fit=300%2C197&#038;ssl=1\" data-large-file=\"https:\/\/i0.wp.com\/eltrabajo.cl\/portal\/wp-content\/uploads\/2016\/01\/FOTO-2-SEREMI-DE-EDUCACION-ALEJANDRO-TAPIA.jpg?fit=530%2C348&#038;ssl=1\" src=\"https:\/\/i0.wp.com\/eltrabajo.cl\/portal\/wp-content\/uploads\/2016\/01\/FOTO-2-SEREMI-DE-EDUCACION-ALEJANDRO-TAPIA.jpg?w=423&#038;h=278&#038;ssl=1\" srcset=\"https:\/\/i0.wp.com\/eltrabajo.cl\/portal\/wp-content\/uploads\/2016\/01\/FOTO-2-SEREMI-DE-EDUCACION-ALEJANDRO-TAPIA.jpg?w=530&amp;ssl=1 530w, https:\/\/i0.wp.com\/eltrabajo.cl\/portal\/wp-content\/uploads\/2016\/01\/FOTO-2-SEREMI-DE-EDUCACION-ALEJANDRO-TAPIA.jpg?resize=200%2C131&amp;ssl=1 200w, https:\/\/i0.wp.com\/eltrabajo.cl\/portal\/wp-content\/uploads\/2016\/01\/FOTO-2-SEREMI-DE-EDUCACION-ALEJANDRO-TAPIA.jpg?resize=300%2C197&amp;ssl=1 300w, https:\/\/i0.wp.com\/eltrabajo.cl\/portal\/wp-content\/uploads\/2016\/01\/FOTO-2-SEREMI-DE-EDUCACION-ALEJANDRO-TAPIA.jpg?resize=228%2C150&amp;ssl=1 228w, https:\/\/i0.wp.com\/eltrabajo.cl\/portal\/wp-content\/uploads\/2016\/01\/FOTO-2-SEREMI-DE-EDUCACION-ALEJANDRO-TAPIA.jpg?resize=400%2C263&amp;ssl=1 400w\" width=\"423\" height=\"278\" loading=\"lazy\" data-original-width=\"423\" data-original-height=\"278\" itemprop=\"http:\/\/schema.org\/image\" title=\"FOTO 2 SEREMI DE EDUCACION ALEJANDRO TAPIA\" alt=\"Seremi de Educaci\u00f3n Alejandro Tapia.\" style=\"width: 423px; height: 278px;\" \/> <\/a> <div class=\"tiled-gallery-caption\" itemprop=\"caption description\"> Seremi de Educaci\u00f3n Alejandro Tapia. <\/div> <\/div> <\/div> <!-- close group --> <div class=\"gallery-group images-2\" style=\"width: 213px; height: 282px;\" data-original-width=\"213\" data-original-height=\"282\" > <div class=\"tiled-gallery-item tiled-gallery-item-small\" itemprop=\"associatedMedia\" itemscope itemtype=\"http:\/\/schema.org\/ImageObject\"> <a href=\"https:\/\/eltrabajo.cl\/portal\/alumnos-del-valle-de-aconcagua-seran-parte-del-primer-proceso-de-derecho-a-la-gratuidad-en-educacion-superior\/foto-3-rodrigo-perez-oriundo-de-la-comuna-de-san-esteban-ex-alumno-del-liceo-max-salas-de-los-andes-estudiara-medicina-en-la-u-de-chile\/\" border=\"0\" itemprop=\"url\"> <meta itemprop=\"width\" content=\"209\"> <meta itemprop=\"height\" content=\"137\"> <img decoding=\"async\" class=\"\" data-attachment-id=\"65826\" data-orig-file=\"https:\/\/eltrabajo.cl\/portal\/wp-content\/uploads\/2016\/01\/FOTO-3-Rodrigo-Perez-oriundo-de-la-comuna-de-San-Esteban-ex-alumno-del-Liceo-Max-Salas-de-Los-Andes-estudiara-Medicina-en-la-U.-de-Chile.jpg\" data-orig-size=\"530,348\" data-comments-opened=\"1\" data-image-meta=\"{&quot;aperture&quot;:&quot;0&quot;,&quot;credit&quot;:&quot;&quot;,&quot;camera&quot;:&quot;&quot;,&quot;caption&quot;:&quot;&quot;,&quot;created_timestamp&quot;:&quot;0&quot;,&quot;copyright&quot;:&quot;Copyright 2012&quot;,&quot;focal_length&quot;:&quot;0&quot;,&quot;iso&quot;:&quot;0&quot;,&quot;shutter_speed&quot;:&quot;0&quot;,&quot;title&quot;:&quot;&quot;,&quot;orientation&quot;:&quot;0&quot;}\" data-image-title=\"FOTO 3 Rodrigo Perez oriundo de la comuna de San Esteban ex alumno del Liceo Max Salas de Los Andes estudiara Medicina en la U. de Chile\" data-image-description=\"&lt;p&gt;Rodrigo P\u00e9rez, oriundo de la comuna de San Esteban, ex alumno del Liceo Max Salas de Los Andes, estudiar\u00e1 Medicina en la U. de Chile.&lt;\/p&gt; \" data-medium-file=\"https:\/\/i0.wp.com\/eltrabajo.cl\/portal\/wp-content\/uploads\/2016\/01\/FOTO-3-Rodrigo-Perez-oriundo-de-la-comuna-de-San-Esteban-ex-alumno-del-Liceo-Max-Salas-de-Los-Andes-estudiara-Medicina-en-la-U.-de-Chile.jpg?fit=300%2C197&#038;ssl=1\" data-large-file=\"https:\/\/i0.wp.com\/eltrabajo.cl\/portal\/wp-content\/uploads\/2016\/01\/FOTO-3-Rodrigo-Perez-oriundo-de-la-comuna-de-San-Esteban-ex-alumno-del-Liceo-Max-Salas-de-Los-Andes-estudiara-Medicina-en-la-U.-de-Chile.jpg?fit=530%2C348&#038;ssl=1\" src=\"https:\/\/i0.wp.com\/eltrabajo.cl\/portal\/wp-content\/uploads\/2016\/01\/FOTO-3-Rodrigo-Perez-oriundo-de-la-comuna-de-San-Esteban-ex-alumno-del-Liceo-Max-Salas-de-Los-Andes-estudiara-Medicina-en-la-U.-de-Chile.jpg?w=209&#038;h=137&#038;ssl=1\" srcset=\"https:\/\/i0.wp.com\/eltrabajo.cl\/portal\/wp-content\/uploads\/2016\/01\/FOTO-3-Rodrigo-Perez-oriundo-de-la-comuna-de-San-Esteban-ex-alumno-del-Liceo-Max-Salas-de-Los-Andes-estudiara-Medicina-en-la-U.-de-Chile.jpg?w=530&amp;ssl=1 530w, https:\/\/i0.wp.com\/eltrabajo.cl\/portal\/wp-content\/uploads\/2016\/01\/FOTO-3-Rodrigo-Perez-oriundo-de-la-comuna-de-San-Esteban-ex-alumno-del-Liceo-Max-Salas-de-Los-Andes-estudiara-Medicina-en-la-U.-de-Chile.jpg?resize=200%2C131&amp;ssl=1 200w, https:\/\/i0.wp.com\/eltrabajo.cl\/portal\/wp-content\/uploads\/2016\/01\/FOTO-3-Rodrigo-Perez-oriundo-de-la-comuna-de-San-Esteban-ex-alumno-del-Liceo-Max-Salas-de-Los-Andes-estudiara-Medicina-en-la-U.-de-Chile.jpg?resize=300%2C197&amp;ssl=1 300w, https:\/\/i0.wp.com\/eltrabajo.cl\/portal\/wp-content\/uploads\/2016\/01\/FOTO-3-Rodrigo-Perez-oriundo-de-la-comuna-de-San-Esteban-ex-alumno-del-Liceo-Max-Salas-de-Los-Andes-estudiara-Medicina-en-la-U.-de-Chile.jpg?resize=228%2C150&amp;ssl=1 228w, https:\/\/i0.wp.com\/eltrabajo.cl\/portal\/wp-content\/uploads\/2016\/01\/FOTO-3-Rodrigo-Perez-oriundo-de-la-comuna-de-San-Esteban-ex-alumno-del-Liceo-Max-Salas-de-Los-Andes-estudiara-Medicina-en-la-U.-de-Chile.jpg?resize=400%2C263&amp;ssl=1 400w\" width=\"209\" height=\"137\" loading=\"lazy\" data-original-width=\"209\" data-original-height=\"137\" itemprop=\"http:\/\/schema.org\/image\" title=\"FOTO 3 Rodrigo Perez oriundo de la comuna de San Esteban ex alumno del Liceo Max Salas de Los Andes estudiara Medicina en la U. de Chile\" alt=\"Rodrigo P\u00e9rez, oriundo de la comuna de San Esteban, ex alumno del Liceo Max Salas de Los Andes, estudiar\u00e1 Medicina en la U. de Chile.\" style=\"width: 209px; height: 137px;\" \/> <\/a> <div class=\"tiled-gallery-caption\" itemprop=\"caption description\"> Rodrigo P\u00e9rez, oriundo de la comuna de San Esteban, ex alumno del Liceo Max Salas de Los Andes, estudiar\u00e1 Medicina en la U. de Chile. <\/div> <\/div> <div class=\"tiled-gallery-item tiled-gallery-item-small\" itemprop=\"associatedMedia\" itemscope itemtype=\"http:\/\/schema.org\/ImageObject\"> <a href=\"https:\/\/eltrabajo.cl\/portal\/alumnos-del-valle-de-aconcagua-seran-parte-del-primer-proceso-de-derecho-a-la-gratuidad-en-educacion-superior\/foto-4-eugenia-castro-ex-alumna-del-colegio-panquehue-oriunda-de-esa-comuna-estudiara-derecho-en-la-u-de-chile\/\" border=\"0\" itemprop=\"url\"> <meta itemprop=\"width\" content=\"209\"> <meta itemprop=\"height\" content=\"137\"> <img decoding=\"async\" class=\"\" data-attachment-id=\"65827\" data-orig-file=\"https:\/\/eltrabajo.cl\/portal\/wp-content\/uploads\/2016\/01\/FOTO-4-Eugenia-Castro-ex-alumna-del-Colegio-Panquehue-oriunda-de-esa-comuna-estudiara-Derecho-en-la-U.-de-Chile.jpg\" data-orig-size=\"530,348\" data-comments-opened=\"1\" data-image-meta=\"{&quot;aperture&quot;:&quot;0&quot;,&quot;credit&quot;:&quot;&quot;,&quot;camera&quot;:&quot;&quot;,&quot;caption&quot;:&quot;&quot;,&quot;created_timestamp&quot;:&quot;0&quot;,&quot;copyright&quot;:&quot;Copyright 2012&quot;,&quot;focal_length&quot;:&quot;0&quot;,&quot;iso&quot;:&quot;0&quot;,&quot;shutter_speed&quot;:&quot;0&quot;,&quot;title&quot;:&quot;&quot;,&quot;orientation&quot;:&quot;0&quot;}\" data-image-title=\"FOTO 4 Eugenia Castro ex alumna del Colegio Panquehue oriunda de esa comuna estudiara Derecho en la U. de Chile\" data-image-description=\"&lt;p&gt;Eugenia Castro ex alumna del Colegio Panquehue, oriunda de esa comuna, estudiar\u00e1 Derecho en la U. de Chile.&lt;\/p&gt; \" data-medium-file=\"https:\/\/i0.wp.com\/eltrabajo.cl\/portal\/wp-content\/uploads\/2016\/01\/FOTO-4-Eugenia-Castro-ex-alumna-del-Colegio-Panquehue-oriunda-de-esa-comuna-estudiara-Derecho-en-la-U.-de-Chile.jpg?fit=300%2C197&#038;ssl=1\" data-large-file=\"https:\/\/i0.wp.com\/eltrabajo.cl\/portal\/wp-content\/uploads\/2016\/01\/FOTO-4-Eugenia-Castro-ex-alumna-del-Colegio-Panquehue-oriunda-de-esa-comuna-estudiara-Derecho-en-la-U.-de-Chile.jpg?fit=530%2C348&#038;ssl=1\" src=\"https:\/\/i0.wp.com\/eltrabajo.cl\/portal\/wp-content\/uploads\/2016\/01\/FOTO-4-Eugenia-Castro-ex-alumna-del-Colegio-Panquehue-oriunda-de-esa-comuna-estudiara-Derecho-en-la-U.-de-Chile.jpg?w=209&#038;h=137&#038;ssl=1\" srcset=\"https:\/\/i0.wp.com\/eltrabajo.cl\/portal\/wp-content\/uploads\/2016\/01\/FOTO-4-Eugenia-Castro-ex-alumna-del-Colegio-Panquehue-oriunda-de-esa-comuna-estudiara-Derecho-en-la-U.-de-Chile.jpg?w=530&amp;ssl=1 530w, https:\/\/i0.wp.com\/eltrabajo.cl\/portal\/wp-content\/uploads\/2016\/01\/FOTO-4-Eugenia-Castro-ex-alumna-del-Colegio-Panquehue-oriunda-de-esa-comuna-estudiara-Derecho-en-la-U.-de-Chile.jpg?resize=200%2C131&amp;ssl=1 200w, https:\/\/i0.wp.com\/eltrabajo.cl\/portal\/wp-content\/uploads\/2016\/01\/FOTO-4-Eugenia-Castro-ex-alumna-del-Colegio-Panquehue-oriunda-de-esa-comuna-estudiara-Derecho-en-la-U.-de-Chile.jpg?resize=300%2C197&amp;ssl=1 300w, https:\/\/i0.wp.com\/eltrabajo.cl\/portal\/wp-content\/uploads\/2016\/01\/FOTO-4-Eugenia-Castro-ex-alumna-del-Colegio-Panquehue-oriunda-de-esa-comuna-estudiara-Derecho-en-la-U.-de-Chile.jpg?resize=228%2C150&amp;ssl=1 228w, https:\/\/i0.wp.com\/eltrabajo.cl\/portal\/wp-content\/uploads\/2016\/01\/FOTO-4-Eugenia-Castro-ex-alumna-del-Colegio-Panquehue-oriunda-de-esa-comuna-estudiara-Derecho-en-la-U.-de-Chile.jpg?resize=400%2C263&amp;ssl=1 400w\" width=\"209\" height=\"137\" loading=\"lazy\" data-original-width=\"209\" data-original-height=\"137\" itemprop=\"http:\/\/schema.org\/image\" title=\"FOTO 4 Eugenia Castro ex alumna del Colegio Panquehue oriunda de esa comuna estudiara Derecho en la U. de Chile\" alt=\"Eugenia Castro ex alumna del Colegio Panquehue, oriunda de esa comuna, estudiar\u00e1 Derecho en la U. de Chile.\" style=\"width: 209px; height: 137px;\" \/> <\/a> <div class=\"tiled-gallery-caption\" itemprop=\"caption description\"> Eugenia Castro ex alumna del Colegio Panquehue, oriunda de esa comuna, estudiar\u00e1 Derecho en la U. de Chile. <\/div> <\/div> <\/div> <!-- close group --> <\/div> <!-- close row --> <div class=\"gallery-row\" style=\"width: 640px; height: 424px;\" data-original-width=\"640\" data-original-height=\"424\" > <div class=\"gallery-group images-1\" style=\"width: 640px; height: 424px;\" data-original-width=\"640\" data-original-height=\"424\" > <div class=\"tiled-gallery-item tiled-gallery-item-large\" itemprop=\"associatedMedia\" itemscope itemtype=\"http:\/\/schema.org\/ImageObject\"> <a href=\"https:\/\/eltrabajo.cl\/portal\/alumnos-del-valle-de-aconcagua-seran-parte-del-primer-proceso-de-derecho-a-la-gratuidad-en-educacion-superior\/foto-5-michelle-zapata-venegas-ex-alumna-del-liceo-corina-urbina-estudiara-licenciatura-en-letras-en-la-universidad-catolica\/\" border=\"0\" itemprop=\"url\"> <meta itemprop=\"width\" content=\"636\"> <meta itemprop=\"height\" content=\"420\"> <img decoding=\"async\" class=\"\" data-attachment-id=\"65828\" data-orig-file=\"https:\/\/eltrabajo.cl\/portal\/wp-content\/uploads\/2016\/01\/FOTO-5-Michelle-Zapata-Venegas-ex-alumna-del-Liceo-Corina-Urbina-Estudiara-Licenciatura-en-Letras-en-la-Universidad-Catolica.jpg\" data-orig-size=\"530,350\" data-comments-opened=\"1\" data-image-meta=\"{&quot;aperture&quot;:&quot;0&quot;,&quot;credit&quot;:&quot;&quot;,&quot;camera&quot;:&quot;&quot;,&quot;caption&quot;:&quot;&quot;,&quot;created_timestamp&quot;:&quot;0&quot;,&quot;copyright&quot;:&quot;Copyright 2012&quot;,&quot;focal_length&quot;:&quot;0&quot;,&quot;iso&quot;:&quot;0&quot;,&quot;shutter_speed&quot;:&quot;0&quot;,&quot;title&quot;:&quot;&quot;,&quot;orientation&quot;:&quot;0&quot;}\" data-image-title=\"FOTO 5 Michelle Zapata Venegas ex alumna del Liceo Corina Urbina Estudiara Licenciatura en Letras en la Universidad Catolica\" data-image-description=\"&lt;p&gt;Michelle Zapata Venegas, ex alumna del Liceo Corina Urbina, Estudiar\u00e1 Licenciatura en Letras en la Pontificia Universidad Cat\u00f3lica.&lt;\/p&gt; \" data-medium-file=\"https:\/\/i0.wp.com\/eltrabajo.cl\/portal\/wp-content\/uploads\/2016\/01\/FOTO-5-Michelle-Zapata-Venegas-ex-alumna-del-Liceo-Corina-Urbina-Estudiara-Licenciatura-en-Letras-en-la-Universidad-Catolica.jpg?fit=300%2C198&#038;ssl=1\" data-large-file=\"https:\/\/i0.wp.com\/eltrabajo.cl\/portal\/wp-content\/uploads\/2016\/01\/FOTO-5-Michelle-Zapata-Venegas-ex-alumna-del-Liceo-Corina-Urbina-Estudiara-Licenciatura-en-Letras-en-la-Universidad-Catolica.jpg?fit=530%2C350&#038;ssl=1\" src=\"https:\/\/i0.wp.com\/eltrabajo.cl\/portal\/wp-content\/uploads\/2016\/01\/FOTO-5-Michelle-Zapata-Venegas-ex-alumna-del-Liceo-Corina-Urbina-Estudiara-Licenciatura-en-Letras-en-la-Universidad-Catolica.jpg?w=636&#038;h=420&#038;ssl=1\" srcset=\"https:\/\/i0.wp.com\/eltrabajo.cl\/portal\/wp-content\/uploads\/2016\/01\/FOTO-5-Michelle-Zapata-Venegas-ex-alumna-del-Liceo-Corina-Urbina-Estudiara-Licenciatura-en-Letras-en-la-Universidad-Catolica.jpg?w=530&amp;ssl=1 530w, https:\/\/i0.wp.com\/eltrabajo.cl\/portal\/wp-content\/uploads\/2016\/01\/FOTO-5-Michelle-Zapata-Venegas-ex-alumna-del-Liceo-Corina-Urbina-Estudiara-Licenciatura-en-Letras-en-la-Universidad-Catolica.jpg?resize=200%2C132&amp;ssl=1 200w, https:\/\/i0.wp.com\/eltrabajo.cl\/portal\/wp-content\/uploads\/2016\/01\/FOTO-5-Michelle-Zapata-Venegas-ex-alumna-del-Liceo-Corina-Urbina-Estudiara-Licenciatura-en-Letras-en-la-Universidad-Catolica.jpg?resize=300%2C198&amp;ssl=1 300w, https:\/\/i0.wp.com\/eltrabajo.cl\/portal\/wp-content\/uploads\/2016\/01\/FOTO-5-Michelle-Zapata-Venegas-ex-alumna-del-Liceo-Corina-Urbina-Estudiara-Licenciatura-en-Letras-en-la-Universidad-Catolica.jpg?resize=227%2C150&amp;ssl=1 227w, https:\/\/i0.wp.com\/eltrabajo.cl\/portal\/wp-content\/uploads\/2016\/01\/FOTO-5-Michelle-Zapata-Venegas-ex-alumna-del-Liceo-Corina-Urbina-Estudiara-Licenciatura-en-Letras-en-la-Universidad-Catolica.jpg?resize=400%2C264&amp;ssl=1 400w\" width=\"636\" height=\"420\" loading=\"lazy\" data-original-width=\"636\" data-original-height=\"420\" itemprop=\"http:\/\/schema.org\/image\" title=\"FOTO 5 Michelle Zapata Venegas ex alumna del Liceo Corina Urbina Estudiara Licenciatura en Letras en la Universidad Catolica\" alt=\"Michelle Zapata Venegas, ex alumna del Liceo Corina Urbina, Estudiar\u00e1 Licenciatura en Letras en la Pontificia Universidad Cat\u00f3lica.\" style=\"width: 636px; height: 420px;\" \/> <\/a> <div class=\"tiled-gallery-caption\" itemprop=\"caption description\"> Michelle Zapata Venegas, ex alumna del Liceo Corina Urbina, Estudiar\u00e1 Licenciatura en Letras en la Pontificia Universidad Cat\u00f3lica. <\/div> <\/div> <\/div> <!-- close group --> <\/div> <!-- close row --> <\/div>\n","protected":false},"excerpt":{"rendered":"<p>Se espera que unos 17 mil j\u00f3venes de la regi\u00f3n de Valpara\u00edso, entre ellos un n\u00famero importante de las Provincias de San Felipe y Los Andes, puedan acceder este a a\u00f1o a&#8230;<\/p>\n","protected":false},"author":482,"featured_media":65824,"comment_status":"open","ping_status":"open","sticky":false,"template":"","format":"standard","meta":{"advanced_seo_description":"","jetpack_seo_html_title":"","jetpack_seo_noindex":false,"_jetpack_memberships_contains_paid_content":false,"footnotes":""},"categories":[15],"tags":[],"class_list":["post-65823","post","type-post","status-publish","format-standard","has-post-thumbnail","hentry","category-comunidad"],"jetpack_featured_media_url":"https:\/\/i0.wp.com\/eltrabajo.cl\/portal\/wp-content\/uploads\/2016\/01\/FOTO-1-SEREMI-DE-EDUCACION-ALEJANDRO-TAPIA-Y-GOBERNADOR-DE-SAN-FELIPE-EDUARDO-LEON-SE-REUNIERON-CON-ALGUNOS-DE-LOS-ALUMNOS-DEL-VALLE-QUE-PODRAN-ESTUDIAR-EN-LA-UNIVERSIDAD-DE-FORMA-GRATUITA.jpg?fit=530%2C349&ssl=1","jetpack_sharing_enabled":true,"jetpack_likes_enabled":true,"jetpack-related-posts":[],"_links":{"self":[{"href":"https:\/\/eltrabajo.cl\/portal\/wp-json\/wp\/v2\/posts\/65823","targetHints":{"allow":["GET"]}}],"collection":[{"href":"https:\/\/eltrabajo.cl\/portal\/wp-json\/wp\/v2\/posts"}],"about":[{"href":"https:\/\/eltrabajo.cl\/portal\/wp-json\/wp\/v2\/types\/post"}],"author":[{"embeddable":true,"href":"https:\/\/eltrabajo.cl\/portal\/wp-json\/wp\/v2\/users\/482"}],"replies":[{"embeddable":true,"href":"https:\/\/eltrabajo.cl\/portal\/wp-json\/wp\/v2\/comments?post=65823"}],"version-history":[{"count":0,"href":"https:\/\/eltrabajo.cl\/portal\/wp-json\/wp\/v2\/posts\/65823\/revisions"}],"wp:featuredmedia":[{"embeddable":true,"href":"https:\/\/eltrabajo.cl\/portal\/wp-json\/wp\/v2\/media\/65824"}],"wp:attachment":[{"href":"https:\/\/eltrabajo.cl\/portal\/wp-json\/wp\/v2\/media?parent=65823"}],"wp:term":[{"taxonomy":"category","embeddable":true,"href":"https:\/\/eltrabajo.cl\/portal\/wp-json\/wp\/v2\/categories?post=65823"},{"taxonomy":"post_tag","embeddable":true,"href":"https:\/\/eltrabajo.cl\/portal\/wp-json\/wp\/v2\/tags?post=65823"}],"curies":[{"name":"wp","href":"https:\/\/api.w.org\/{rel}","templated":true}]}}