{"id":65830,"date":"2016-01-15T14:23:13","date_gmt":"2016-01-15T17:23:13","guid":{"rendered":"http:\/\/www.eltrabajo.cl\/portal\/?p=65830"},"modified":"2016-01-15T14:23:13","modified_gmt":"2016-01-15T17:23:13","slug":"vecinos-de-villa-los-alerces-inician-cruzada-solidaria-para-ayudar-a-joven-aquejado-de-cancer","status":"publish","type":"post","link":"https:\/\/eltrabajo.cl\/portal\/vecinos-de-villa-los-alerces-inician-cruzada-solidaria-para-ayudar-a-joven-aquejado-de-cancer\/","title":{"rendered":"Vecinos de villa Los Alerces inician cruzada solidaria para ayudar a joven aquejado de c\u00e1ncer"},"content":{"rendered":"<figure id=\"attachment_65831\" aria-describedby=\"caption-attachment-65831\" style=\"width: 300px\" class=\"wp-caption alignleft\"><img data-recalc-dims=\"1\" loading=\"lazy\" decoding=\"async\" class=\"wp-image-65831 size-medium\" src=\"https:\/\/i0.wp.com\/www.eltrabajo.cl\/portal\/wp-content\/uploads\/2016\/01\/Beneficio-Villa-Los-Alerces-300x198.jpg?resize=300%2C198\" alt=\"Vecinos de villa Los Alerces se unieron para recaudar dinero en ayuda de la familia de Mat\u00edas Menares Garc\u00eda, quien sufre de c\u00e1ncer linf\u00e1tico.\" width=\"300\" height=\"198\" srcset=\"https:\/\/i0.wp.com\/eltrabajo.cl\/portal\/wp-content\/uploads\/2016\/01\/Beneficio-Villa-Los-Alerces.jpg?resize=300%2C198&amp;ssl=1 300w, https:\/\/i0.wp.com\/eltrabajo.cl\/portal\/wp-content\/uploads\/2016\/01\/Beneficio-Villa-Los-Alerces.jpg?resize=200%2C132&amp;ssl=1 200w, https:\/\/i0.wp.com\/eltrabajo.cl\/portal\/wp-content\/uploads\/2016\/01\/Beneficio-Villa-Los-Alerces.jpg?resize=228%2C150&amp;ssl=1 228w, https:\/\/i0.wp.com\/eltrabajo.cl\/portal\/wp-content\/uploads\/2016\/01\/Beneficio-Villa-Los-Alerces.jpg?resize=400%2C263&amp;ssl=1 400w, https:\/\/i0.wp.com\/eltrabajo.cl\/portal\/wp-content\/uploads\/2016\/01\/Beneficio-Villa-Los-Alerces.jpg?w=530&amp;ssl=1 530w\" sizes=\"auto, (max-width: 300px) 100vw, 300px\" \/><figcaption id=\"caption-attachment-65831\" class=\"wp-caption-text\">Vecinos de villa Los Alerces se unieron para recaudar dinero en ayuda de la familia de Mat\u00edas Menares Garc\u00eda, quien sufre de c\u00e1ncer linf\u00e1tico.<\/figcaption><\/figure>\n<p><strong>PUTAENDO.<\/strong>&#8211; Mostrando una vez m\u00e1s su tremendo coraz\u00f3n solidario, los vecinos de villa Los Alerces de Putaendo han comenzado una cruzada solidaria para ayudar a un joven de tan s\u00f3lo 16 a\u00f1os, aquejado de un c\u00e1ncer de tipo linf\u00e1tico.<br \/>\nSeg\u00fan explic\u00f3 una de las vecinas, en representaci\u00f3n de los residentes del sector y autorizada por la madre del menor de edad, Mat\u00edas Menares Garc\u00eda se percat\u00f3 a fines del mes de diciembre del a\u00f1o reci\u00e9n pasado y luego de jugar f\u00fatbol que algunas \u2018pelotitas\u2019 le hab\u00edan salido en parte de su cuerpo cercanas al pecho y al hombro, por lo que decidi\u00f3 contarle a su madre, que a su vez lo llev\u00f3 r\u00e1pidamente a un centro asistencial y luego a un especialista, que tras los ex\u00e1menes y la realizaci\u00f3n de una biopsia confirm\u00f3 que Mat\u00edas padece de Linfoma Hodgkin.<br \/>\nHoy este joven se apresta para lo que ser\u00e1n las sesiones de quimioterapia, que se le realizar\u00e1n en Valpara\u00edso, donde su familia ha debido enfrentar no tan s\u00f3lo el embate de esta repentina enfermedad, sino que varios gastos econ\u00f3micos.<br \/>\nPor este motivo vecinos de villa Los Alerces se han unido para recaudar dinero y as\u00ed ayudar en parte a la familia de Mat\u00edas, para lo cual ya se est\u00e1n organizando varios beneficios como \u2018El gran bombazo tropical\u2019 el pr\u00f3ximo s\u00e1bado 16 de enero en el Centro de Eventos Casa Grande con la participaci\u00f3n de Los Magos de la Cumbia, Sonora Santa Cecilia y el Charro Julio Vald\u00e9s. El evento tendr\u00e1 una adhesi\u00f3n de $2.500.<br \/>\nAdem\u00e1s los vecinos tambi\u00e9n desarrollar\u00e1n un gran cuadrangular de f\u00fatbol en el estadio del Club Deportivo C\u00f3ndor el mismo s\u00e1bado 16 desde las 14:00 horas donde esperan vender todo tipo de comestibles para ayudar a recaudar dinero para la familia de Mat\u00edas.<br \/>\nParalelamente, Radio Fm Vida de Putaendo efectuar\u00e1 una campa\u00f1a econ\u00f3mica este jueves y viernes para recaudar dinero e ir en directa ayuda de la familia, todo en conjunto con los vecinos de villa Los Alerces.<br \/>\nPara quienes puedan cooperar con esta noble iniciativa y se encuentren fuera de nuestra comuna se pueden comunicar directamente con Soledad Gallardo, vecina de villa Los Alerces a su Whatsapp +56988785101, quien en coordinaci\u00f3n directa con la familia les podr\u00e1 orientar donde poder realizar un deposito o trasferencia.<br \/>\n<strong>Patricio Gallardo M.<\/strong><\/p>\n","protected":false},"excerpt":{"rendered":"<p>PUTAENDO.&#8211; Mostrando una vez m\u00e1s su tremendo coraz\u00f3n solidario, los vecinos de villa Los Alerces de Putaendo han comenzado una cruzada solidaria para ayudar a un joven de tan s\u00f3lo 16 a\u00f1os,&#8230;<\/p>\n","protected":false},"author":482,"featured_media":65831,"comment_status":"open","ping_status":"open","sticky":false,"template":"","format":"standard","meta":{"advanced_seo_description":"","jetpack_seo_html_title":"","jetpack_seo_noindex":false,"_jetpack_memberships_contains_paid_content":false,"footnotes":""},"categories":[1],"tags":[],"class_list":["post-65830","post","type-post","status-publish","format-standard","has-post-thumbnail","hentry","category-cronica"],"jetpack_featured_media_url":"https:\/\/i0.wp.com\/eltrabajo.cl\/portal\/wp-content\/uploads\/2016\/01\/Beneficio-Villa-Los-Alerces.jpg?fit=530%2C349&ssl=1","jetpack_sharing_enabled":true,"jetpack_likes_enabled":true,"jetpack-related-posts":[],"_links":{"self":[{"href":"https:\/\/eltrabajo.cl\/portal\/wp-json\/wp\/v2\/posts\/65830","targetHints":{"allow":["GET"]}}],"collection":[{"href":"https:\/\/eltrabajo.cl\/portal\/wp-json\/wp\/v2\/posts"}],"about":[{"href":"https:\/\/eltrabajo.cl\/portal\/wp-json\/wp\/v2\/types\/post"}],"author":[{"embeddable":true,"href":"https:\/\/eltrabajo.cl\/portal\/wp-json\/wp\/v2\/users\/482"}],"replies":[{"embeddable":true,"href":"https:\/\/eltrabajo.cl\/portal\/wp-json\/wp\/v2\/comments?post=65830"}],"version-history":[{"count":0,"href":"https:\/\/eltrabajo.cl\/portal\/wp-json\/wp\/v2\/posts\/65830\/revisions"}],"wp:featuredmedia":[{"embeddable":true,"href":"https:\/\/eltrabajo.cl\/portal\/wp-json\/wp\/v2\/media\/65831"}],"wp:attachment":[{"href":"https:\/\/eltrabajo.cl\/portal\/wp-json\/wp\/v2\/media?parent=65830"}],"wp:term":[{"taxonomy":"category","embeddable":true,"href":"https:\/\/eltrabajo.cl\/portal\/wp-json\/wp\/v2\/categories?post=65830"},{"taxonomy":"post_tag","embeddable":true,"href":"https:\/\/eltrabajo.cl\/portal\/wp-json\/wp\/v2\/tags?post=65830"}],"curies":[{"name":"wp","href":"https:\/\/api.w.org\/{rel}","templated":true}]}}