{"id":65833,"date":"2016-01-15T14:24:39","date_gmt":"2016-01-15T17:24:39","guid":{"rendered":"http:\/\/www.eltrabajo.cl\/portal\/?p=65833"},"modified":"2016-01-15T14:24:39","modified_gmt":"2016-01-15T17:24:39","slug":"inauguran-el-telescopio-mas-potente-de-la-quinta-region-en-el-observatorio-de-pocuro","status":"publish","type":"post","link":"https:\/\/eltrabajo.cl\/portal\/inauguran-el-telescopio-mas-potente-de-la-quinta-region-en-el-observatorio-de-pocuro\/","title":{"rendered":"Inauguran el telescopio m\u00e1s potente de la Quinta Regi\u00f3n en el observatorio de Pocuro"},"content":{"rendered":"<figure id=\"attachment_65834\" aria-describedby=\"caption-attachment-65834\" style=\"width: 300px\" class=\"wp-caption alignleft\"><img data-recalc-dims=\"1\" loading=\"lazy\" decoding=\"async\" class=\"wp-image-65834 size-medium\" src=\"https:\/\/i0.wp.com\/www.eltrabajo.cl\/portal\/wp-content\/uploads\/2016\/01\/astronomia2-300x198.jpg?resize=300%2C198\" alt=\"Un estudio asegura que en la localidad de Pocuro, las noches son aptas para la observaci\u00f3n astron\u00f3mica. (Fotograf\u00eda Yerko Chac\u00f3n).\" width=\"300\" height=\"198\" srcset=\"https:\/\/i0.wp.com\/eltrabajo.cl\/portal\/wp-content\/uploads\/2016\/01\/astronomia2.jpg?resize=300%2C198&amp;ssl=1 300w, https:\/\/i0.wp.com\/eltrabajo.cl\/portal\/wp-content\/uploads\/2016\/01\/astronomia2.jpg?resize=200%2C132&amp;ssl=1 200w, https:\/\/i0.wp.com\/eltrabajo.cl\/portal\/wp-content\/uploads\/2016\/01\/astronomia2.jpg?resize=227%2C150&amp;ssl=1 227w, https:\/\/i0.wp.com\/eltrabajo.cl\/portal\/wp-content\/uploads\/2016\/01\/astronomia2.jpg?resize=400%2C264&amp;ssl=1 400w, https:\/\/i0.wp.com\/eltrabajo.cl\/portal\/wp-content\/uploads\/2016\/01\/astronomia2.jpg?w=530&amp;ssl=1 530w\" sizes=\"auto, (max-width: 300px) 100vw, 300px\" \/><figcaption id=\"caption-attachment-65834\" class=\"wp-caption-text\">Un estudio asegura que en la localidad de Pocuro, las noches son aptas para la observaci\u00f3n astron\u00f3mica. (Fotograf\u00eda Yerko Chac\u00f3n).<\/figcaption><\/figure>\n<ul>\n<li><strong>En ese lugar se presentan condiciones favorables de observaci\u00f3n del firmamento durante 270 noches al a\u00f1o.<\/strong><\/li>\n<\/ul>\n<p><strong>CALLE LARGA<\/strong>.- Hoy viernes se realizar\u00e1 la inauguraci\u00f3n del telescopio m\u00e1s potente de la Quinta Regi\u00f3n que fue instalado en el observatorio astron\u00f3mico de Pocuro ubicado al interior del Centro Cultural Pedro Aguirre Cerda de Calle Larga.<br \/>\nSetecientos kil\u00f3metros debi\u00f3 recorrer el potente instrumento \u00f3ptico desde el observatorio La Silla, regi\u00f3n de Coquimbo, donde se encontraba funcionando, hasta los patios del Centro Cultural Presidente Pedro Aguirre Cerda (emplazado en la casa donde naci\u00f3 el ex Primer Mandatario).<br \/>\nSe trata de un Boller &amp; Chivens de alta calidad y uso profesional, fabricado en la sede central de la compa\u00f1\u00eda (en Pasadena, California, Estados Unidos).<br \/>\nEl equipo tiene un peso de tres toneladas y un espejo de 61 cent\u00edmetros de di\u00e1metro. Su alcance visual lo convierte en el m\u00e1s poderoso de la regi\u00f3n de Valpara\u00edso. As\u00ed lo destac\u00f3 el doctor Nikolaus Vogt, acad\u00e9mico del Instituto de F\u00edsica y Astronom\u00eda de la Universidad de Valpara\u00edso (IFA), quien explic\u00f3 que la llegada del telescopio a Pocuro se dio gracias a la firma de un convenio colaborativo entre la Universidad de Valpara\u00edso, representada por su rector, Aldo Valle, y el alcalde de Calle Larga, Nelson Venegas, hace un par de a\u00f1os.<br \/>\nFue en ese momento en que se iniciaron las gestiones para concretar la llegada del telescopio a la comuna, lo que sucedi\u00f3 esta semana. El telescopio fue donado por el Instituto Astron\u00f3mico de la Universidad Ruhr-Bochum, Alemania.<br \/>\nUn estudio elaborado por el meteor\u00f3logo del IFA, Omar Cuevas, asegura que la localidad de Pocuro, de las 365 noches que conforman un a\u00f1o, 270 son aptas para la observaci\u00f3n astron\u00f3mica.<br \/>\nEl telescopio, que se instalar\u00e1 al interior de una estructura circular coronada con una c\u00fapula (de 6 por 3 metros de alto), potenciar\u00e1 no solo el desarrollo de la investigaci\u00f3n y docencia de alumnos y profesores de pre y postgrado del Instituto de F\u00edsica y Astronom\u00eda de la UV: tambi\u00e9n tendr\u00e1n acceso a este observatorio todas las personas interesadas en acercarse m\u00e1s al conocimiento astron\u00f3mico.<\/p>\n","protected":false},"excerpt":{"rendered":"<p>En ese lugar se presentan condiciones favorables de observaci\u00f3n del firmamento durante 270 noches al a\u00f1o. CALLE LARGA.- Hoy viernes se realizar\u00e1 la inauguraci\u00f3n del telescopio m\u00e1s potente de la Quinta Regi\u00f3n&#8230;<\/p>\n","protected":false},"author":482,"featured_media":65834,"comment_status":"open","ping_status":"open","sticky":false,"template":"","format":"standard","meta":{"advanced_seo_description":"","jetpack_seo_html_title":"","jetpack_seo_noindex":false,"_jetpack_memberships_contains_paid_content":false,"footnotes":""},"categories":[1],"tags":[],"class_list":["post-65833","post","type-post","status-publish","format-standard","has-post-thumbnail","hentry","category-cronica"],"jetpack_featured_media_url":"https:\/\/i0.wp.com\/eltrabajo.cl\/portal\/wp-content\/uploads\/2016\/01\/astronomia2.jpg?fit=530%2C350&ssl=1","jetpack_sharing_enabled":true,"jetpack_likes_enabled":true,"jetpack-related-posts":[],"_links":{"self":[{"href":"https:\/\/eltrabajo.cl\/portal\/wp-json\/wp\/v2\/posts\/65833","targetHints":{"allow":["GET"]}}],"collection":[{"href":"https:\/\/eltrabajo.cl\/portal\/wp-json\/wp\/v2\/posts"}],"about":[{"href":"https:\/\/eltrabajo.cl\/portal\/wp-json\/wp\/v2\/types\/post"}],"author":[{"embeddable":true,"href":"https:\/\/eltrabajo.cl\/portal\/wp-json\/wp\/v2\/users\/482"}],"replies":[{"embeddable":true,"href":"https:\/\/eltrabajo.cl\/portal\/wp-json\/wp\/v2\/comments?post=65833"}],"version-history":[{"count":0,"href":"https:\/\/eltrabajo.cl\/portal\/wp-json\/wp\/v2\/posts\/65833\/revisions"}],"wp:featuredmedia":[{"embeddable":true,"href":"https:\/\/eltrabajo.cl\/portal\/wp-json\/wp\/v2\/media\/65834"}],"wp:attachment":[{"href":"https:\/\/eltrabajo.cl\/portal\/wp-json\/wp\/v2\/media?parent=65833"}],"wp:term":[{"taxonomy":"category","embeddable":true,"href":"https:\/\/eltrabajo.cl\/portal\/wp-json\/wp\/v2\/categories?post=65833"},{"taxonomy":"post_tag","embeddable":true,"href":"https:\/\/eltrabajo.cl\/portal\/wp-json\/wp\/v2\/tags?post=65833"}],"curies":[{"name":"wp","href":"https:\/\/api.w.org\/{rel}","templated":true}]}}