{"id":65836,"date":"2016-01-15T14:28:27","date_gmt":"2016-01-15T17:28:27","guid":{"rendered":"http:\/\/www.eltrabajo.cl\/portal\/?p=65836"},"modified":"2016-01-15T14:28:27","modified_gmt":"2016-01-15T17:28:27","slug":"diva-sanfelipena-lanza-su-disco-52-intimo-palmenia-pizarro","status":"publish","type":"post","link":"https:\/\/eltrabajo.cl\/portal\/diva-sanfelipena-lanza-su-disco-52-intimo-palmenia-pizarro\/","title":{"rendered":"Diva sanfelipe\u00f1a lanza su disco 52 \u2018\u00cdntimo Palmenia Pizarro\u2019"},"content":{"rendered":"<figure id=\"attachment_65837\" aria-describedby=\"caption-attachment-65837\" style=\"width: 300px\" class=\"wp-caption alignleft\"><img data-recalc-dims=\"1\" loading=\"lazy\" decoding=\"async\" class=\"wp-image-65837 size-medium\" src=\"https:\/\/i0.wp.com\/www.eltrabajo.cl\/portal\/wp-content\/uploads\/2016\/01\/Palmenia3-300x198.jpg?resize=300%2C198\" alt=\"HISTRI\u00d3NICA.- Palmenia Pizarro este a\u00f1o no podr\u00e1 acompa\u00f1arnos en su festival, pero nos asegur\u00f3 que estar\u00e1 en presencia espiritual con sus fans y amigos de la comuna.\" width=\"300\" height=\"198\" srcset=\"https:\/\/i0.wp.com\/eltrabajo.cl\/portal\/wp-content\/uploads\/2016\/01\/Palmenia3.jpg?resize=300%2C198&amp;ssl=1 300w, https:\/\/i0.wp.com\/eltrabajo.cl\/portal\/wp-content\/uploads\/2016\/01\/Palmenia3.jpg?resize=200%2C132&amp;ssl=1 200w, https:\/\/i0.wp.com\/eltrabajo.cl\/portal\/wp-content\/uploads\/2016\/01\/Palmenia3.jpg?resize=227%2C150&amp;ssl=1 227w, https:\/\/i0.wp.com\/eltrabajo.cl\/portal\/wp-content\/uploads\/2016\/01\/Palmenia3.jpg?resize=400%2C264&amp;ssl=1 400w, https:\/\/i0.wp.com\/eltrabajo.cl\/portal\/wp-content\/uploads\/2016\/01\/Palmenia3.jpg?w=530&amp;ssl=1 530w\" sizes=\"auto, (max-width: 300px) 100vw, 300px\" \/><figcaption id=\"caption-attachment-65837\" class=\"wp-caption-text\">HISTRI\u00d3NICA.- Palmenia Pizarro este a\u00f1o no podr\u00e1 acompa\u00f1arnos en su festival, pero nos asegur\u00f3 que estar\u00e1 en presencia espiritual con sus fans y amigos de la comuna.<\/figcaption><\/figure>\n<p>Miles de personas la han aclamado en los Rodeos mexicanos; vitoreada con fuerza en los m\u00e1s imponentes escenarios de Per\u00fa, M\u00e9xico, Jap\u00f3n, Colombia y Puerto Rico; la \u00fanica artista que canta en espa\u00f1ol y japon\u00e9s en nuestro pa\u00eds, la depositaria del Festival Palmenia Pizarro e hija de nuestra ciudad, habl\u00f3 ayer jueves con Diario El Trabajo sobre sus metas cumplidas, logros obtenidos y tambi\u00e9n sobre su vida personal.<\/p>\n<p><strong>HOY A SOLAS CON PALMENIA PIZARRO<\/strong><br \/>\nHablamos de la misma Palmenia Pizarro, quien naciera en San Felipe, puntualmente en El Almendral, y quien descubriera su gusto por la m\u00fasica desde que era una peque\u00f1ita de siete a\u00f1os. A los once a\u00f1os se mud\u00f3 a Santiago para probar suerte como cantante. A la edad de 16 a\u00f1os su talento fue valorado por algunas emisoras de radio y fue premiada como \u2018Mejor Int\u00e9rprete Folcl\u00f3rica\u2019. Su participaci\u00f3n en el concurso radial As\u00ed Canta Per\u00fa en 1962 hace que el sello EMI la contratara, pero para penetrar en lo \u00edntimo de su vida, leamos lo que para nuestros lectores esta diva chilena coment\u00f3.<br \/>\n<strong>&#8211; \u00bfQu\u00e9 tan vigente est\u00e1 Palmenia Pizarro en el mundo de la far\u00e1ndula?<\/strong><br \/>\n<strong>&#8211;<\/strong> En estos momentos estoy muy vigente, ahora con la Compa\u00f1\u00eda Mapa Records y mi disco \u2018\u00cdntimo Palmenia Pizarro\u2019, propuesta que ya est\u00e1 a la venta en las plataformas internacionales en donde los artistas vendemos nuestra m\u00fasica por Internet.<br \/>\n<strong>&#8211; \u00bfC\u00f3mo te iniciaste en esta competitiva carrera?<\/strong><br \/>\n<strong>&#8211;<\/strong> Yo me inici\u00e9 muy jovencita, ya a mis siete a\u00f1os yo cantaba y estaba en audiciones en concursos de m\u00fasica que se realizaban en San Felipe. Al poco tiempo me ofrecieron que me viniera a Santiago a concursar en los festivales musicales de la capital, ten\u00eda yo diez a\u00f1os y como no se presentaba una con su nombre, me correspondi\u00f3 ser conocida como la \u2018Aficionada 101\u2019.<\/p>\n<figure id=\"attachment_65838\" aria-describedby=\"caption-attachment-65838\" style=\"width: 300px\" class=\"wp-caption alignright\"><img data-recalc-dims=\"1\" loading=\"lazy\" decoding=\"async\" class=\"wp-image-65838 size-medium\" src=\"https:\/\/i0.wp.com\/www.eltrabajo.cl\/portal\/wp-content\/uploads\/2016\/01\/Palmenia1-300x198.jpg?resize=300%2C198\" alt=\"SIEMPRE PALMENIA.- El m\u00e1s reciente material de Palmenia, \u2018\u00cdntimo Palmenia Pizarro\u2019, ya se encuentra a la venta en Internet.\" width=\"300\" height=\"198\" srcset=\"https:\/\/i0.wp.com\/eltrabajo.cl\/portal\/wp-content\/uploads\/2016\/01\/Palmenia1.jpg?resize=300%2C198&amp;ssl=1 300w, https:\/\/i0.wp.com\/eltrabajo.cl\/portal\/wp-content\/uploads\/2016\/01\/Palmenia1.jpg?resize=200%2C132&amp;ssl=1 200w, https:\/\/i0.wp.com\/eltrabajo.cl\/portal\/wp-content\/uploads\/2016\/01\/Palmenia1.jpg?resize=228%2C150&amp;ssl=1 228w, https:\/\/i0.wp.com\/eltrabajo.cl\/portal\/wp-content\/uploads\/2016\/01\/Palmenia1.jpg?resize=400%2C263&amp;ssl=1 400w, https:\/\/i0.wp.com\/eltrabajo.cl\/portal\/wp-content\/uploads\/2016\/01\/Palmenia1.jpg?w=530&amp;ssl=1 530w\" sizes=\"auto, (max-width: 300px) 100vw, 300px\" \/><figcaption id=\"caption-attachment-65838\" class=\"wp-caption-text\">SIEMPRE PALMENIA.- El m\u00e1s reciente material de Palmenia, \u2018\u00cdntimo Palmenia Pizarro\u2019, ya se encuentra a la venta en Internet.<\/figcaption><\/figure>\n<p><strong>&#8211; \u00bfPero ya usted ten\u00eda experiencia cuando lleg\u00f3 a este concurso?<\/strong><br \/>\n<strong>&#8211;<\/strong> Ya yo me hab\u00eda fogueado mucho en San Felipe en un proyecto llamado Teatro Experimental, con don Miguel Ricardo Juri (quien se hac\u00eda llamar \u2018Miguel \u00c1ngel), mi padrino.<br \/>\n<strong>&#8211; \u00bfSaboreaste pronto el \u00e9xito como artista?<\/strong><br \/>\n<strong>&#8211;<\/strong> S\u00ed. Pronto el \u00e9xito lleg\u00f3 a mi vida, mi carrera se dispar\u00f3 y se me contrat\u00f3 de varios pa\u00edses de Am\u00e9rica Latina, fueron muchos viajes y muchas presentaciones en Ecuador, Per\u00fa y Colombia entre otros.<br \/>\n<strong>&#8211; \u00bfAlguna an\u00e9cdota que recuerdes de manera especial?<\/strong><br \/>\n<strong>&#8211;<\/strong> Recuerdo que en 1972 ya ten\u00eda mis boletos de avi\u00f3n para volar a M\u00e9xico, era toda una traves\u00eda, pero al mismo tiempo ten\u00eda el compromiso de asistir al Festival de la Voz 1972 en Puerto Rico, en ese festival, luego de cantar, un caballero cubano me llam\u00f3, me invit\u00f3 a un caf\u00e9 y ofreci\u00f3 contratarme, pues un disco que grab\u00e9 en Colombia, estaba sonando much\u00edsimo en todo Miami, yo no ten\u00eda visa para trabajar o cantar en EE.UU., pero \u00e9l hizo los arreglos para que yo entrara como artista acreditada a ese pa\u00eds. \u00c9l se llamaba Eugenio Garrote.<br \/>\n<strong>&#8211; \u00bfC\u00f3mo est\u00e1 eso, de que \u2018Don Francisco\u2019 te declar\u00f3 Yeta?<\/strong><br \/>\n<strong>&#8211;<\/strong> Sobre eso yo escribo en mi libro, pero te voy a contar un poquito, mira, el rumor surgi\u00f3 de una cantante, quien ech\u00f3 a correr el rumor, despu\u00e9s me lo dijo en la cara, frente a frente en un autob\u00fas, est\u00e1bamos en Concepci\u00f3n, \u2018que Don Francisco me hab\u00eda declarado Yeta\u2019, s\u00ed es verdad. Sobre ese tema escribo en mi libro.<br \/>\n<strong>&#8211; \u00bfTe afect\u00f3 verdaderamente esta supuesta declaratoria en contra de tu prestigio?<\/strong><br \/>\n<strong>&#8211;<\/strong> S\u00ed me afect\u00f3 much\u00edsimo, porque en primer lugar desde la Televisi\u00f3n ya no me llamaron m\u00e1s para cantar; algunos artistas cuando me ve\u00edan, se cruzaban de acera para no toparse conmigo, me afect\u00f3 bastante en mi carrera.<br \/>\n<strong>&#8211; \u00bfPudiste hablar con \u2018Don Francisco\u2019 sobre la veracidad de este rumor?<\/strong><br \/>\n<strong>&#8211;<\/strong> No, nunca he hablado con Don Francisco sobre ese tema o rumor, porque nunca se ha dado la oportunidad.<br \/>\n<strong>&#8211; \u00bfCu\u00e1l es tu sue\u00f1o en relaci\u00f3n al festival que se realiza anualmente en tu honor en San Felipe?<\/strong><br \/>\n<strong>&#8211;<\/strong> Mi sue\u00f1o dorado, y que a\u00fan no se me cumple, es que Leo Dan pudiera estar en mi festival en San Felipe. Quisiera que don Patricio Freire leyera mis palabras y pudiera contratar a Leo Dan en uno de estos festivales, Leo Dan es mi artista preferido.<br \/>\n<strong>&#8211; \u00bfQu\u00e9 palabras directas tienes para nuestros lectores?<\/strong><br \/>\n<strong>&#8211;<\/strong> Quiero dar las gracias a todos los aconcag\u00fcinos, por todo el cari\u00f1o y respaldo a mi carrera durante toda mi vida, a las autoridades sanfelipe\u00f1as, que a\u00f1o tras a\u00f1o mantienen vigente este festival musical.<\/p>\n<p><strong>SU TRAYECTORIA<\/strong><br \/>\nEn 1963, canciones como Mi Pobreza y Amarga Experiencia, lograron ventas espectaculares. Sus shows eran un \u00e9xito de taquilla, logrando tanto el reconocimiento de la cr\u00edtica chilena como del p\u00fablico. En M\u00e9xico por ejemplo, Televisa hizo un fest\u00edn con las presentaciones de esta prestigiosa artista, quien siempre ha gozado del cari\u00f1o nacional e internacional.<br \/>\nFue con la canci\u00f3n Cari\u00f1o Malo, del compositor peruano Augusto Polo Campos, que logr\u00f3 su consagraci\u00f3n. Sin embargo, una serie de hechos, exacerbados por algunos periodistas y presentadores de televisi\u00f3n chilenos (incluyendo a Don Francisco), la obligaron a radicarse en M\u00e9xico, en donde a partir de una presentaci\u00f3n en el programa de Televisa, Siempre en Domingo y de la mano de la gran Chavela Vargas, logra una exitosa carrera en ese pa\u00eds. Desde ah\u00ed consigui\u00f3 el reconocimiento necesario para comenzar una fruct\u00edfera carrera internacional, que la llev\u00f3 a presentarse en pa\u00edses como Australia, Estados Unidos, Argentina y Jap\u00f3n (donde conoci\u00f3 a Atahualpa Yupanqui); en este \u00faltimo pa\u00eds, grab\u00f3 dos canciones en japon\u00e9s.<br \/>\nEn 1997, retorn\u00f3 a Chile, en donde logra importantes reconocimientos y homenajes tanto del mundo de la cultura, como de su p\u00fablico. En 2007 se integra al programa de televisi\u00f3n de Canal 13, Cantando por un sue\u00f1o, como maestra de la pareja de participantes conformada por Carolina Vargas y Lizardo Garrido.<br \/>\n<strong>Roberto Gonz\u00e1lez Short<\/strong><br \/>\n<strong>rgonzalez@eltrabajo.cl<\/strong><\/p>\n","protected":false},"excerpt":{"rendered":"<p>Miles de personas la han aclamado en los Rodeos mexicanos; vitoreada con fuerza en los m\u00e1s imponentes escenarios de Per\u00fa, M\u00e9xico, Jap\u00f3n, Colombia y Puerto Rico; la \u00fanica artista que canta en&#8230;<\/p>\n","protected":false},"author":482,"featured_media":65837,"comment_status":"open","ping_status":"open","sticky":false,"template":"","format":"standard","meta":{"advanced_seo_description":"","jetpack_seo_html_title":"","jetpack_seo_noindex":false,"_jetpack_memberships_contains_paid_content":false,"footnotes":""},"categories":[15],"tags":[],"class_list":["post-65836","post","type-post","status-publish","format-standard","has-post-thumbnail","hentry","category-comunidad"],"jetpack_featured_media_url":"https:\/\/i0.wp.com\/eltrabajo.cl\/portal\/wp-content\/uploads\/2016\/01\/Palmenia3.jpg?fit=530%2C350&ssl=1","jetpack_sharing_enabled":true,"jetpack_likes_enabled":true,"jetpack-related-posts":[],"_links":{"self":[{"href":"https:\/\/eltrabajo.cl\/portal\/wp-json\/wp\/v2\/posts\/65836","targetHints":{"allow":["GET"]}}],"collection":[{"href":"https:\/\/eltrabajo.cl\/portal\/wp-json\/wp\/v2\/posts"}],"about":[{"href":"https:\/\/eltrabajo.cl\/portal\/wp-json\/wp\/v2\/types\/post"}],"author":[{"embeddable":true,"href":"https:\/\/eltrabajo.cl\/portal\/wp-json\/wp\/v2\/users\/482"}],"replies":[{"embeddable":true,"href":"https:\/\/eltrabajo.cl\/portal\/wp-json\/wp\/v2\/comments?post=65836"}],"version-history":[{"count":0,"href":"https:\/\/eltrabajo.cl\/portal\/wp-json\/wp\/v2\/posts\/65836\/revisions"}],"wp:featuredmedia":[{"embeddable":true,"href":"https:\/\/eltrabajo.cl\/portal\/wp-json\/wp\/v2\/media\/65837"}],"wp:attachment":[{"href":"https:\/\/eltrabajo.cl\/portal\/wp-json\/wp\/v2\/media?parent=65836"}],"wp:term":[{"taxonomy":"category","embeddable":true,"href":"https:\/\/eltrabajo.cl\/portal\/wp-json\/wp\/v2\/categories?post=65836"},{"taxonomy":"post_tag","embeddable":true,"href":"https:\/\/eltrabajo.cl\/portal\/wp-json\/wp\/v2\/tags?post=65836"}],"curies":[{"name":"wp","href":"https:\/\/api.w.org\/{rel}","templated":true}]}}