{"id":65840,"date":"2016-01-15T14:35:23","date_gmt":"2016-01-15T17:35:23","guid":{"rendered":"http:\/\/www.eltrabajo.cl\/portal\/?p=65840"},"modified":"2016-01-15T14:35:23","modified_gmt":"2016-01-15T17:35:23","slug":"este-sabado-ultima-presentacion-de-teatro-a-mil-se-tomara-av-michimalongo","status":"publish","type":"post","link":"https:\/\/eltrabajo.cl\/portal\/este-sabado-ultima-presentacion-de-teatro-a-mil-se-tomara-av-michimalongo\/","title":{"rendered":"Este s\u00e1bado, \u00faltima presentaci\u00f3n de Teatro a Mil se tomar\u00e1 Av. Michimalongo"},"content":{"rendered":"<figure id=\"attachment_65841\" aria-describedby=\"caption-attachment-65841\" style=\"width: 300px\" class=\"wp-caption alignleft\"><img data-recalc-dims=\"1\" loading=\"lazy\" decoding=\"async\" class=\"wp-image-65841 size-medium\" src=\"https:\/\/i0.wp.com\/www.eltrabajo.cl\/portal\/wp-content\/uploads\/2016\/01\/Ricardo-Ruiz-300x197.jpg?resize=300%2C197\" alt=\"Ricardo Ruiz Herrera, coordinador comunal de Cultura.\" width=\"300\" height=\"197\" srcset=\"https:\/\/i0.wp.com\/eltrabajo.cl\/portal\/wp-content\/uploads\/2016\/01\/Ricardo-Ruiz.jpg?resize=300%2C197&amp;ssl=1 300w, https:\/\/i0.wp.com\/eltrabajo.cl\/portal\/wp-content\/uploads\/2016\/01\/Ricardo-Ruiz.jpg?resize=200%2C131&amp;ssl=1 200w, https:\/\/i0.wp.com\/eltrabajo.cl\/portal\/wp-content\/uploads\/2016\/01\/Ricardo-Ruiz.jpg?resize=228%2C150&amp;ssl=1 228w, https:\/\/i0.wp.com\/eltrabajo.cl\/portal\/wp-content\/uploads\/2016\/01\/Ricardo-Ruiz.jpg?resize=400%2C263&amp;ssl=1 400w, https:\/\/i0.wp.com\/eltrabajo.cl\/portal\/wp-content\/uploads\/2016\/01\/Ricardo-Ruiz.jpg?w=530&amp;ssl=1 530w\" sizes=\"auto, (max-width: 300px) 100vw, 300px\" \/><figcaption id=\"caption-attachment-65841\" class=\"wp-caption-text\">Ricardo Ruiz Herrera, coordinador comunal de Cultura.<\/figcaption><\/figure>\n<ul>\n<li><strong>Corresponde al pasacalles Artika, de Compa\u00f1\u00eda Sarruga y se dispuso de un corte de tr\u00e1nsito desde las 18:00 horas<\/strong><\/li>\n<\/ul>\n<p>Un oso polar, ping\u00fcinos y hasta un iceberg de gigantescas dimensiones, ser\u00e1n los protagonistas del pasacalles que Teatro a\u00a0Mil tiene contemplado como \u00faltima presentaci\u00f3n en San Felipe, en el tercer a\u00f1o consecutivo de actividades que realiza en nuestra comuna.<br \/>\nAs\u00ed lo dio a conocer el coordinador comunal de Cultura, Ricardo Ruiz Herrera, quien manifest\u00f3 que esta espectacular presentaci\u00f3n se realizar\u00e1 en la avenida Michimalongo, a contar de las 21:00 horas, lo que de paso generar\u00e1 un corte en el tr\u00e1nsito de veh\u00edculos por esta arteria, desde Camilo Leiva hasta Yungay.<br \/>\n\u201cPara efectos de la circulaci\u00f3n de veh\u00edculos, a contar de las 18.00 horas los automovilistas ser\u00e1n desviados de su camino por Camilo Leiva, debiendo tomar Nicol\u00e1s Maruri y por ah\u00ed llegar a 12 de Febrero, para llegar a la avenida Yungay\u201d, explic\u00f3 Ricardo Ruiz, quien en lo que respecta a la actividad en s\u00ed, manifest\u00f3 que \u201ces un show muy atractivo, que presenta la compa\u00f1\u00eda de teatro espa\u00f1ola Sarruga, la misma que se present\u00f3 el a\u00f1o pasado en nuestra ciudad\u201d.<br \/>\nRuiz destac\u00f3 en este sentido el apoyo que ha recibido el municipio con miras a esta presentaci\u00f3n, de parte de la empresa Exser, que pone a disposici\u00f3n sus dependencias y bodegas para la realizaci\u00f3n de las labores de armado de estas enormes figuras que conforman Artika.<br \/>\nEn ese sentido, el alcalde Patricio Freire junto con ratificar el agradecimiento a la empresa que por segundo a\u00f1o les apoya en esta iniciativa, extendi\u00f3 la invitaci\u00f3n a los vecinos de todo el Valle de Aconcagua para que asistan este s\u00e1bado, desde las 21:00 horas y no solo disfruten, sino se deslumbren con este hermoso espect\u00e1culo que trae la Municipalidad junto a la Fundaci\u00f3n Teatro a Mil, a la comuna de San Felipe.<\/p>\n","protected":false},"excerpt":{"rendered":"<p>Corresponde al pasacalles Artika, de Compa\u00f1\u00eda Sarruga y se dispuso de un corte de tr\u00e1nsito desde las 18:00 horas Un oso polar, ping\u00fcinos y hasta un iceberg de gigantescas dimensiones, ser\u00e1n los&#8230;<\/p>\n","protected":false},"author":482,"featured_media":65841,"comment_status":"open","ping_status":"open","sticky":false,"template":"","format":"standard","meta":{"advanced_seo_description":"","jetpack_seo_html_title":"","jetpack_seo_noindex":false,"_jetpack_memberships_contains_paid_content":false,"footnotes":""},"categories":[1],"tags":[],"class_list":["post-65840","post","type-post","status-publish","format-standard","has-post-thumbnail","hentry","category-cronica"],"jetpack_featured_media_url":"https:\/\/i0.wp.com\/eltrabajo.cl\/portal\/wp-content\/uploads\/2016\/01\/Ricardo-Ruiz.jpg?fit=530%2C348&ssl=1","jetpack_sharing_enabled":true,"jetpack_likes_enabled":true,"jetpack-related-posts":[],"_links":{"self":[{"href":"https:\/\/eltrabajo.cl\/portal\/wp-json\/wp\/v2\/posts\/65840","targetHints":{"allow":["GET"]}}],"collection":[{"href":"https:\/\/eltrabajo.cl\/portal\/wp-json\/wp\/v2\/posts"}],"about":[{"href":"https:\/\/eltrabajo.cl\/portal\/wp-json\/wp\/v2\/types\/post"}],"author":[{"embeddable":true,"href":"https:\/\/eltrabajo.cl\/portal\/wp-json\/wp\/v2\/users\/482"}],"replies":[{"embeddable":true,"href":"https:\/\/eltrabajo.cl\/portal\/wp-json\/wp\/v2\/comments?post=65840"}],"version-history":[{"count":0,"href":"https:\/\/eltrabajo.cl\/portal\/wp-json\/wp\/v2\/posts\/65840\/revisions"}],"wp:featuredmedia":[{"embeddable":true,"href":"https:\/\/eltrabajo.cl\/portal\/wp-json\/wp\/v2\/media\/65841"}],"wp:attachment":[{"href":"https:\/\/eltrabajo.cl\/portal\/wp-json\/wp\/v2\/media?parent=65840"}],"wp:term":[{"taxonomy":"category","embeddable":true,"href":"https:\/\/eltrabajo.cl\/portal\/wp-json\/wp\/v2\/categories?post=65840"},{"taxonomy":"post_tag","embeddable":true,"href":"https:\/\/eltrabajo.cl\/portal\/wp-json\/wp\/v2\/tags?post=65840"}],"curies":[{"name":"wp","href":"https:\/\/api.w.org\/{rel}","templated":true}]}}