{"id":65843,"date":"2016-01-15T14:37:00","date_gmt":"2016-01-15T17:37:00","guid":{"rendered":"http:\/\/www.eltrabajo.cl\/portal\/?p=65843"},"modified":"2016-01-15T14:37:00","modified_gmt":"2016-01-15T17:37:00","slug":"municipio-debiera-responder-legalmente-ante-autoridad-sanitaria-por-la-planta-de-tratamiento-de-algarrobal","status":"publish","type":"post","link":"https:\/\/eltrabajo.cl\/portal\/municipio-debiera-responder-legalmente-ante-autoridad-sanitaria-por-la-planta-de-tratamiento-de-algarrobal\/","title":{"rendered":"Municipio debiera responder legalmente ante Autoridad Sanitaria por la planta de tratamiento de Algarrobal"},"content":{"rendered":"<figure id=\"attachment_65844\" aria-describedby=\"caption-attachment-65844\" style=\"width: 300px\" class=\"wp-caption alignleft\"><img data-recalc-dims=\"1\" loading=\"lazy\" decoding=\"async\" class=\"wp-image-65844 size-medium\" src=\"https:\/\/i0.wp.com\/www.eltrabajo.cl\/portal\/wp-content\/uploads\/2016\/01\/FOTO-1-Claudia-Abasca-300x197.jpg?resize=300%2C197\" alt=\"Claudia Abarca, Jeja Subrogante de la Oficina Provincial de Aconcagua Seremi Salud.\" width=\"300\" height=\"197\" srcset=\"https:\/\/i0.wp.com\/eltrabajo.cl\/portal\/wp-content\/uploads\/2016\/01\/FOTO-1-Claudia-Abasca.jpg?resize=300%2C197&amp;ssl=1 300w, https:\/\/i0.wp.com\/eltrabajo.cl\/portal\/wp-content\/uploads\/2016\/01\/FOTO-1-Claudia-Abasca.jpg?resize=200%2C131&amp;ssl=1 200w, https:\/\/i0.wp.com\/eltrabajo.cl\/portal\/wp-content\/uploads\/2016\/01\/FOTO-1-Claudia-Abasca.jpg?resize=228%2C150&amp;ssl=1 228w, https:\/\/i0.wp.com\/eltrabajo.cl\/portal\/wp-content\/uploads\/2016\/01\/FOTO-1-Claudia-Abasca.jpg?resize=400%2C263&amp;ssl=1 400w, https:\/\/i0.wp.com\/eltrabajo.cl\/portal\/wp-content\/uploads\/2016\/01\/FOTO-1-Claudia-Abasca.jpg?w=530&amp;ssl=1 530w\" sizes=\"auto, (max-width: 300px) 100vw, 300px\" \/><figcaption id=\"caption-attachment-65844\" class=\"wp-caption-text\">Claudia Abarca, Jeja Subrogante de la Oficina Provincial de Aconcagua Seremi Salud.<\/figcaption><\/figure>\n<ul>\n<li><strong>Unidad de alcantarillado se encuentra rebasada y pese a las medidas de mitigaci\u00f3n, urge una nueva planta de aguas servidas.<\/strong><\/li>\n<\/ul>\n<p>Tras una fiscalizaci\u00f3n realizada el pasado mi\u00e9rcoles a la Planta de Tratamiento de Aguas Servidas del sector Algarrobal, la Autoridad Sanitaria, espec\u00edficamente la Oficina Provincial Aconcagua de la Seremi de Salud, detect\u00f3 que la unidad en cuesti\u00f3n se encuentra sobrepasada y que existe un sumario en curso contra la Municipalidad de San Felipe, pues \u00e9sta es legalmente responsable de su mantenci\u00f3n.<br \/>\nSeg\u00fan cont\u00f3 la Jefa Subrogante de la entidad sanitaria, la Qu\u00edmico Faramac\u00e9utico Claudia Abarca, las denuncias por malos olores comenzaron a presentarse a mediados del a\u00f1o 2015, principalmente las quejas proven\u00edan de la escuela Heriberto Berm\u00fadez, que se encuentra a unos 50 metros de la planta.<br \/>\nAnte esta situaci\u00f3n, la profesional asegur\u00f3 que \u201cen noviembre del a\u00f1o pasado se realiz\u00f3 una fiscalizaci\u00f3n grande, en la cual se procedi\u00f3 a revisar la planta y se detect\u00f3 que los problemas se deben a que est\u00e1 subdimensionada, es decir, en este momento no da abasto para la cantidad de personas que est\u00e1n haciendo uso de ella\u201d, detall\u00f3.<br \/>\nSeg\u00fan datos entregados por la propia autoridad, la Planta de tratamientos de Aguas Servidas del sector Algarrobal, fue autorizada el a\u00f1o 1999 para 750 personas y posteriormente el 2008 se aprob\u00f3 una mejora para aumentar su cobertura a 1.000 vecinos. Luego de la fiscalizaci\u00f3n realizada el mi\u00e9rcoles pasado se pudo detectar que aquella ampliaci\u00f3n ya no es suficiente, pues la planta no da abasto para el total de gente que actualmente vive en el sector.<br \/>\nEn relaci\u00f3n con quien debe hacerse responsable de las medidas paliativas, Abarca fue enf\u00e1tica en destacar que \u201cante la Autoridad Sanitaria esta planta est\u00e1 registrada a nombre de la Ilustre Municipalidad de San Felipe, sanitariamente el responsable es el municipio\u201d, declar\u00f3, agregando que \u201cel a\u00f1o pasado se hizo el sumario sanitario correspondiente, la municipalidad se hizo cargo y de hecho en la fiscalizaci\u00f3n que se hizo ayer (mi\u00e9rcoles), se constat\u00f3 que los d\u00edas anteriores camiones limpia fozas hab\u00edan estado retirando l\u00edquidos de estas aguas servidas para provocar que la planta pudiera funcionar un poco mejor\u201d, expuso.<br \/>\n\u201cEl sumario est\u00e1 en curso y de hecho los antecedentes de la fiscalizaci\u00f3n del mi\u00e9rcoles van a colaborar con \u00e9ste para ver como se ha estado procediendo, porque dentro de las medidas de mitigaci\u00f3n era efectivamente hacer estas limpiezas de forma frecuente, pero s\u00ed de hecho existen estas denuncias por malos olores, es porque las limpiezas no se hicieron con la frecuencia que corresponde\u201d, concluy\u00f3.<br \/>\nPese a los trabajos que se pueden realizar para paliar esta desagradable situaci\u00f3n por la que est\u00e1n atravesando los vecinos de Algarrobal, la profesional recomend\u00f3 que \u201cla planta como les dec\u00eda qued\u00f3 chica y dentro de las posibles soluciones es crear una nueva o hacer una segunda porque en el fondo \u00e9sta, as\u00ed como est\u00e1, no da abasto\u201d, sentenci\u00f3.<br \/>\nAnte el anuncio realizado por la Municipalidad en cuanto a la elaboraci\u00f3n de un proyecto para una nueva planta de tratamientos, el curso legal indica que una vez presentado el dise\u00f1o, \u00e9ste se eval\u00faa y luego de cumplir con todas las observaciones realizadas se otorgan los permisos sanitarios correspondientes para el funcionamiento.<br \/>\nSeg\u00fan dijo Abarca, el sumario puede extenderse unos cuatro meses, es decir, desde su emisi\u00f3n en el mes de noviembre, podr\u00eda entregar resultados definitivos durante el mes de marzo y las multas a las que se arriesga el responsable van desde las 4 a las 1.000 UTM monto que ser\u00e1 determinado por la Unidad Jur\u00eddica de la Seremi de Salud.<\/p>\n","protected":false},"excerpt":{"rendered":"<p>Unidad de alcantarillado se encuentra rebasada y pese a las medidas de mitigaci\u00f3n, urge una nueva planta de aguas servidas. Tras una fiscalizaci\u00f3n realizada el pasado mi\u00e9rcoles a la Planta de Tratamiento&#8230;<\/p>\n","protected":false},"author":482,"featured_media":65844,"comment_status":"open","ping_status":"open","sticky":false,"template":"","format":"standard","meta":{"advanced_seo_description":"","jetpack_seo_html_title":"","jetpack_seo_noindex":false,"_jetpack_memberships_contains_paid_content":false,"footnotes":""},"categories":[1],"tags":[],"class_list":["post-65843","post","type-post","status-publish","format-standard","has-post-thumbnail","hentry","category-cronica"],"jetpack_featured_media_url":"https:\/\/i0.wp.com\/eltrabajo.cl\/portal\/wp-content\/uploads\/2016\/01\/FOTO-1-Claudia-Abasca.jpg?fit=530%2C348&ssl=1","jetpack_sharing_enabled":true,"jetpack_likes_enabled":true,"jetpack-related-posts":[],"_links":{"self":[{"href":"https:\/\/eltrabajo.cl\/portal\/wp-json\/wp\/v2\/posts\/65843","targetHints":{"allow":["GET"]}}],"collection":[{"href":"https:\/\/eltrabajo.cl\/portal\/wp-json\/wp\/v2\/posts"}],"about":[{"href":"https:\/\/eltrabajo.cl\/portal\/wp-json\/wp\/v2\/types\/post"}],"author":[{"embeddable":true,"href":"https:\/\/eltrabajo.cl\/portal\/wp-json\/wp\/v2\/users\/482"}],"replies":[{"embeddable":true,"href":"https:\/\/eltrabajo.cl\/portal\/wp-json\/wp\/v2\/comments?post=65843"}],"version-history":[{"count":0,"href":"https:\/\/eltrabajo.cl\/portal\/wp-json\/wp\/v2\/posts\/65843\/revisions"}],"wp:featuredmedia":[{"embeddable":true,"href":"https:\/\/eltrabajo.cl\/portal\/wp-json\/wp\/v2\/media\/65844"}],"wp:attachment":[{"href":"https:\/\/eltrabajo.cl\/portal\/wp-json\/wp\/v2\/media?parent=65843"}],"wp:term":[{"taxonomy":"category","embeddable":true,"href":"https:\/\/eltrabajo.cl\/portal\/wp-json\/wp\/v2\/categories?post=65843"},{"taxonomy":"post_tag","embeddable":true,"href":"https:\/\/eltrabajo.cl\/portal\/wp-json\/wp\/v2\/tags?post=65843"}],"curies":[{"name":"wp","href":"https:\/\/api.w.org\/{rel}","templated":true}]}}