{"id":65846,"date":"2016-01-15T14:39:45","date_gmt":"2016-01-15T17:39:45","guid":{"rendered":"http:\/\/www.eltrabajo.cl\/portal\/?p=65846"},"modified":"2016-01-15T14:39:45","modified_gmt":"2016-01-15T17:39:45","slug":"pistola-en-mano-precoz-delincuente-de-16-anos-arrebato-auto-a-conductor","status":"publish","type":"post","link":"https:\/\/eltrabajo.cl\/portal\/pistola-en-mano-precoz-delincuente-de-16-anos-arrebato-auto-a-conductor\/","title":{"rendered":"Pistola en mano precoz delincuente de 16 a\u00f1os arrebat\u00f3 auto a conductor"},"content":{"rendered":"<figure id=\"attachment_65847\" aria-describedby=\"caption-attachment-65847\" style=\"width: 300px\" class=\"wp-caption alignleft\"><img data-recalc-dims=\"1\" loading=\"lazy\" decoding=\"async\" class=\"wp-image-65847 size-medium\" src=\"https:\/\/i0.wp.com\/www.eltrabajo.cl\/portal\/wp-content\/uploads\/2016\/01\/ADOLESCENTE-DETENIDO-300x198.jpg?resize=300%2C198\" alt=\"El precoz antisocial de 16 a\u00f1os fue capturado por Carabineros para ser procesado por la Fiscal\u00eda.\" width=\"300\" height=\"198\" srcset=\"https:\/\/i0.wp.com\/eltrabajo.cl\/portal\/wp-content\/uploads\/2016\/01\/ADOLESCENTE-DETENIDO.jpg?resize=300%2C198&amp;ssl=1 300w, https:\/\/i0.wp.com\/eltrabajo.cl\/portal\/wp-content\/uploads\/2016\/01\/ADOLESCENTE-DETENIDO.jpg?resize=200%2C132&amp;ssl=1 200w, https:\/\/i0.wp.com\/eltrabajo.cl\/portal\/wp-content\/uploads\/2016\/01\/ADOLESCENTE-DETENIDO.jpg?resize=228%2C150&amp;ssl=1 228w, https:\/\/i0.wp.com\/eltrabajo.cl\/portal\/wp-content\/uploads\/2016\/01\/ADOLESCENTE-DETENIDO.jpg?resize=400%2C263&amp;ssl=1 400w, https:\/\/i0.wp.com\/eltrabajo.cl\/portal\/wp-content\/uploads\/2016\/01\/ADOLESCENTE-DETENIDO.jpg?w=530&amp;ssl=1 530w\" sizes=\"auto, (max-width: 300px) 100vw, 300px\" \/><figcaption id=\"caption-attachment-65847\" class=\"wp-caption-text\">El precoz antisocial de 16 a\u00f1os fue capturado por Carabineros para ser procesado por la Fiscal\u00eda.<\/figcaption><\/figure>\n<p>Con solo 16 a\u00f1os, un precoz antisocial habr\u00eda sido el autor de un robo con intimidaci\u00f3n, resultando v\u00edctima un chofer de un colectivo. Seg\u00fan el testimonio del afectado, fue enca\u00f1onado por este individuo luego de haberlo abordado como pasajero, oblig\u00e1ndolo a descender del m\u00f3vil para escapar con esta especie que fue hallada posteriormente desmantelada.<br \/>\nLos hechos comenzaron a desencadenarse, seg\u00fan testimonio del chofer del colectivo a Carabineros, cuando se desplazaba por calle Miraflores y un individuo lo hizo detenerse para abordarlo como pasajero, indic\u00e1ndole que lo trasladara hasta la comuna de Los Andes.<br \/>\nAl llegar a destino, el desconocido tripulante le requiri\u00f3 a la v\u00edctima que lo llevara hasta la comuna de San Esteban en b\u00fasqueda de un amigo. El sujeto comenz\u00f3 a tener una serie de actitudes sospechosas, decidiendo retornar nuevamente hacia San Felipe.<br \/>\nEl chofer, al continuar el recorrido junto a este sujeto, se dirigi\u00f3 por la avenida Santa Teresa y le solicit\u00f3 bajarse del m\u00f3vil, no obstante, el aludido en forma agresiva habr\u00eda extra\u00eddo de entre sus vestimentas un arma de fuego, intimidando al conductor del colectivo, oblig\u00e1ndolo a detener la marcha.<br \/>\nLa v\u00edctima, al verse intimidado con el arma de fuego, escap\u00f3 del colectivo, observando que el delincuente huy\u00f3 a bordo del autom\u00f3vil en direcci\u00f3n desconocida. Posteriormente el chofer afectado concurri\u00f3 hasta la Segunda Comisar\u00eda de Carabineros para relatar lo sucedido a eso de las 22:00 horas del pasado martes.<\/p>\n<figure id=\"attachment_65848\" aria-describedby=\"caption-attachment-65848\" style=\"width: 300px\" class=\"wp-caption alignright\"><img data-recalc-dims=\"1\" loading=\"lazy\" decoding=\"async\" class=\"wp-image-65848 size-medium\" src=\"https:\/\/i0.wp.com\/www.eltrabajo.cl\/portal\/wp-content\/uploads\/2016\/01\/COLECTIVO-RECUPERADO-1-300x198.jpg?resize=300%2C198\" alt=\"Carabineros hizo entrega del colectivo desmantelado a su propietario Cristian Mu\u00f1oz Cifuentes.\" width=\"300\" height=\"198\" srcset=\"https:\/\/i0.wp.com\/eltrabajo.cl\/portal\/wp-content\/uploads\/2016\/01\/COLECTIVO-RECUPERADO-1.jpg?resize=300%2C198&amp;ssl=1 300w, https:\/\/i0.wp.com\/eltrabajo.cl\/portal\/wp-content\/uploads\/2016\/01\/COLECTIVO-RECUPERADO-1.jpg?resize=200%2C132&amp;ssl=1 200w, https:\/\/i0.wp.com\/eltrabajo.cl\/portal\/wp-content\/uploads\/2016\/01\/COLECTIVO-RECUPERADO-1.jpg?resize=228%2C150&amp;ssl=1 228w, https:\/\/i0.wp.com\/eltrabajo.cl\/portal\/wp-content\/uploads\/2016\/01\/COLECTIVO-RECUPERADO-1.jpg?resize=400%2C263&amp;ssl=1 400w, https:\/\/i0.wp.com\/eltrabajo.cl\/portal\/wp-content\/uploads\/2016\/01\/COLECTIVO-RECUPERADO-1.jpg?w=530&amp;ssl=1 530w\" sizes=\"auto, (max-width: 300px) 100vw, 300px\" \/><figcaption id=\"caption-attachment-65848\" class=\"wp-caption-text\">Carabineros hizo entrega del colectivo desmantelado a su propietario Cristian Mu\u00f1oz Cifuentes.<\/figcaption><\/figure>\n<p><strong>COLECTIVO DESMANTELADO<\/strong><br \/>\nNo obstante, al d\u00eda siguiente seg\u00fan consigna Carabineros, el propietario del colectivo robado, Cristian Mu\u00f1oz Cifuentes, al tomar conocimiento del robo de su autom\u00f3vil por parte del trabajador, sali\u00f3 a recorrer con su camioneta distintas arterias de la comuna de San Felipe en b\u00fasqueda de esta especie, llegando hasta el pasaje Galvarino de la poblaci\u00f3n Los Araucanos, reconociendo su veh\u00edculo marca Nissan V16 de color negro que se encontraba sin sus placas patentes en un domicilio.<br \/>\nLa v\u00edctima de inmediato puso en conocimiento del hallazgo a Carabineros de la Secci\u00f3n de Investigaci\u00f3n Policial SIP, indicando que en el interior del m\u00f3vil se encontraba un sujeto joven que minutos m\u00e1s tarde se retir\u00f3 del lugar en direcci\u00f3n desconocida.<br \/>\nLas diligencias policiales permitieron establecer que dicho veh\u00edculo se trataba de la especie encargada por robo el d\u00eda anterior. Asimismo Carabineros en patrullajes preventivos por la comuna logr\u00f3 divisar a un adolescente transitando a pie por avenida Chacabuco esquina de Toro Mazote, siendo interceptado para practicarle un control de identidad, siendo trasladado hasta la Segunda Comisar\u00eda de Carabineros.<\/p>\n<p><strong>RECONOCIDO POR V\u00cdCTIMAS<\/strong><br \/>\nEn esta unidad policial, tanto como el propietario del colectivo como su chofer, reconocieron al adolescente como el autor de los hechos anteriormente descritos, quedando en calidad de detenido. Carabineros al revisar entre sus bolsillo \u00e9ste manten\u00eda en su poder la llave del colectivo robado.<br \/>\nEste veh\u00edculo tras ser recuperado por Carabineros, se encontraba desmantelado con la p\u00e9rdida de dos espejos retrovisores, cuatro tapas de ruedas, una radio musical, parlantes, luces de freno, un distribuidor, las placas patentes, una rueda de repuesto y la documentaci\u00f3n del veh\u00edculo, cuyas especies fueron avaluadas en la suma de $500.000.<br \/>\nEl colectivo fue entregado de inmediato a su propietario por la polic\u00eda uniformada en dependencias de la Segunda Comisar\u00eda de San Felipe. En tanto el adolescente detenido de iniciales H.H.M.C. de 16 a\u00f1os, quien cuenta con detenciones policiales anteriores, fue derivado hasta el Juzgado de Garant\u00eda para ser formalizado por la Fiscal\u00eda.<br \/>\nPor tratarse de un menor de edad, este Tribunal asign\u00f3 como medidas cautelares que el imputado sea sometido a programas de reinserci\u00f3n social a cargo del Servicio Nacional de Menores, adem\u00e1s firma mensual y la prohibici\u00f3n de salir del pa\u00eds mientras dure el proceso de investigaci\u00f3n por este caso.<br \/>\n<strong>Pablo Salinas Sald\u00edas<\/strong><\/p>\n","protected":false},"excerpt":{"rendered":"<p>Con solo 16 a\u00f1os, un precoz antisocial habr\u00eda sido el autor de un robo con intimidaci\u00f3n, resultando v\u00edctima un chofer de un colectivo. Seg\u00fan el testimonio del afectado, fue enca\u00f1onado por este&#8230;<\/p>\n","protected":false},"author":482,"featured_media":65847,"comment_status":"open","ping_status":"open","sticky":false,"template":"","format":"standard","meta":{"advanced_seo_description":"","jetpack_seo_html_title":"","jetpack_seo_noindex":false,"_jetpack_memberships_contains_paid_content":false,"footnotes":""},"categories":[21],"tags":[],"class_list":["post-65846","post","type-post","status-publish","format-standard","has-post-thumbnail","hentry","category-policial"],"jetpack_featured_media_url":"https:\/\/i0.wp.com\/eltrabajo.cl\/portal\/wp-content\/uploads\/2016\/01\/ADOLESCENTE-DETENIDO.jpg?fit=530%2C349&ssl=1","jetpack_sharing_enabled":true,"jetpack_likes_enabled":true,"jetpack-related-posts":[],"_links":{"self":[{"href":"https:\/\/eltrabajo.cl\/portal\/wp-json\/wp\/v2\/posts\/65846","targetHints":{"allow":["GET"]}}],"collection":[{"href":"https:\/\/eltrabajo.cl\/portal\/wp-json\/wp\/v2\/posts"}],"about":[{"href":"https:\/\/eltrabajo.cl\/portal\/wp-json\/wp\/v2\/types\/post"}],"author":[{"embeddable":true,"href":"https:\/\/eltrabajo.cl\/portal\/wp-json\/wp\/v2\/users\/482"}],"replies":[{"embeddable":true,"href":"https:\/\/eltrabajo.cl\/portal\/wp-json\/wp\/v2\/comments?post=65846"}],"version-history":[{"count":0,"href":"https:\/\/eltrabajo.cl\/portal\/wp-json\/wp\/v2\/posts\/65846\/revisions"}],"wp:featuredmedia":[{"embeddable":true,"href":"https:\/\/eltrabajo.cl\/portal\/wp-json\/wp\/v2\/media\/65847"}],"wp:attachment":[{"href":"https:\/\/eltrabajo.cl\/portal\/wp-json\/wp\/v2\/media?parent=65846"}],"wp:term":[{"taxonomy":"category","embeddable":true,"href":"https:\/\/eltrabajo.cl\/portal\/wp-json\/wp\/v2\/categories?post=65846"},{"taxonomy":"post_tag","embeddable":true,"href":"https:\/\/eltrabajo.cl\/portal\/wp-json\/wp\/v2\/tags?post=65846"}],"curies":[{"name":"wp","href":"https:\/\/api.w.org\/{rel}","templated":true}]}}