{"id":65850,"date":"2016-01-15T14:48:35","date_gmt":"2016-01-15T17:48:35","guid":{"rendered":"http:\/\/www.eltrabajo.cl\/portal\/?p=65850"},"modified":"2016-01-15T14:48:35","modified_gmt":"2016-01-15T17:48:35","slug":"joven-ahogado-salvo-a-dos-personas-antes-de-perder-la-vida-en-el-rio","status":"publish","type":"post","link":"https:\/\/eltrabajo.cl\/portal\/joven-ahogado-salvo-a-dos-personas-antes-de-perder-la-vida-en-el-rio\/","title":{"rendered":"Joven ahogado salv\u00f3 a dos personas antes de perder la vida en el r\u00edo"},"content":{"rendered":"<figure id=\"attachment_65851\" aria-describedby=\"caption-attachment-65851\" style=\"width: 300px\" class=\"wp-caption alignleft\"><img data-recalc-dims=\"1\" loading=\"lazy\" decoding=\"async\" class=\"wp-image-65851 size-medium\" src=\"https:\/\/i0.wp.com\/www.eltrabajo.cl\/portal\/wp-content\/uploads\/2016\/01\/Michel1-300x197.jpg?resize=300%2C197\" alt=\"Michel Rodr\u00edguez Guerrero cumplir\u00eda sus 20 a\u00f1os este 29 de enero.\" width=\"300\" height=\"197\" srcset=\"https:\/\/i0.wp.com\/eltrabajo.cl\/portal\/wp-content\/uploads\/2016\/01\/Michel1.jpg?resize=300%2C197&amp;ssl=1 300w, https:\/\/i0.wp.com\/eltrabajo.cl\/portal\/wp-content\/uploads\/2016\/01\/Michel1.jpg?resize=200%2C131&amp;ssl=1 200w, https:\/\/i0.wp.com\/eltrabajo.cl\/portal\/wp-content\/uploads\/2016\/01\/Michel1.jpg?resize=228%2C150&amp;ssl=1 228w, https:\/\/i0.wp.com\/eltrabajo.cl\/portal\/wp-content\/uploads\/2016\/01\/Michel1.jpg?resize=400%2C263&amp;ssl=1 400w, https:\/\/i0.wp.com\/eltrabajo.cl\/portal\/wp-content\/uploads\/2016\/01\/Michel1.jpg?w=530&amp;ssl=1 530w\" sizes=\"auto, (max-width: 300px) 100vw, 300px\" \/><figcaption id=\"caption-attachment-65851\" class=\"wp-caption-text\">Michel Rodr\u00edguez Guerrero cumplir\u00eda sus 20 a\u00f1os este 29 de enero.<\/figcaption><\/figure>\n<p>Muchos en Aconcagua nos sorprendimos cuando en todos los medios del valle se inform\u00f3, hace apenas dos d\u00edas, sobre la tr\u00e1gica muerte del joven Michel Rodr\u00edguez Guerrero, quien perdiera la vida en el torrente del R\u00edo Aconcagua la tarde del martes, sin embargo y luego que todos superamos esta primera impresi\u00f3n, qued\u00f3 al descubierto una estremecedora historia de amor y hero\u00edsmo.<\/p>\n<p><strong>JOVEN H\u00c9ROE<\/strong><br \/>\nUna historia en donde queda muy claro que Michel perdi\u00f3 su vida no intentando cruzar atrevidamente el r\u00edo, sino que por el contrario, investigaciones de Diario El Trabajo y el testimonio de testigos, rubrican que este joven muri\u00f3 porque antepuso su vida para salvar a dos personas, primos-hermanos suyos, del peligroso caudal que al final de cuentas le arrebat\u00f3 a \u00e9l la vida. Una vez que los testimonios se establecieran, el hermano de Michel, Jonathan Rodr\u00edguez, explic\u00f3 a nuestro medio los detalles de la tragedia.<br \/>\n<strong>&#8211; \u00bfC\u00f3mo ocurrieron las cosas en ese r\u00edo?<\/strong><br \/>\n<strong>&#8211;<\/strong> Michel decidi\u00f3 ir a refrescarse un rato al r\u00edo con sus tres primos, H\u00e9ctor Fernando, F\u00e9lix Alexander y Sergio Fernando. \u00c9l estaba celebrando que recibir\u00eda su t\u00edtulo de 4\u00ba Medio esta semana. Los tres primos decidieron cruzar en cadena tomados de los brazos, el r\u00edo, pero cuando ya uno de ellos, Sergio, hab\u00eda cruzado a la otra parte, los otros dos empezaron a tener problemas para enfrentar el torrente del r\u00edo, y el agua los empez\u00f3 a arrastrar.<br \/>\n<strong>&#8211; \u00bfY c\u00f3mo reaccion\u00f3 Michel entonces?<\/strong><br \/>\n<strong>&#8211;<\/strong> De inmediato \u00e9l, Michel, no lo pens\u00f3 dos veces y se lanz\u00f3 al rescate, batall\u00f3 con las piedras y la corriente, agarr\u00f3 al primero, a H\u00e9ctor de 12 a\u00f1os, y lo arrastr\u00f3 con fuerza a la parte seca, a la orilla, lo puso a salvo, luego se enfrent\u00f3 de nuevo al torrente m\u00e1s fuerte, y le arrebat\u00f3 al otro primo, a F\u00e9lix de 11 a\u00f1os, de igual manera lo puso a salvo, ya cuando pensaba salir \u00e9l, resbal\u00f3 y cay\u00f3, el r\u00edo hizo el resto.<br \/>\n<strong>&#8211; \u00bfC\u00f3mo era su hermano en el diario vivir?<\/strong><br \/>\n<strong>&#8211;<\/strong> Mi hermano era un joven muy pero muy dado a compartir con los ni\u00f1os, era un ni\u00f1o en el cuerpo de un hombre, ven\u00eda a la iglesia regularmente, pues nuestra madre Teresa Guerrero y nuestro padrastro Juan Miranda, son evang\u00e9licos. Michel era como muchos j\u00f3venes, era enamorado y muy trabajador, tendr\u00eda sus pololas, pero no las tra\u00eda al barrio.<\/p>\n<p><strong>RECLAMAN ACCIONAR\u00a0DE RESCATISTAS<\/strong><br \/>\nDiario El Trabajo tambi\u00e9n habl\u00f3 con dos t\u00edos del hoy fallecido, uno de ellos, don Luis \u2018Luchito\u2019 Guerrero, declar\u00f3 que \u00abes una l\u00e1stima la lentitud con que Carabineros y Bomberos actu\u00f3, llam\u00e1bamos y llam\u00e1bamos al 133 pero nada, enviaron a puros voluntarios muy j\u00f3venes y poco experimentados al rescate del cuerpo, a m\u00ed me correspondi\u00f3, antes que ellos llegaran al lugar, ubicar el cuerpo en el r\u00edo, meterme al torrente y arrastrarlo hasta una orilla, el rescate lo hicimos la familia y los vecinos, no ellos como lo dicen en los medios\u00bb, dijo Guerrero.<br \/>\nPor su parte el otro t\u00edo de Michel, Sebasti\u00e1n Fuentes, coment\u00f3 que \u00abno me esperar\u00eda menos de Michel, \u00e9l siempre era muy servicial y ya estaba prepar\u00e1ndose para continuar estudiando, pero el destino y el r\u00edo se lo llevaron de nuestro lado\u00bb.<br \/>\nEl cuerpo de este joven h\u00e9roe aconcag\u00fcino est\u00e1 siendo velado en la Iglesia Pentecostal de Portal Juncal, en San Rafael. Sus funerales ser\u00e1n hoy a las 10:30 horas en el Cementerio parroquial Papudo Norte de Los Andes.<br \/>\n<strong>Roberto Gonz\u00e1lez Short<\/strong><br \/>\n<strong>rgonzalez@eltrabajo.cl<\/strong><\/p>\n<div class=\"tiled-gallery type-rectangular tiled-gallery-unresized\" data-original-width=\"640\" data-carousel-extra='null' itemscope itemtype=\"http:\/\/schema.org\/ImageGallery\" > <div class=\"gallery-row\" style=\"width: 640px; height: 283px;\" data-original-width=\"640\" data-original-height=\"283\" > <div class=\"gallery-group images-1\" style=\"width: 427px; height: 283px;\" data-original-width=\"427\" data-original-height=\"283\" > <div class=\"tiled-gallery-item tiled-gallery-item-large\" itemprop=\"associatedMedia\" itemscope itemtype=\"http:\/\/schema.org\/ImageObject\"> <a href=\"https:\/\/eltrabajo.cl\/portal\/joven-ahogado-salvo-a-dos-personas-antes-de-perder-la-vida-en-el-rio\/grupal33\/\" border=\"0\" itemprop=\"url\"> <meta itemprop=\"width\" content=\"423\"> <meta itemprop=\"height\" content=\"279\"> <img decoding=\"async\" class=\"\" data-attachment-id=\"65852\" data-orig-file=\"https:\/\/eltrabajo.cl\/portal\/wp-content\/uploads\/2016\/01\/Grupal33.jpg\" data-orig-size=\"530,350\" data-comments-opened=\"1\" data-image-meta=\"{&quot;aperture&quot;:&quot;0&quot;,&quot;credit&quot;:&quot;&quot;,&quot;camera&quot;:&quot;&quot;,&quot;caption&quot;:&quot;&quot;,&quot;created_timestamp&quot;:&quot;0&quot;,&quot;copyright&quot;:&quot;&quot;,&quot;focal_length&quot;:&quot;0&quot;,&quot;iso&quot;:&quot;0&quot;,&quot;shutter_speed&quot;:&quot;0&quot;,&quot;title&quot;:&quot;&quot;,&quot;orientation&quot;:&quot;0&quot;}\" data-image-title=\"Grupal33\" data-image-description=\"&lt;p&gt;GRANDE MICHEL.- Michel Rodr\u00edguez planeaba estudiar Prevenci\u00f3n de riesgos en el IPLA, \u00e9l trabajaba en lo que fuera para pagar sus estudios y ayudar a la familia.&lt;\/p&gt; \" data-medium-file=\"https:\/\/i0.wp.com\/eltrabajo.cl\/portal\/wp-content\/uploads\/2016\/01\/Grupal33.jpg?fit=300%2C198&#038;ssl=1\" data-large-file=\"https:\/\/i0.wp.com\/eltrabajo.cl\/portal\/wp-content\/uploads\/2016\/01\/Grupal33.jpg?fit=530%2C350&#038;ssl=1\" src=\"https:\/\/i0.wp.com\/eltrabajo.cl\/portal\/wp-content\/uploads\/2016\/01\/Grupal33.jpg?w=423&#038;h=279&#038;ssl=1\" srcset=\"https:\/\/i0.wp.com\/eltrabajo.cl\/portal\/wp-content\/uploads\/2016\/01\/Grupal33.jpg?w=530&amp;ssl=1 530w, https:\/\/i0.wp.com\/eltrabajo.cl\/portal\/wp-content\/uploads\/2016\/01\/Grupal33.jpg?resize=200%2C132&amp;ssl=1 200w, https:\/\/i0.wp.com\/eltrabajo.cl\/portal\/wp-content\/uploads\/2016\/01\/Grupal33.jpg?resize=300%2C198&amp;ssl=1 300w, https:\/\/i0.wp.com\/eltrabajo.cl\/portal\/wp-content\/uploads\/2016\/01\/Grupal33.jpg?resize=227%2C150&amp;ssl=1 227w, https:\/\/i0.wp.com\/eltrabajo.cl\/portal\/wp-content\/uploads\/2016\/01\/Grupal33.jpg?resize=400%2C264&amp;ssl=1 400w\" width=\"423\" height=\"279\" loading=\"lazy\" data-original-width=\"423\" data-original-height=\"279\" itemprop=\"http:\/\/schema.org\/image\" title=\"Grupal33\" alt=\"GRANDE MICHEL.- Michel Rodr\u00edguez planeaba estudiar Prevenci\u00f3n de riesgos en el IPLA, \u00e9l trabajaba en lo que fuera para pagar sus estudios y ayudar a la familia.\" style=\"width: 423px; height: 279px;\" \/> <\/a> <div class=\"tiled-gallery-caption\" itemprop=\"caption description\"> GRANDE MICHEL.- Michel Rodr\u00edguez planeaba estudiar Prevenci\u00f3n de riesgos en el IPLA, \u00e9l trabajaba en lo que fuera para pagar sus estudios y ayudar a la familia. <\/div> <\/div> <\/div> <!-- close group --> <div class=\"gallery-group images-2\" style=\"width: 213px; height: 283px;\" data-original-width=\"213\" data-original-height=\"283\" > <div class=\"tiled-gallery-item tiled-gallery-item-small\" itemprop=\"associatedMedia\" itemscope itemtype=\"http:\/\/schema.org\/ImageObject\"> <a href=\"https:\/\/eltrabajo.cl\/portal\/joven-ahogado-salvo-a-dos-personas-antes-de-perder-la-vida-en-el-rio\/jonathan-rodriguez\/\" border=\"0\" itemprop=\"url\"> <meta itemprop=\"width\" content=\"209\"> <meta itemprop=\"height\" content=\"138\"> <img decoding=\"async\" class=\"\" data-attachment-id=\"65853\" data-orig-file=\"https:\/\/eltrabajo.cl\/portal\/wp-content\/uploads\/2016\/01\/Jonathan-Rodriguez.jpg\" data-orig-size=\"530,350\" data-comments-opened=\"1\" data-image-meta=\"{&quot;aperture&quot;:&quot;0&quot;,&quot;credit&quot;:&quot;&quot;,&quot;camera&quot;:&quot;&quot;,&quot;caption&quot;:&quot;&quot;,&quot;created_timestamp&quot;:&quot;0&quot;,&quot;copyright&quot;:&quot;&quot;,&quot;focal_length&quot;:&quot;0&quot;,&quot;iso&quot;:&quot;0&quot;,&quot;shutter_speed&quot;:&quot;0&quot;,&quot;title&quot;:&quot;&quot;,&quot;orientation&quot;:&quot;0&quot;}\" data-image-title=\"Jonathan Rodriguez\" data-image-description=\"&lt;p&gt;Jonathan Rodr\u00edguez, hermano del joven ahogado.&lt;\/p&gt; \" data-medium-file=\"https:\/\/i0.wp.com\/eltrabajo.cl\/portal\/wp-content\/uploads\/2016\/01\/Jonathan-Rodriguez.jpg?fit=300%2C198&#038;ssl=1\" data-large-file=\"https:\/\/i0.wp.com\/eltrabajo.cl\/portal\/wp-content\/uploads\/2016\/01\/Jonathan-Rodriguez.jpg?fit=530%2C350&#038;ssl=1\" src=\"https:\/\/i0.wp.com\/eltrabajo.cl\/portal\/wp-content\/uploads\/2016\/01\/Jonathan-Rodriguez.jpg?w=209&#038;h=138&#038;ssl=1\" srcset=\"https:\/\/i0.wp.com\/eltrabajo.cl\/portal\/wp-content\/uploads\/2016\/01\/Jonathan-Rodriguez.jpg?w=530&amp;ssl=1 530w, https:\/\/i0.wp.com\/eltrabajo.cl\/portal\/wp-content\/uploads\/2016\/01\/Jonathan-Rodriguez.jpg?resize=200%2C132&amp;ssl=1 200w, https:\/\/i0.wp.com\/eltrabajo.cl\/portal\/wp-content\/uploads\/2016\/01\/Jonathan-Rodriguez.jpg?resize=300%2C198&amp;ssl=1 300w, https:\/\/i0.wp.com\/eltrabajo.cl\/portal\/wp-content\/uploads\/2016\/01\/Jonathan-Rodriguez.jpg?resize=227%2C150&amp;ssl=1 227w, https:\/\/i0.wp.com\/eltrabajo.cl\/portal\/wp-content\/uploads\/2016\/01\/Jonathan-Rodriguez.jpg?resize=400%2C264&amp;ssl=1 400w\" width=\"209\" height=\"138\" loading=\"lazy\" data-original-width=\"209\" data-original-height=\"138\" itemprop=\"http:\/\/schema.org\/image\" title=\"Jonathan Rodriguez\" alt=\"Jonathan Rodr\u00edguez, hermano del joven ahogado.\" style=\"width: 209px; height: 138px;\" \/> <\/a> <div class=\"tiled-gallery-caption\" itemprop=\"caption description\"> Jonathan Rodr\u00edguez, hermano del joven ahogado. <\/div> <\/div> <div class=\"tiled-gallery-item tiled-gallery-item-small\" itemprop=\"associatedMedia\" itemscope itemtype=\"http:\/\/schema.org\/ImageObject\"> <a href=\"https:\/\/eltrabajo.cl\/portal\/joven-ahogado-salvo-a-dos-personas-antes-de-perder-la-vida-en-el-rio\/luis-guerrero\/\" border=\"0\" itemprop=\"url\"> <meta itemprop=\"width\" content=\"209\"> <meta itemprop=\"height\" content=\"137\"> <img decoding=\"async\" class=\"\" data-attachment-id=\"65854\" data-orig-file=\"https:\/\/eltrabajo.cl\/portal\/wp-content\/uploads\/2016\/01\/Luis-Guerrero.jpg\" data-orig-size=\"530,348\" data-comments-opened=\"1\" data-image-meta=\"{&quot;aperture&quot;:&quot;0&quot;,&quot;credit&quot;:&quot;&quot;,&quot;camera&quot;:&quot;&quot;,&quot;caption&quot;:&quot;&quot;,&quot;created_timestamp&quot;:&quot;0&quot;,&quot;copyright&quot;:&quot;&quot;,&quot;focal_length&quot;:&quot;0&quot;,&quot;iso&quot;:&quot;0&quot;,&quot;shutter_speed&quot;:&quot;0&quot;,&quot;title&quot;:&quot;&quot;,&quot;orientation&quot;:&quot;0&quot;}\" data-image-title=\"Luis Guerrero\" data-image-description=\"&lt;p&gt;Luis Guerrero, t\u00edo de Michel, y quien rescat\u00f3 el cuerpo del r\u00edo.&lt;\/p&gt; \" data-medium-file=\"https:\/\/i0.wp.com\/eltrabajo.cl\/portal\/wp-content\/uploads\/2016\/01\/Luis-Guerrero.jpg?fit=300%2C197&#038;ssl=1\" data-large-file=\"https:\/\/i0.wp.com\/eltrabajo.cl\/portal\/wp-content\/uploads\/2016\/01\/Luis-Guerrero.jpg?fit=530%2C348&#038;ssl=1\" src=\"https:\/\/i0.wp.com\/eltrabajo.cl\/portal\/wp-content\/uploads\/2016\/01\/Luis-Guerrero.jpg?w=209&#038;h=137&#038;ssl=1\" srcset=\"https:\/\/i0.wp.com\/eltrabajo.cl\/portal\/wp-content\/uploads\/2016\/01\/Luis-Guerrero.jpg?w=530&amp;ssl=1 530w, https:\/\/i0.wp.com\/eltrabajo.cl\/portal\/wp-content\/uploads\/2016\/01\/Luis-Guerrero.jpg?resize=200%2C131&amp;ssl=1 200w, https:\/\/i0.wp.com\/eltrabajo.cl\/portal\/wp-content\/uploads\/2016\/01\/Luis-Guerrero.jpg?resize=300%2C197&amp;ssl=1 300w, https:\/\/i0.wp.com\/eltrabajo.cl\/portal\/wp-content\/uploads\/2016\/01\/Luis-Guerrero.jpg?resize=228%2C150&amp;ssl=1 228w, https:\/\/i0.wp.com\/eltrabajo.cl\/portal\/wp-content\/uploads\/2016\/01\/Luis-Guerrero.jpg?resize=400%2C263&amp;ssl=1 400w\" width=\"209\" height=\"137\" loading=\"lazy\" data-original-width=\"209\" data-original-height=\"137\" itemprop=\"http:\/\/schema.org\/image\" title=\"Luis Guerrero\" alt=\"Luis Guerrero, t\u00edo de Michel, y quien rescat\u00f3 el cuerpo del r\u00edo.\" style=\"width: 209px; height: 137px;\" \/> <\/a> <div class=\"tiled-gallery-caption\" itemprop=\"caption description\"> Luis Guerrero, t\u00edo de Michel, y quien rescat\u00f3 el cuerpo del r\u00edo. <\/div> <\/div> <\/div> <!-- close group --> <\/div> <!-- close row --> <div class=\"gallery-row\" style=\"width: 640px; height: 422px;\" data-original-width=\"640\" data-original-height=\"422\" > <div class=\"gallery-group images-1\" style=\"width: 640px; height: 422px;\" data-original-width=\"640\" data-original-height=\"422\" > <div class=\"tiled-gallery-item tiled-gallery-item-large\" itemprop=\"associatedMedia\" itemscope itemtype=\"http:\/\/schema.org\/ImageObject\"> <a href=\"https:\/\/eltrabajo.cl\/portal\/joven-ahogado-salvo-a-dos-personas-antes-de-perder-la-vida-en-el-rio\/sebastian-fuentes\/\" border=\"0\" itemprop=\"url\"> <meta itemprop=\"width\" content=\"636\"> <meta itemprop=\"height\" content=\"418\"> <img decoding=\"async\" class=\"\" data-attachment-id=\"65855\" data-orig-file=\"https:\/\/eltrabajo.cl\/portal\/wp-content\/uploads\/2016\/01\/Sebastian-Fuentes.jpg\" data-orig-size=\"530,348\" data-comments-opened=\"1\" data-image-meta=\"{&quot;aperture&quot;:&quot;0&quot;,&quot;credit&quot;:&quot;&quot;,&quot;camera&quot;:&quot;&quot;,&quot;caption&quot;:&quot;&quot;,&quot;created_timestamp&quot;:&quot;0&quot;,&quot;copyright&quot;:&quot;&quot;,&quot;focal_length&quot;:&quot;0&quot;,&quot;iso&quot;:&quot;0&quot;,&quot;shutter_speed&quot;:&quot;0&quot;,&quot;title&quot;:&quot;&quot;,&quot;orientation&quot;:&quot;0&quot;}\" data-image-title=\"Sebastian Fuentes\" data-image-description=\"&lt;p&gt;Sebasti\u00e1n Fuentes, t\u00edo del h\u00e9roe fallecido.&lt;\/p&gt; \" data-medium-file=\"https:\/\/i0.wp.com\/eltrabajo.cl\/portal\/wp-content\/uploads\/2016\/01\/Sebastian-Fuentes.jpg?fit=300%2C197&#038;ssl=1\" data-large-file=\"https:\/\/i0.wp.com\/eltrabajo.cl\/portal\/wp-content\/uploads\/2016\/01\/Sebastian-Fuentes.jpg?fit=530%2C348&#038;ssl=1\" src=\"https:\/\/i0.wp.com\/eltrabajo.cl\/portal\/wp-content\/uploads\/2016\/01\/Sebastian-Fuentes.jpg?w=636&#038;h=418&#038;ssl=1\" srcset=\"https:\/\/i0.wp.com\/eltrabajo.cl\/portal\/wp-content\/uploads\/2016\/01\/Sebastian-Fuentes.jpg?w=530&amp;ssl=1 530w, https:\/\/i0.wp.com\/eltrabajo.cl\/portal\/wp-content\/uploads\/2016\/01\/Sebastian-Fuentes.jpg?resize=200%2C131&amp;ssl=1 200w, https:\/\/i0.wp.com\/eltrabajo.cl\/portal\/wp-content\/uploads\/2016\/01\/Sebastian-Fuentes.jpg?resize=300%2C197&amp;ssl=1 300w, https:\/\/i0.wp.com\/eltrabajo.cl\/portal\/wp-content\/uploads\/2016\/01\/Sebastian-Fuentes.jpg?resize=228%2C150&amp;ssl=1 228w, https:\/\/i0.wp.com\/eltrabajo.cl\/portal\/wp-content\/uploads\/2016\/01\/Sebastian-Fuentes.jpg?resize=400%2C263&amp;ssl=1 400w\" width=\"636\" height=\"418\" loading=\"lazy\" data-original-width=\"636\" data-original-height=\"418\" itemprop=\"http:\/\/schema.org\/image\" title=\"Sebastian Fuentes\" alt=\"Sebasti\u00e1n Fuentes, t\u00edo del h\u00e9roe fallecido.\" style=\"width: 636px; height: 418px;\" \/> <\/a> <div class=\"tiled-gallery-caption\" itemprop=\"caption description\"> Sebasti\u00e1n Fuentes, t\u00edo del h\u00e9roe fallecido. <\/div> <\/div> <\/div> <!-- close group --> <\/div> <!-- close row --> <\/div>\n<p>&nbsp;<\/p>\n","protected":false},"excerpt":{"rendered":"<p>Muchos en Aconcagua nos sorprendimos cuando en todos los medios del valle se inform\u00f3, hace apenas dos d\u00edas, sobre la tr\u00e1gica muerte del joven Michel Rodr\u00edguez Guerrero, quien perdiera la vida en&#8230;<\/p>\n","protected":false},"author":482,"featured_media":65851,"comment_status":"open","ping_status":"open","sticky":false,"template":"","format":"standard","meta":{"advanced_seo_description":"","jetpack_seo_html_title":"","jetpack_seo_noindex":false,"_jetpack_memberships_contains_paid_content":false,"footnotes":""},"categories":[15],"tags":[],"class_list":["post-65850","post","type-post","status-publish","format-standard","has-post-thumbnail","hentry","category-comunidad"],"jetpack_featured_media_url":"https:\/\/i0.wp.com\/eltrabajo.cl\/portal\/wp-content\/uploads\/2016\/01\/Michel1.jpg?fit=530%2C348&ssl=1","jetpack_sharing_enabled":true,"jetpack_likes_enabled":true,"jetpack-related-posts":[],"_links":{"self":[{"href":"https:\/\/eltrabajo.cl\/portal\/wp-json\/wp\/v2\/posts\/65850","targetHints":{"allow":["GET"]}}],"collection":[{"href":"https:\/\/eltrabajo.cl\/portal\/wp-json\/wp\/v2\/posts"}],"about":[{"href":"https:\/\/eltrabajo.cl\/portal\/wp-json\/wp\/v2\/types\/post"}],"author":[{"embeddable":true,"href":"https:\/\/eltrabajo.cl\/portal\/wp-json\/wp\/v2\/users\/482"}],"replies":[{"embeddable":true,"href":"https:\/\/eltrabajo.cl\/portal\/wp-json\/wp\/v2\/comments?post=65850"}],"version-history":[{"count":0,"href":"https:\/\/eltrabajo.cl\/portal\/wp-json\/wp\/v2\/posts\/65850\/revisions"}],"wp:featuredmedia":[{"embeddable":true,"href":"https:\/\/eltrabajo.cl\/portal\/wp-json\/wp\/v2\/media\/65851"}],"wp:attachment":[{"href":"https:\/\/eltrabajo.cl\/portal\/wp-json\/wp\/v2\/media?parent=65850"}],"wp:term":[{"taxonomy":"category","embeddable":true,"href":"https:\/\/eltrabajo.cl\/portal\/wp-json\/wp\/v2\/categories?post=65850"},{"taxonomy":"post_tag","embeddable":true,"href":"https:\/\/eltrabajo.cl\/portal\/wp-json\/wp\/v2\/tags?post=65850"}],"curies":[{"name":"wp","href":"https:\/\/api.w.org\/{rel}","templated":true}]}}