{"id":65866,"date":"2016-01-18T09:50:41","date_gmt":"2016-01-18T12:50:41","guid":{"rendered":"http:\/\/www.eltrabajo.cl\/portal\/?p=65866"},"modified":"2016-01-18T09:50:41","modified_gmt":"2016-01-18T12:50:41","slug":"autoridad-califica-como-tardia-y-poco-transparente-fiscalizacion-de-la-dga-a-polemico-proyecto-minero-de-andes-cooper","status":"publish","type":"post","link":"https:\/\/eltrabajo.cl\/portal\/autoridad-califica-como-tardia-y-poco-transparente-fiscalizacion-de-la-dga-a-polemico-proyecto-minero-de-andes-cooper\/","title":{"rendered":"Autoridad califica como tard\u00eda y poco transparente fiscalizaci\u00f3n de la DGA a pol\u00e9mico proyecto minero de Andes Cooper"},"content":{"rendered":"<figure id=\"attachment_65867\" aria-describedby=\"caption-attachment-65867\" style=\"width: 300px\" class=\"wp-caption alignleft\"><img data-recalc-dims=\"1\" loading=\"lazy\" decoding=\"async\" class=\"wp-image-65867 size-medium\" src=\"https:\/\/i0.wp.com\/www.eltrabajo.cl\/portal\/wp-content\/uploads\/2016\/01\/Alcalde-Guillermo-Reyes-300x198.jpg?resize=300%2C198\" alt=\"Alcalde de Putaendo, Guillermo Reyes.\" width=\"300\" height=\"198\" srcset=\"https:\/\/i0.wp.com\/eltrabajo.cl\/portal\/wp-content\/uploads\/2016\/01\/Alcalde-Guillermo-Reyes.jpg?resize=300%2C198&amp;ssl=1 300w, https:\/\/i0.wp.com\/eltrabajo.cl\/portal\/wp-content\/uploads\/2016\/01\/Alcalde-Guillermo-Reyes.jpg?resize=200%2C132&amp;ssl=1 200w, https:\/\/i0.wp.com\/eltrabajo.cl\/portal\/wp-content\/uploads\/2016\/01\/Alcalde-Guillermo-Reyes.jpg?resize=227%2C150&amp;ssl=1 227w, https:\/\/i0.wp.com\/eltrabajo.cl\/portal\/wp-content\/uploads\/2016\/01\/Alcalde-Guillermo-Reyes.jpg?resize=400%2C264&amp;ssl=1 400w, https:\/\/i0.wp.com\/eltrabajo.cl\/portal\/wp-content\/uploads\/2016\/01\/Alcalde-Guillermo-Reyes.jpg?w=530&amp;ssl=1 530w\" sizes=\"auto, (max-width: 300px) 100vw, 300px\" \/><figcaption id=\"caption-attachment-65867\" class=\"wp-caption-text\">Alcalde de Putaendo, Guillermo Reyes.<\/figcaption><\/figure>\n<p><strong>PUTAENDO.<\/strong>&#8211; Visiblemente molesto reacci\u00f3n el alcalde de Putaendo, Guillermo Reyes ante lo que calific\u00f3 como tard\u00eda y carente de transparencia la fiscalizaci\u00f3n que la Direcci\u00f3n General de Aguas (D.G.A) realiz\u00f3 al proyecto minero que desarrolla Andes Cooper al interior de Los Patos.<br \/>\nLa autoridad sostuvo que el mi\u00e9rcoles pasado un equipo de la DGA subi\u00f3 hasta el proyecto minero ubicado aguas arriba del Embalse Chacrillas para fiscalizar los trabajos, lo que fue solicitado por la Junta de Vigilancia del R\u00edo Putaendo, pero los funcionarios de la DGA no invitaron a representantes de la instituci\u00f3n ni al Director de obras del municipio, lo que para el edil representa una falta de respeto hacia la comuna y sus autoridades y una clara se\u00f1al de poca transparencia.<br \/>\n\u201cNo es posible que la D.G.A realice esta fiscalizaci\u00f3n excesivamente tard\u00eda y no consideren al director de obras de este municipio ni alg\u00fan representante de la Junta de Vigilancia, este es un tema muy sensible sobretodo hoy que hemos visto lentitud en reparticiones que debieron haber hecho este trabajo hace mucho tiempo. Esto le hace mal a la comuna, porque vinieron a fiscalizar y nadie supo nada, hubiese sido muy bueno que nuestro director de obras y alguien de la Junta de Vigilancia hubiesen estado en esa fiscalizaci\u00f3n, pues si est\u00e1 todo en regla podr\u00edamos decir que si nos consta, pero con estas actitudes claro que hay dudas y lo m\u00e1s grave es que aumentamos las especulaciones en nuestros vecinos, que mayoritariamente no queremos esta minera en nuestra comuna\u201d, fustig\u00f3 Reyes.<br \/>\nEl alcalde de Putaendo agreg\u00f3 que en las primeras horas del pasado jueves telef\u00f3nicamente present\u00f3 su malestar al gobernador Eduardo Le\u00f3n y al Director Regional de la DGA, lo que adem\u00e1s materializar\u00e1 de manera oficial representando la molestia del Municipio de Putaendo.<br \/>\n<strong>Patricio Gallardo M.<\/strong><\/p>\n","protected":false},"excerpt":{"rendered":"<p>PUTAENDO.&#8211; Visiblemente molesto reacci\u00f3n el alcalde de Putaendo, Guillermo Reyes ante lo que calific\u00f3 como tard\u00eda y carente de transparencia la fiscalizaci\u00f3n que la Direcci\u00f3n General de Aguas (D.G.A) realiz\u00f3 al proyecto&#8230;<\/p>\n","protected":false},"author":482,"featured_media":65867,"comment_status":"open","ping_status":"open","sticky":false,"template":"","format":"standard","meta":{"advanced_seo_description":"","jetpack_seo_html_title":"","jetpack_seo_noindex":false,"_jetpack_memberships_contains_paid_content":false,"footnotes":""},"categories":[15],"tags":[],"class_list":["post-65866","post","type-post","status-publish","format-standard","has-post-thumbnail","hentry","category-comunidad"],"jetpack_featured_media_url":"https:\/\/i0.wp.com\/eltrabajo.cl\/portal\/wp-content\/uploads\/2016\/01\/Alcalde-Guillermo-Reyes.jpg?fit=530%2C350&ssl=1","jetpack_sharing_enabled":true,"jetpack_likes_enabled":true,"jetpack-related-posts":[],"_links":{"self":[{"href":"https:\/\/eltrabajo.cl\/portal\/wp-json\/wp\/v2\/posts\/65866","targetHints":{"allow":["GET"]}}],"collection":[{"href":"https:\/\/eltrabajo.cl\/portal\/wp-json\/wp\/v2\/posts"}],"about":[{"href":"https:\/\/eltrabajo.cl\/portal\/wp-json\/wp\/v2\/types\/post"}],"author":[{"embeddable":true,"href":"https:\/\/eltrabajo.cl\/portal\/wp-json\/wp\/v2\/users\/482"}],"replies":[{"embeddable":true,"href":"https:\/\/eltrabajo.cl\/portal\/wp-json\/wp\/v2\/comments?post=65866"}],"version-history":[{"count":0,"href":"https:\/\/eltrabajo.cl\/portal\/wp-json\/wp\/v2\/posts\/65866\/revisions"}],"wp:featuredmedia":[{"embeddable":true,"href":"https:\/\/eltrabajo.cl\/portal\/wp-json\/wp\/v2\/media\/65867"}],"wp:attachment":[{"href":"https:\/\/eltrabajo.cl\/portal\/wp-json\/wp\/v2\/media?parent=65866"}],"wp:term":[{"taxonomy":"category","embeddable":true,"href":"https:\/\/eltrabajo.cl\/portal\/wp-json\/wp\/v2\/categories?post=65866"},{"taxonomy":"post_tag","embeddable":true,"href":"https:\/\/eltrabajo.cl\/portal\/wp-json\/wp\/v2\/tags?post=65866"}],"curies":[{"name":"wp","href":"https:\/\/api.w.org\/{rel}","templated":true}]}}