{"id":65876,"date":"2016-01-18T09:57:49","date_gmt":"2016-01-18T12:57:49","guid":{"rendered":"http:\/\/www.eltrabajo.cl\/portal\/?p=65876"},"modified":"2016-01-18T09:57:49","modified_gmt":"2016-01-18T12:57:49","slug":"vecinos-de-guzmanes-sin-agua-potable-por-obstruccion-de-antigua-camara","status":"publish","type":"post","link":"https:\/\/eltrabajo.cl\/portal\/vecinos-de-guzmanes-sin-agua-potable-por-obstruccion-de-antigua-camara\/","title":{"rendered":"Vecinos de Guzmanes sin agua potable por obstrucci\u00f3n de antigua c\u00e1mara"},"content":{"rendered":"<figure id=\"attachment_65877\" aria-describedby=\"caption-attachment-65877\" style=\"width: 300px\" class=\"wp-caption alignleft\"><img data-recalc-dims=\"1\" loading=\"lazy\" decoding=\"async\" class=\"wp-image-65877 size-medium\" src=\"https:\/\/i0.wp.com\/www.eltrabajo.cl\/portal\/wp-content\/uploads\/2016\/01\/Corte-de-agua-Guzmanes-300x198.jpg?resize=300%2C198\" alt=\"Ante la emergencia que dur\u00f3 casi 3 d\u00edas, contaron con el apoyo de camiones aljibe de la municipalidad y bomberos para llevar agua a los lugares afectados.\" width=\"300\" height=\"198\" srcset=\"https:\/\/i0.wp.com\/eltrabajo.cl\/portal\/wp-content\/uploads\/2016\/01\/Corte-de-agua-Guzmanes.jpg?resize=300%2C198&amp;ssl=1 300w, https:\/\/i0.wp.com\/eltrabajo.cl\/portal\/wp-content\/uploads\/2016\/01\/Corte-de-agua-Guzmanes.jpg?resize=200%2C132&amp;ssl=1 200w, https:\/\/i0.wp.com\/eltrabajo.cl\/portal\/wp-content\/uploads\/2016\/01\/Corte-de-agua-Guzmanes.jpg?resize=227%2C150&amp;ssl=1 227w, https:\/\/i0.wp.com\/eltrabajo.cl\/portal\/wp-content\/uploads\/2016\/01\/Corte-de-agua-Guzmanes.jpg?resize=400%2C264&amp;ssl=1 400w, https:\/\/i0.wp.com\/eltrabajo.cl\/portal\/wp-content\/uploads\/2016\/01\/Corte-de-agua-Guzmanes.jpg?w=530&amp;ssl=1 530w\" sizes=\"auto, (max-width: 300px) 100vw, 300px\" \/><figcaption id=\"caption-attachment-65877\" class=\"wp-caption-text\">Ante la emergencia que dur\u00f3 casi 3 d\u00edas, contaron con el apoyo de camiones aljibe de la municipalidad y bomberos para llevar agua a los lugares afectados.<\/figcaption><\/figure>\n<p><strong>PUTAENDO<\/strong>.- M\u00e1s de 200 vecinos de Guzmanes se vieron afectados por un extenso corte de agua potable luego que una antigua c\u00e1mara se obstruyera por arrastre de sedimentos.<br \/>\nSara G\u00f3mez, Presidenta del Comit\u00e9 de Agua Potable Rural (APR), afirm\u00f3 que el jueves reci\u00e9n pasado mientras se realizaban los trabajos de remodelaci\u00f3n de la red que lleva el vital elemento desde la planta captadora en el sector El T\u00e1rtaro, accidentalmente se rompi\u00f3 una matriz que produjo el arrastre de una importante cantidad de piedras y sedimento, que a su vez origin\u00f3 que varios sectores se vieran afectados por la baja en la presi\u00f3n del agua y luego una suspensi\u00f3n total.<br \/>\nLa dirigente agreg\u00f3 que en forma inmediata tanto la empresa como los trabajadores del APR, se abocaron al trabajo de detectar el lugar del inconveniente, lo que fue muy dif\u00edcil, indicando adem\u00e1s que a eso de las cuatro de la madrugada de este s\u00e1bado encontraron una c\u00e1mara muy antigua, presumiblemente del a\u00f1o 1985 donde se encontraba la obstrucci\u00f3n con piedras y algunos fierros, por lo que luego de efectuar un bypass se pudo normalizar el abastecimiento del suministro de agua potable cerca de las 19:00 horas de este s\u00e1bado.<br \/>\nSara G\u00f3mez lament\u00f3 lo ocurrido, pero sostuvo que se trat\u00f3 de un accidente y nunca pararon de trabajar en buscar la soluci\u00f3n que los llev\u00f3 a realizar muchas excavaciones tratando de encontrar el problema, expresando tambi\u00e9n que ante la emergencia contaron con el apoyo de camiones aljibe municipales y de bomberos para llegar con agua a los lugares afectados.<br \/>\n<strong>Patricio Gallardo M.<\/strong><\/p>\n","protected":false},"excerpt":{"rendered":"<p>PUTAENDO.- M\u00e1s de 200 vecinos de Guzmanes se vieron afectados por un extenso corte de agua potable luego que una antigua c\u00e1mara se obstruyera por arrastre de sedimentos. Sara G\u00f3mez, Presidenta del&#8230;<\/p>\n","protected":false},"author":482,"featured_media":65877,"comment_status":"open","ping_status":"open","sticky":false,"template":"","format":"standard","meta":{"advanced_seo_description":"","jetpack_seo_html_title":"","jetpack_seo_noindex":false,"_jetpack_memberships_contains_paid_content":false,"footnotes":""},"categories":[1],"tags":[],"class_list":["post-65876","post","type-post","status-publish","format-standard","has-post-thumbnail","hentry","category-cronica"],"jetpack_featured_media_url":"https:\/\/i0.wp.com\/eltrabajo.cl\/portal\/wp-content\/uploads\/2016\/01\/Corte-de-agua-Guzmanes.jpg?fit=530%2C350&ssl=1","jetpack_sharing_enabled":true,"jetpack_likes_enabled":true,"jetpack-related-posts":[],"_links":{"self":[{"href":"https:\/\/eltrabajo.cl\/portal\/wp-json\/wp\/v2\/posts\/65876","targetHints":{"allow":["GET"]}}],"collection":[{"href":"https:\/\/eltrabajo.cl\/portal\/wp-json\/wp\/v2\/posts"}],"about":[{"href":"https:\/\/eltrabajo.cl\/portal\/wp-json\/wp\/v2\/types\/post"}],"author":[{"embeddable":true,"href":"https:\/\/eltrabajo.cl\/portal\/wp-json\/wp\/v2\/users\/482"}],"replies":[{"embeddable":true,"href":"https:\/\/eltrabajo.cl\/portal\/wp-json\/wp\/v2\/comments?post=65876"}],"version-history":[{"count":0,"href":"https:\/\/eltrabajo.cl\/portal\/wp-json\/wp\/v2\/posts\/65876\/revisions"}],"wp:featuredmedia":[{"embeddable":true,"href":"https:\/\/eltrabajo.cl\/portal\/wp-json\/wp\/v2\/media\/65877"}],"wp:attachment":[{"href":"https:\/\/eltrabajo.cl\/portal\/wp-json\/wp\/v2\/media?parent=65876"}],"wp:term":[{"taxonomy":"category","embeddable":true,"href":"https:\/\/eltrabajo.cl\/portal\/wp-json\/wp\/v2\/categories?post=65876"},{"taxonomy":"post_tag","embeddable":true,"href":"https:\/\/eltrabajo.cl\/portal\/wp-json\/wp\/v2\/tags?post=65876"}],"curies":[{"name":"wp","href":"https:\/\/api.w.org\/{rel}","templated":true}]}}