{"id":65879,"date":"2016-01-18T09:58:50","date_gmt":"2016-01-18T12:58:50","guid":{"rendered":"http:\/\/www.eltrabajo.cl\/portal\/?p=65879"},"modified":"2016-01-18T09:58:50","modified_gmt":"2016-01-18T12:58:50","slug":"entregan-recomendaciones-para-enfrentar-ola-de-altas-temperaturas","status":"publish","type":"post","link":"https:\/\/eltrabajo.cl\/portal\/entregan-recomendaciones-para-enfrentar-ola-de-altas-temperaturas\/","title":{"rendered":"Entregan recomendaciones para enfrentar ola de altas temperaturas"},"content":{"rendered":"<figure id=\"attachment_65880\" aria-describedby=\"caption-attachment-65880\" style=\"width: 300px\" class=\"wp-caption alignleft\"><img data-recalc-dims=\"1\" loading=\"lazy\" decoding=\"async\" class=\"wp-image-65880 size-medium\" src=\"https:\/\/i0.wp.com\/www.eltrabajo.cl\/portal\/wp-content\/uploads\/2016\/01\/marcela-brito-300x197.jpg?resize=300%2C197\" alt=\"Marcela Brito, directora de salud municipal de San Felipe.\" width=\"300\" height=\"197\" srcset=\"https:\/\/i0.wp.com\/eltrabajo.cl\/portal\/wp-content\/uploads\/2016\/01\/marcela-brito.jpg?resize=300%2C197&amp;ssl=1 300w, https:\/\/i0.wp.com\/eltrabajo.cl\/portal\/wp-content\/uploads\/2016\/01\/marcela-brito.jpg?resize=200%2C131&amp;ssl=1 200w, https:\/\/i0.wp.com\/eltrabajo.cl\/portal\/wp-content\/uploads\/2016\/01\/marcela-brito.jpg?resize=228%2C150&amp;ssl=1 228w, https:\/\/i0.wp.com\/eltrabajo.cl\/portal\/wp-content\/uploads\/2016\/01\/marcela-brito.jpg?resize=400%2C263&amp;ssl=1 400w, https:\/\/i0.wp.com\/eltrabajo.cl\/portal\/wp-content\/uploads\/2016\/01\/marcela-brito.jpg?w=530&amp;ssl=1 530w\" sizes=\"auto, (max-width: 300px) 100vw, 300px\" \/><figcaption id=\"caption-attachment-65880\" class=\"wp-caption-text\">Marcela Brito, directora de salud municipal de San Felipe.<\/figcaption><\/figure>\n<ul>\n<li><strong>Enfermera Marcela Brito subray\u00f3 en la necesidad de evitar que los lactantes sean expuestos al sol.<\/strong><\/li>\n<\/ul>\n<p>M\u00e1s de 35 grados ha sido la temperatura m\u00e1xima que se ha registrado durante los \u00faltimos d\u00edas y se espera que esta semana la t\u00f3nica sea muy similar. Por ese motivo, la directora de salud municipal de San Felipe, Enfermera Marcela Brito, entreg\u00f3 recomendaciones a la comunidad para evitar que el intenso calor pueda afectar nuestra salud.<br \/>\nUno de los primeros consejos que dio la profesional, dice relaci\u00f3n con la exposici\u00f3n al sol por parte de los ni\u00f1os y los adultos mayores, precisando que si bien desde el Ministerio de Salud se realiza una labor de difusi\u00f3n en la l\u00ednea preventiva muy intensa, es posible apreciar a muchos ni\u00f1os con el torso descubierto y sin ninguna protecci\u00f3n, en horarios que son cr\u00edticos, como es entre las 11:00 y las 16:00 horas.<br \/>\n\u201cEl uso del protector solar debe ser permanente, mientras que en la piscina o en los balnearios la exposici\u00f3n solar debe ser interrumpida. Los lactantes por ning\u00fan motivo deben ser expuestos al sol, mientras que en el caso de los ni\u00f1os, lo ideal es el uso de los \u2018enteritos\u2019 o trajes especiales que tienen filtro UV\u201d, se\u00f1al\u00f3 la directora municipal.<br \/>\nManifest\u00f3 que en el caso de los trabajadores que desarrollan sus actividades expuestos a los rayos del sol, como es el caso de aquellos que realizan trabajos agr\u00edcolas o los de parqu\u00edmetros, es sumamente necesario que sus empleadores cumplan la normativa, pero que adem\u00e1s asuman su responsabilidad desde el punto de vista del cuidado de sus empleados.<br \/>\n\u201cDeben usar sombreros, deben contar con protector solar para que puedan aplicarse de manera permanente, es sumamente necesario que se protejan la zona posterior del cuello. La informaci\u00f3n la tenemos, pero el tema es concretarlo, pues el riesgo inminente de un c\u00e1ncer de piel es real, est\u00e1 presente en cada uno de nosotros, sabemos que una exposici\u00f3n prolongada al sol, puede producir una enfermedad de estas caracter\u00edsticas\u201d, se\u00f1al\u00f3 Marcela Brito.<br \/>\nA\u00f1adi\u00f3 que en el caso de los pap\u00e1s, muchas veces tienden a pensar que con solo una vez que apliquen protector solar a sus hijos peque\u00f1os, es suficiente para cuidarlos de los rayos solares, situaci\u00f3n que no es as\u00ed. \u201cEsto tiene que ser de forma permanente, recordando que si uno les aplica y ellos ingresan al agua, ya se desplaz\u00f3 buena parte de aquello, por lo que es necesario volver a aplicar, pero en general, no expongamos a los ni\u00f1os al sol, muchas veces est\u00e1n toda la tarde y es necesario cuidar su salud\u201d, recalc\u00f3 la directora municipal.<br \/>\nRespecto de los efectos m\u00e1s inmediatos de una exposici\u00f3n prolongada, dijo que la deshidrataci\u00f3n es uno de ellos, sumado a la insolaci\u00f3n como com\u00fanmente se le denomina, lo que incluso en el \u00e1rea de salud puede ser considerado una negligencia inexcusable de parte de los padres, m\u00e1s a\u00fan considerando que saben los riesgos y la informaci\u00f3n est\u00e1 disponible.<br \/>\nPrecis\u00f3 que en caso de deshidrataci\u00f3n o de enrojecimiento de la piel, m\u00e1s a\u00fan de fiebre, es necesario consultar con el m\u00e9dico, acudir al Cesfam o en casos m\u00e1s complejos concurrir al Servicio de Urgencias, con la finalidad de evitar que el cuadro que presentan, pase a mayores.<\/p>\n","protected":false},"excerpt":{"rendered":"<p>Enfermera Marcela Brito subray\u00f3 en la necesidad de evitar que los lactantes sean expuestos al sol. M\u00e1s de 35 grados ha sido la temperatura m\u00e1xima que se ha registrado durante los \u00faltimos&#8230;<\/p>\n","protected":false},"author":482,"featured_media":65880,"comment_status":"open","ping_status":"open","sticky":false,"template":"","format":"standard","meta":{"advanced_seo_description":"","jetpack_seo_html_title":"","jetpack_seo_noindex":false,"_jetpack_memberships_contains_paid_content":false,"footnotes":""},"categories":[1],"tags":[],"class_list":["post-65879","post","type-post","status-publish","format-standard","has-post-thumbnail","hentry","category-cronica"],"jetpack_featured_media_url":"https:\/\/i0.wp.com\/eltrabajo.cl\/portal\/wp-content\/uploads\/2016\/01\/marcela-brito.jpg?fit=530%2C348&ssl=1","jetpack_sharing_enabled":true,"jetpack_likes_enabled":true,"jetpack-related-posts":[],"_links":{"self":[{"href":"https:\/\/eltrabajo.cl\/portal\/wp-json\/wp\/v2\/posts\/65879","targetHints":{"allow":["GET"]}}],"collection":[{"href":"https:\/\/eltrabajo.cl\/portal\/wp-json\/wp\/v2\/posts"}],"about":[{"href":"https:\/\/eltrabajo.cl\/portal\/wp-json\/wp\/v2\/types\/post"}],"author":[{"embeddable":true,"href":"https:\/\/eltrabajo.cl\/portal\/wp-json\/wp\/v2\/users\/482"}],"replies":[{"embeddable":true,"href":"https:\/\/eltrabajo.cl\/portal\/wp-json\/wp\/v2\/comments?post=65879"}],"version-history":[{"count":0,"href":"https:\/\/eltrabajo.cl\/portal\/wp-json\/wp\/v2\/posts\/65879\/revisions"}],"wp:featuredmedia":[{"embeddable":true,"href":"https:\/\/eltrabajo.cl\/portal\/wp-json\/wp\/v2\/media\/65880"}],"wp:attachment":[{"href":"https:\/\/eltrabajo.cl\/portal\/wp-json\/wp\/v2\/media?parent=65879"}],"wp:term":[{"taxonomy":"category","embeddable":true,"href":"https:\/\/eltrabajo.cl\/portal\/wp-json\/wp\/v2\/categories?post=65879"},{"taxonomy":"post_tag","embeddable":true,"href":"https:\/\/eltrabajo.cl\/portal\/wp-json\/wp\/v2\/tags?post=65879"}],"curies":[{"name":"wp","href":"https:\/\/api.w.org\/{rel}","templated":true}]}}