{"id":65882,"date":"2016-01-18T10:00:27","date_gmt":"2016-01-18T13:00:27","guid":{"rendered":"http:\/\/www.eltrabajo.cl\/portal\/?p=65882"},"modified":"2016-01-18T10:00:27","modified_gmt":"2016-01-18T13:00:27","slug":"salud-destaca-termino-al-paro-de-actividades-en-hospital-de-llay-llay","status":"publish","type":"post","link":"https:\/\/eltrabajo.cl\/portal\/salud-destaca-termino-al-paro-de-actividades-en-hospital-de-llay-llay\/","title":{"rendered":"Salud destaca t\u00e9rmino al paro de actividades en Hospital de Llay Llay"},"content":{"rendered":"<figure id=\"attachment_65883\" aria-describedby=\"caption-attachment-65883\" style=\"width: 300px\" class=\"wp-caption alignleft\"><img data-recalc-dims=\"1\" loading=\"lazy\" decoding=\"async\" class=\"wp-image-65883 size-medium\" src=\"https:\/\/i0.wp.com\/www.eltrabajo.cl\/portal\/wp-content\/uploads\/2016\/01\/DRA-VILMA-OLAVE-DIRECTORA-SERVICIO-DE-SALUD-ACONCAGUA-300x198.jpg?resize=300%2C198\" alt=\"Dra. Vilma Olave, directora Servicio Salud Aconcagua.\" width=\"300\" height=\"198\" srcset=\"https:\/\/i0.wp.com\/eltrabajo.cl\/portal\/wp-content\/uploads\/2016\/01\/DRA-VILMA-OLAVE-DIRECTORA-SERVICIO-DE-SALUD-ACONCAGUA.jpg?resize=300%2C198&amp;ssl=1 300w, https:\/\/i0.wp.com\/eltrabajo.cl\/portal\/wp-content\/uploads\/2016\/01\/DRA-VILMA-OLAVE-DIRECTORA-SERVICIO-DE-SALUD-ACONCAGUA.jpg?resize=200%2C132&amp;ssl=1 200w, https:\/\/i0.wp.com\/eltrabajo.cl\/portal\/wp-content\/uploads\/2016\/01\/DRA-VILMA-OLAVE-DIRECTORA-SERVICIO-DE-SALUD-ACONCAGUA.jpg?resize=228%2C150&amp;ssl=1 228w, https:\/\/i0.wp.com\/eltrabajo.cl\/portal\/wp-content\/uploads\/2016\/01\/DRA-VILMA-OLAVE-DIRECTORA-SERVICIO-DE-SALUD-ACONCAGUA.jpg?resize=400%2C263&amp;ssl=1 400w, https:\/\/i0.wp.com\/eltrabajo.cl\/portal\/wp-content\/uploads\/2016\/01\/DRA-VILMA-OLAVE-DIRECTORA-SERVICIO-DE-SALUD-ACONCAGUA.jpg?w=530&amp;ssl=1 530w\" sizes=\"auto, (max-width: 300px) 100vw, 300px\" \/><figcaption id=\"caption-attachment-65883\" class=\"wp-caption-text\">Dra. Vilma Olave, directora Servicio Salud Aconcagua.<\/figcaption><\/figure>\n<ul>\n<li><strong>\u201cAgradezco la disposici\u00f3n de sus dirigentes gremiales, de los funcionarios y de los representantes y autoridades comunales que participaron y que finalmente privilegiaron los acuerdos y el bienestar de la gente\u201d, se\u00f1al\u00f3 la Dra. Vilma Olave.<\/strong><\/li>\n<\/ul>\n<p>La Directora del Servicio de Salud Aconcagua, Dra. Vilma Olave, expres\u00f3 su satisfacci\u00f3n luego que funcionarios del Hospital San Francisco de Llay Llay finalizaran una paralizaci\u00f3n de actividades que mantuvieron durante tres d\u00edas, agregando que se generaba una gran oportunidad para reflexionar y realizar los cambios en la gesti\u00f3n y en el modelo de salud que esa comuna y otras localidades cercanas necesitan.<br \/>\nLa profesional expres\u00f3 que personalmente liderar\u00eda los procesos y tareas acordadas, entre las que se destaca la constituci\u00f3n de un Equipo Gestor integrado por representantes del establecimiento, de la comunidad, dirigentes gremiales y directivos del hospital y de la Direcci\u00f3n del Servicio de Salud. A ellos se les encomend\u00f3 realizar un diagn\u00f3stico y un plan de intervenci\u00f3n para resolver problemas inmediatos y acompa\u00f1ar el desarrollo de una Planificaci\u00f3n Estrat\u00e9gica con una mirada amplia que integre el modelo de gesti\u00f3n sanitario del hospital y del Centro de Salud Familiar de Llay Llay.<br \/>\n\u201cLos esfuerzos tienen su recompensa. Despu\u00e9s de muchas horas de reuniones y asambleas hemos logrado acuerdos que han puesto fin a la paralizaci\u00f3n de actividades en el Hospital San Francisco de Llay Llay. Hemos trabajado intensamente y con diferentes actores, lo que le da m\u00e1s legitimidad y vigorosidad a los acuerdo alcanzados.\u201d<br \/>\n\u201cDe inmediato, hoy a primera hora hemos constituido un Equipo Gestor que tendr\u00e1 responsabilidades important\u00edsimas para avanzar y resolver problemas inmediatos y para acompa\u00f1ar el proceso de Planificaci\u00f3n Estrat\u00e9gica que realizaremos con los dos establecimientos de salud de esta comuna. Con estos acuerdos hemos logrado una gran oportunidad para avanzar en cambios que favorezcan a las personas.\u201d<br \/>\n\u201cCercanos a los funcionarios de ambos establecimientos, de sus representantes gremiales, dirigentes sociales y autoridades, desplegaremos nuestro trabajo para transparentar las decisiones que adoptemos y, a la brevedad, restablezcamos las confianza lesionadas. De manera franca, agradezco la disposici\u00f3n de los dirigentes gremiales de ambos establecimientos, de los funcionarios y de los representantes y autoridades comunales que participaron y finalmente privilegiaron los acuerdos y el bienestar de la gente\u201d, finaliz\u00f3 la Dra. Vilma Olave Directora del Servicio de Salud Aconcagua.<\/p>\n","protected":false},"excerpt":{"rendered":"<p>\u201cAgradezco la disposici\u00f3n de sus dirigentes gremiales, de los funcionarios y de los representantes y autoridades comunales que participaron y que finalmente privilegiaron los acuerdos y el bienestar de la gente\u201d, se\u00f1al\u00f3&#8230;<\/p>\n","protected":false},"author":482,"featured_media":65883,"comment_status":"open","ping_status":"open","sticky":false,"template":"","format":"standard","meta":{"advanced_seo_description":"","jetpack_seo_html_title":"","jetpack_seo_noindex":false,"_jetpack_memberships_contains_paid_content":false,"footnotes":""},"categories":[1],"tags":[],"class_list":["post-65882","post","type-post","status-publish","format-standard","has-post-thumbnail","hentry","category-cronica"],"jetpack_featured_media_url":"https:\/\/i0.wp.com\/eltrabajo.cl\/portal\/wp-content\/uploads\/2016\/01\/DRA-VILMA-OLAVE-DIRECTORA-SERVICIO-DE-SALUD-ACONCAGUA.jpg?fit=530%2C349&ssl=1","jetpack_sharing_enabled":true,"jetpack_likes_enabled":true,"jetpack-related-posts":[],"_links":{"self":[{"href":"https:\/\/eltrabajo.cl\/portal\/wp-json\/wp\/v2\/posts\/65882","targetHints":{"allow":["GET"]}}],"collection":[{"href":"https:\/\/eltrabajo.cl\/portal\/wp-json\/wp\/v2\/posts"}],"about":[{"href":"https:\/\/eltrabajo.cl\/portal\/wp-json\/wp\/v2\/types\/post"}],"author":[{"embeddable":true,"href":"https:\/\/eltrabajo.cl\/portal\/wp-json\/wp\/v2\/users\/482"}],"replies":[{"embeddable":true,"href":"https:\/\/eltrabajo.cl\/portal\/wp-json\/wp\/v2\/comments?post=65882"}],"version-history":[{"count":0,"href":"https:\/\/eltrabajo.cl\/portal\/wp-json\/wp\/v2\/posts\/65882\/revisions"}],"wp:featuredmedia":[{"embeddable":true,"href":"https:\/\/eltrabajo.cl\/portal\/wp-json\/wp\/v2\/media\/65883"}],"wp:attachment":[{"href":"https:\/\/eltrabajo.cl\/portal\/wp-json\/wp\/v2\/media?parent=65882"}],"wp:term":[{"taxonomy":"category","embeddable":true,"href":"https:\/\/eltrabajo.cl\/portal\/wp-json\/wp\/v2\/categories?post=65882"},{"taxonomy":"post_tag","embeddable":true,"href":"https:\/\/eltrabajo.cl\/portal\/wp-json\/wp\/v2\/tags?post=65882"}],"curies":[{"name":"wp","href":"https:\/\/api.w.org\/{rel}","templated":true}]}}