{"id":65885,"date":"2016-01-18T10:06:03","date_gmt":"2016-01-18T13:06:03","guid":{"rendered":"http:\/\/www.eltrabajo.cl\/portal\/?p=65885"},"modified":"2016-01-18T10:06:03","modified_gmt":"2016-01-18T13:06:03","slug":"continuan-apareciendo-animales-muertos-en-sector-21-de-mayo","status":"publish","type":"post","link":"https:\/\/eltrabajo.cl\/portal\/continuan-apareciendo-animales-muertos-en-sector-21-de-mayo\/","title":{"rendered":"Contin\u00faan apareciendo animales muertos en sector 21 de Mayo"},"content":{"rendered":"<figure id=\"attachment_65886\" aria-describedby=\"caption-attachment-65886\" style=\"width: 300px\" class=\"wp-caption alignleft\"><img data-recalc-dims=\"1\" loading=\"lazy\" decoding=\"async\" class=\"wp-image-65886 size-medium\" src=\"https:\/\/i0.wp.com\/www.eltrabajo.cl\/portal\/wp-content\/uploads\/2016\/01\/Cabezas-de-vacuno-aun-son-encontradas-a-orillas-del-Rio-Puraendo-300x198.jpg?resize=300%2C198\" alt=\"Cabezas de vacuno a\u00fan son encontradas a orillas del R\u00edo Putaendo.\" width=\"300\" height=\"198\" srcset=\"https:\/\/i0.wp.com\/eltrabajo.cl\/portal\/wp-content\/uploads\/2016\/01\/Cabezas-de-vacuno-aun-son-encontradas-a-orillas-del-Rio-Puraendo.jpg?resize=300%2C198&amp;ssl=1 300w, https:\/\/i0.wp.com\/eltrabajo.cl\/portal\/wp-content\/uploads\/2016\/01\/Cabezas-de-vacuno-aun-son-encontradas-a-orillas-del-Rio-Puraendo.jpg?resize=200%2C132&amp;ssl=1 200w, https:\/\/i0.wp.com\/eltrabajo.cl\/portal\/wp-content\/uploads\/2016\/01\/Cabezas-de-vacuno-aun-son-encontradas-a-orillas-del-Rio-Puraendo.jpg?resize=228%2C150&amp;ssl=1 228w, https:\/\/i0.wp.com\/eltrabajo.cl\/portal\/wp-content\/uploads\/2016\/01\/Cabezas-de-vacuno-aun-son-encontradas-a-orillas-del-Rio-Puraendo.jpg?resize=400%2C263&amp;ssl=1 400w, https:\/\/i0.wp.com\/eltrabajo.cl\/portal\/wp-content\/uploads\/2016\/01\/Cabezas-de-vacuno-aun-son-encontradas-a-orillas-del-Rio-Puraendo.jpg?w=530&amp;ssl=1 530w\" sizes=\"auto, (max-width: 300px) 100vw, 300px\" \/><figcaption id=\"caption-attachment-65886\" class=\"wp-caption-text\">Cabezas de vacuno a\u00fan son encontradas a orillas del R\u00edo Putaendo.<\/figcaption><\/figure>\n<ul>\n<li><strong>Autoridad Sanitaria asegur\u00f3 que es urgente definir cu\u00e1l es la procedencia de estas especies que generan podredumbre a orillas del R\u00edo Putaendo.<\/strong><\/li>\n<\/ul>\n<p>M\u00e1s de una semana ha transcurrido desde que Carabineros desbaratara un matadero clandestino en el sector 21 de Mayo y decomisara alrededor de 6 mil Kg de carne dispuesta para ser comercializada en distintas carnicer\u00edas del valle sin la autorizaci\u00f3n sanitaria correspondiente.<br \/>\nSin embargo, las consecuencias de aquella incautaci\u00f3n siguen generando incomodidades a vecinos del lugar, pues a las orillas del R\u00edo Putaendo contin\u00faan apareciendo trozos de vacunos en estado de descomposici\u00f3n, generando malos olores y un riesgo infeccioso inminente.<br \/>\nLa jefa subrogante de la Oficina Provincial de Aconcagua de la Seremi de Salud, Claudia Abarca, asegur\u00f3 que a\u00fan no se ha hecho una denuncia formal por parte de los habitantes del lugar, pero afirm\u00f3 que de llegar a concretarse, se debe comenzar inmediatamente un curso de investigaci\u00f3n que les ayude a determinar cu\u00e1l es el origen de estas especies.<br \/>\n\u00abNosotros debemos tomar acciones desde el \u00e1rea de alimentos, que es donde podr\u00eda provocarse alg\u00fan riesgo y revisamos obviamente la procedencia de estos animales, que pudieran ser producto del decomiso que hicimos la semana pasada o bien tener otra raz\u00f3n de existencia\u00bb, apunt\u00f3 la Qu\u00edmico Farmace\u00fatica.<br \/>\nEn relaci\u00f3n con el nivel de riesgo que implica para la comunidad, la profesional agreg\u00f3 que \u00abesta contaminaci\u00f3n implica un riesgo digestivo importante, que puede ser peligrosa para los m\u00e1s chiquititos, los ni\u00f1os que puedan jugar, pero francamente para las personas mayores no porque de forma obvia no van a consumir este tipo de producto ni tener contacto con ello, el consumo es el que puede provocar un riesgo sanitario\u00bb, sostuvo.<br \/>\nDel mismo modo, Abarca reconoci\u00f3 que es una denuncia que no reciben habitualmente y afirm\u00f3 que \u00abno es recurrente conocer de este tipo de casos, s\u00ed para sectores m\u00e1s altos, en las serran\u00edas donde la gente vive de los animales y lo hacen para su propio consumo, pero en general nosotros no tenemos este tipo de denuncias\u00bb, destac\u00f3.<br \/>\nLa autoridad recalc\u00f3 que aunque esta situaci\u00f3n no se haya formalizado en una denuncia, genera una preocupaci\u00f3n inminente y a partir de las fotograf\u00edas ense\u00f1adas por este medio, se seguir\u00e1n cursos de acci\u00f3n para evaluar la causa y las posibles consecuencias de esta anomal\u00eda.<\/p>\n<div class=\"tiled-gallery type-rectangular tiled-gallery-unresized\" data-original-width=\"640\" data-carousel-extra='null' itemscope itemtype=\"http:\/\/schema.org\/ImageGallery\" > <div class=\"gallery-row\" style=\"width: 640px; height: 212px;\" data-original-width=\"640\" data-original-height=\"212\" > <div class=\"gallery-group images-1\" style=\"width: 320px; height: 212px;\" data-original-width=\"320\" data-original-height=\"212\" > <div class=\"tiled-gallery-item tiled-gallery-item-large\" itemprop=\"associatedMedia\" itemscope itemtype=\"http:\/\/schema.org\/ImageObject\"> <a href=\"https:\/\/eltrabajo.cl\/portal\/continuan-apareciendo-animales-muertos-en-sector-21-de-mayo\/cueros-de-animales-en-descomposicion-generan-podredumbre-en-sector-21-de-mayo\/\" border=\"0\" itemprop=\"url\"> <meta itemprop=\"width\" content=\"316\"> <meta itemprop=\"height\" content=\"208\"> <img decoding=\"async\" class=\"\" data-attachment-id=\"65888\" data-orig-file=\"https:\/\/eltrabajo.cl\/portal\/wp-content\/uploads\/2016\/01\/Cueros-de-animales-en-descomposicion-generan-podredumbre-en-sector-21-de-mayo.jpg\" data-orig-size=\"530,349\" data-comments-opened=\"1\" data-image-meta=\"{&quot;aperture&quot;:&quot;0&quot;,&quot;credit&quot;:&quot;&quot;,&quot;camera&quot;:&quot;&quot;,&quot;caption&quot;:&quot;&quot;,&quot;created_timestamp&quot;:&quot;0&quot;,&quot;copyright&quot;:&quot;&quot;,&quot;focal_length&quot;:&quot;0&quot;,&quot;iso&quot;:&quot;0&quot;,&quot;shutter_speed&quot;:&quot;0&quot;,&quot;title&quot;:&quot;&quot;,&quot;orientation&quot;:&quot;0&quot;}\" data-image-title=\"Cueros de animales en descomposicion generan podredumbre en sector 21 de mayo\" data-image-description=\"&lt;p&gt;Cueros de animales en descomposici\u00f3n generan podredumbre en sector 21 de Mayo.&lt;\/p&gt; \" data-medium-file=\"https:\/\/i0.wp.com\/eltrabajo.cl\/portal\/wp-content\/uploads\/2016\/01\/Cueros-de-animales-en-descomposicion-generan-podredumbre-en-sector-21-de-mayo.jpg?fit=300%2C198&#038;ssl=1\" data-large-file=\"https:\/\/i0.wp.com\/eltrabajo.cl\/portal\/wp-content\/uploads\/2016\/01\/Cueros-de-animales-en-descomposicion-generan-podredumbre-en-sector-21-de-mayo.jpg?fit=530%2C349&#038;ssl=1\" src=\"https:\/\/i0.wp.com\/eltrabajo.cl\/portal\/wp-content\/uploads\/2016\/01\/Cueros-de-animales-en-descomposicion-generan-podredumbre-en-sector-21-de-mayo.jpg?w=316&#038;h=208&#038;ssl=1\" srcset=\"https:\/\/i0.wp.com\/eltrabajo.cl\/portal\/wp-content\/uploads\/2016\/01\/Cueros-de-animales-en-descomposicion-generan-podredumbre-en-sector-21-de-mayo.jpg?w=530&amp;ssl=1 530w, https:\/\/i0.wp.com\/eltrabajo.cl\/portal\/wp-content\/uploads\/2016\/01\/Cueros-de-animales-en-descomposicion-generan-podredumbre-en-sector-21-de-mayo.jpg?resize=200%2C132&amp;ssl=1 200w, https:\/\/i0.wp.com\/eltrabajo.cl\/portal\/wp-content\/uploads\/2016\/01\/Cueros-de-animales-en-descomposicion-generan-podredumbre-en-sector-21-de-mayo.jpg?resize=300%2C198&amp;ssl=1 300w, https:\/\/i0.wp.com\/eltrabajo.cl\/portal\/wp-content\/uploads\/2016\/01\/Cueros-de-animales-en-descomposicion-generan-podredumbre-en-sector-21-de-mayo.jpg?resize=228%2C150&amp;ssl=1 228w, https:\/\/i0.wp.com\/eltrabajo.cl\/portal\/wp-content\/uploads\/2016\/01\/Cueros-de-animales-en-descomposicion-generan-podredumbre-en-sector-21-de-mayo.jpg?resize=400%2C263&amp;ssl=1 400w\" width=\"316\" height=\"208\" loading=\"lazy\" data-original-width=\"316\" data-original-height=\"208\" itemprop=\"http:\/\/schema.org\/image\" title=\"Cueros de animales en descomposicion generan podredumbre en sector 21 de mayo\" alt=\"Cueros de animales en descomposici\u00f3n generan podredumbre en sector 21 de Mayo.\" style=\"width: 316px; height: 208px;\" \/> <\/a> <div class=\"tiled-gallery-caption\" itemprop=\"caption description\"> Cueros de animales en descomposici\u00f3n generan podredumbre en sector 21 de Mayo. <\/div> <\/div> <\/div> <!-- close group --> <div class=\"gallery-group images-1\" style=\"width: 320px; height: 212px;\" data-original-width=\"320\" data-original-height=\"212\" > <div class=\"tiled-gallery-item tiled-gallery-item-large\" itemprop=\"associatedMedia\" itemscope itemtype=\"http:\/\/schema.org\/ImageObject\"> <a href=\"https:\/\/eltrabajo.cl\/portal\/continuan-apareciendo-animales-muertos-en-sector-21-de-mayo\/claudia-abarca-jeja-subrogante-de-la-oficina-provincial-de-aconcagua-seremi-salud\/\" border=\"0\" itemprop=\"url\"> <meta itemprop=\"width\" content=\"316\"> <meta itemprop=\"height\" content=\"208\"> <img decoding=\"async\" class=\"\" data-attachment-id=\"65887\" data-orig-file=\"https:\/\/eltrabajo.cl\/portal\/wp-content\/uploads\/2016\/01\/Claudia-Abarca-Jeja-Subrogante-de-la-Oficina-Provincial-de-Aconcagua-SEREMI-Salud.jpg\" data-orig-size=\"530,349\" data-comments-opened=\"1\" data-image-meta=\"{&quot;aperture&quot;:&quot;0&quot;,&quot;credit&quot;:&quot;&quot;,&quot;camera&quot;:&quot;&quot;,&quot;caption&quot;:&quot;&quot;,&quot;created_timestamp&quot;:&quot;0&quot;,&quot;copyright&quot;:&quot;Copyright 2012&quot;,&quot;focal_length&quot;:&quot;0&quot;,&quot;iso&quot;:&quot;0&quot;,&quot;shutter_speed&quot;:&quot;0&quot;,&quot;title&quot;:&quot;&quot;,&quot;orientation&quot;:&quot;0&quot;}\" data-image-title=\"Claudia Abarca Jeja Subrogante de la Oficina Provincial de Aconcagua SEREMI Salud\" data-image-description=\"&lt;p&gt;Claudia Abarca, jefa (s) Oficina Provincial Aconcagua de la Seremi de Salud.&lt;\/p&gt; \" data-medium-file=\"https:\/\/i0.wp.com\/eltrabajo.cl\/portal\/wp-content\/uploads\/2016\/01\/Claudia-Abarca-Jeja-Subrogante-de-la-Oficina-Provincial-de-Aconcagua-SEREMI-Salud.jpg?fit=300%2C198&#038;ssl=1\" data-large-file=\"https:\/\/i0.wp.com\/eltrabajo.cl\/portal\/wp-content\/uploads\/2016\/01\/Claudia-Abarca-Jeja-Subrogante-de-la-Oficina-Provincial-de-Aconcagua-SEREMI-Salud.jpg?fit=530%2C349&#038;ssl=1\" src=\"https:\/\/i0.wp.com\/eltrabajo.cl\/portal\/wp-content\/uploads\/2016\/01\/Claudia-Abarca-Jeja-Subrogante-de-la-Oficina-Provincial-de-Aconcagua-SEREMI-Salud.jpg?w=316&#038;h=208&#038;ssl=1\" srcset=\"https:\/\/i0.wp.com\/eltrabajo.cl\/portal\/wp-content\/uploads\/2016\/01\/Claudia-Abarca-Jeja-Subrogante-de-la-Oficina-Provincial-de-Aconcagua-SEREMI-Salud.jpg?w=530&amp;ssl=1 530w, https:\/\/i0.wp.com\/eltrabajo.cl\/portal\/wp-content\/uploads\/2016\/01\/Claudia-Abarca-Jeja-Subrogante-de-la-Oficina-Provincial-de-Aconcagua-SEREMI-Salud.jpg?resize=200%2C132&amp;ssl=1 200w, https:\/\/i0.wp.com\/eltrabajo.cl\/portal\/wp-content\/uploads\/2016\/01\/Claudia-Abarca-Jeja-Subrogante-de-la-Oficina-Provincial-de-Aconcagua-SEREMI-Salud.jpg?resize=300%2C198&amp;ssl=1 300w, https:\/\/i0.wp.com\/eltrabajo.cl\/portal\/wp-content\/uploads\/2016\/01\/Claudia-Abarca-Jeja-Subrogante-de-la-Oficina-Provincial-de-Aconcagua-SEREMI-Salud.jpg?resize=228%2C150&amp;ssl=1 228w, https:\/\/i0.wp.com\/eltrabajo.cl\/portal\/wp-content\/uploads\/2016\/01\/Claudia-Abarca-Jeja-Subrogante-de-la-Oficina-Provincial-de-Aconcagua-SEREMI-Salud.jpg?resize=400%2C263&amp;ssl=1 400w\" width=\"316\" height=\"208\" loading=\"lazy\" data-original-width=\"316\" data-original-height=\"208\" itemprop=\"http:\/\/schema.org\/image\" title=\"Claudia Abarca Jeja Subrogante de la Oficina Provincial de Aconcagua SEREMI Salud\" alt=\"Claudia Abarca, jefa (s) Oficina Provincial Aconcagua de la Seremi de Salud.\" style=\"width: 316px; height: 208px;\" \/> <\/a> <div class=\"tiled-gallery-caption\" itemprop=\"caption description\"> Claudia Abarca, jefa (s) Oficina Provincial Aconcagua de la Seremi de Salud. <\/div> <\/div> <\/div> <!-- close group --> <\/div> <!-- close row --> <\/div>\n","protected":false},"excerpt":{"rendered":"<p>Autoridad Sanitaria asegur\u00f3 que es urgente definir cu\u00e1l es la procedencia de estas especies que generan podredumbre a orillas del R\u00edo Putaendo. M\u00e1s de una semana ha transcurrido desde que Carabineros desbaratara&#8230;<\/p>\n","protected":false},"author":482,"featured_media":65886,"comment_status":"open","ping_status":"open","sticky":false,"template":"","format":"standard","meta":{"advanced_seo_description":"","jetpack_seo_html_title":"","jetpack_seo_noindex":false,"_jetpack_memberships_contains_paid_content":false,"footnotes":""},"categories":[1],"tags":[],"class_list":["post-65885","post","type-post","status-publish","format-standard","has-post-thumbnail","hentry","category-cronica"],"jetpack_featured_media_url":"https:\/\/i0.wp.com\/eltrabajo.cl\/portal\/wp-content\/uploads\/2016\/01\/Cabezas-de-vacuno-aun-son-encontradas-a-orillas-del-Rio-Puraendo.jpg?fit=530%2C349&ssl=1","jetpack_sharing_enabled":true,"jetpack_likes_enabled":true,"jetpack-related-posts":[],"_links":{"self":[{"href":"https:\/\/eltrabajo.cl\/portal\/wp-json\/wp\/v2\/posts\/65885","targetHints":{"allow":["GET"]}}],"collection":[{"href":"https:\/\/eltrabajo.cl\/portal\/wp-json\/wp\/v2\/posts"}],"about":[{"href":"https:\/\/eltrabajo.cl\/portal\/wp-json\/wp\/v2\/types\/post"}],"author":[{"embeddable":true,"href":"https:\/\/eltrabajo.cl\/portal\/wp-json\/wp\/v2\/users\/482"}],"replies":[{"embeddable":true,"href":"https:\/\/eltrabajo.cl\/portal\/wp-json\/wp\/v2\/comments?post=65885"}],"version-history":[{"count":0,"href":"https:\/\/eltrabajo.cl\/portal\/wp-json\/wp\/v2\/posts\/65885\/revisions"}],"wp:featuredmedia":[{"embeddable":true,"href":"https:\/\/eltrabajo.cl\/portal\/wp-json\/wp\/v2\/media\/65886"}],"wp:attachment":[{"href":"https:\/\/eltrabajo.cl\/portal\/wp-json\/wp\/v2\/media?parent=65885"}],"wp:term":[{"taxonomy":"category","embeddable":true,"href":"https:\/\/eltrabajo.cl\/portal\/wp-json\/wp\/v2\/categories?post=65885"},{"taxonomy":"post_tag","embeddable":true,"href":"https:\/\/eltrabajo.cl\/portal\/wp-json\/wp\/v2\/tags?post=65885"}],"curies":[{"name":"wp","href":"https:\/\/api.w.org\/{rel}","templated":true}]}}