{"id":65890,"date":"2016-01-18T10:09:40","date_gmt":"2016-01-18T13:09:40","guid":{"rendered":"http:\/\/www.eltrabajo.cl\/portal\/?p=65890"},"modified":"2016-01-18T10:09:40","modified_gmt":"2016-01-18T13:09:40","slug":"roban-mas-de-2-millones-en-herramientas-desde-instalaciones-de-la-carcel-de-los-andes","status":"publish","type":"post","link":"https:\/\/eltrabajo.cl\/portal\/roban-mas-de-2-millones-en-herramientas-desde-instalaciones-de-la-carcel-de-los-andes\/","title":{"rendered":"Roban m\u00e1s de $ 2 millones en herramientas desde instalaciones de la c\u00e1rcel de Los Andes"},"content":{"rendered":"<figure id=\"attachment_65891\" aria-describedby=\"caption-attachment-65891\" style=\"width: 300px\" class=\"wp-caption alignleft\"><img data-recalc-dims=\"1\" loading=\"lazy\" decoding=\"async\" class=\"wp-image-65891 size-medium\" src=\"https:\/\/i0.wp.com\/www.eltrabajo.cl\/portal\/wp-content\/uploads\/2016\/01\/Robo-instalaciones-carcel-Los-Andes-300x198.jpg?resize=300%2C198\" alt=\"Los antisociales habr\u00edan forzado la reja exterior del recinto, para despu\u00e9s ingresar a una oficina que es usada como bodega y robar maquinaria avaluada en 2 millones de pesos.\" width=\"300\" height=\"198\" srcset=\"https:\/\/i0.wp.com\/eltrabajo.cl\/portal\/wp-content\/uploads\/2016\/01\/Robo-instalaciones-carcel-Los-Andes.jpg?resize=300%2C198&amp;ssl=1 300w, https:\/\/i0.wp.com\/eltrabajo.cl\/portal\/wp-content\/uploads\/2016\/01\/Robo-instalaciones-carcel-Los-Andes.jpg?resize=200%2C132&amp;ssl=1 200w, https:\/\/i0.wp.com\/eltrabajo.cl\/portal\/wp-content\/uploads\/2016\/01\/Robo-instalaciones-carcel-Los-Andes.jpg?resize=228%2C150&amp;ssl=1 228w, https:\/\/i0.wp.com\/eltrabajo.cl\/portal\/wp-content\/uploads\/2016\/01\/Robo-instalaciones-carcel-Los-Andes.jpg?resize=400%2C263&amp;ssl=1 400w, https:\/\/i0.wp.com\/eltrabajo.cl\/portal\/wp-content\/uploads\/2016\/01\/Robo-instalaciones-carcel-Los-Andes.jpg?w=530&amp;ssl=1 530w\" sizes=\"auto, (max-width: 300px) 100vw, 300px\" \/><figcaption id=\"caption-attachment-65891\" class=\"wp-caption-text\">Los antisociales habr\u00edan forzado la reja exterior del recinto, para despu\u00e9s ingresar a una oficina que es usada como bodega y robar maquinaria avaluada en 2 millones de pesos.<\/figcaption><\/figure>\n<ul>\n<li><strong>Especies son de propiedad de la constructora que realiza trabajos de instalaci\u00f3n de la red de incendio del penal.<\/strong><\/li>\n<\/ul>\n<p><strong>LOS ANDES<\/strong>.- Herramientas avaluadas en m\u00e1s de 2 millones de pesos se llevaron antisociales que en horas de la madrugada ingresaron a robar a dependencias contiguas a la c\u00e1rcel de Los Andes, pero que forman parte del complejo penal andino.<br \/>\nEl robo qued\u00f3 al descubierto a primera hora de la ma\u00f1ana cuando llegaron los trabajadores de la empresa constructora Balmaceda que realiza la instalaci\u00f3n de la red h\u00fameda y seca para el control de incendios en el penal.<br \/>\nLos antisociales forzaron la reja exterior del recinto y luego accedieron a las instalaciones donde anteriormente funcion\u00f3 el Centro de Reinserci\u00f3n Social de la c\u00e1rcel en avenida Carlos D\u00edaz y rompiendo una tabiquer\u00eda de madera ingresaron a una oficina que es usada como bodega.<br \/>\nSi bien ese sector se encuentra cerca de una de las torres de vigilancia del per\u00edmetro exterior del penal, nadie se percat\u00f3 del ingreso de los antisociales que sustrajeron una soldadora, dos galleteras, taladros, un martillo demoledor, sierras circulares, un micr\u00f3metro y otras herramientas menores.<br \/>\nPor la cantidad de especies sustra\u00eddas no se descarta que los antisociales hayan utilizado un veh\u00edculo para trasladarlas.<br \/>\nA ra\u00edz del robo la empresa constructora tuvo que paralizar los trabajos hasta reponer las herramientas y continuar con la instalaci\u00f3n de la red h\u00fameda del penal.<br \/>\nUna vez hecha la denuncia concurri\u00f3 al lugar personal de Carabineros y de la Brigada de Robos de la PDI quienes realizaron algunas diligencias tendientes a la ubicaci\u00f3n de las especies y la detenci\u00f3n de los autores.<br \/>\nUno de los encargados de la obra se\u00f1al\u00f3 a nuestro medio que este es el quinto robo que sufren desde que comenzaron a trabajar en la c\u00e1rcel a mediados del a\u00f1o pasado.<\/p>\n","protected":false},"excerpt":{"rendered":"<p>Especies son de propiedad de la constructora que realiza trabajos de instalaci\u00f3n de la red de incendio del penal. LOS ANDES.- Herramientas avaluadas en m\u00e1s de 2 millones de pesos se llevaron&#8230;<\/p>\n","protected":false},"author":482,"featured_media":65891,"comment_status":"open","ping_status":"open","sticky":false,"template":"","format":"standard","meta":{"advanced_seo_description":"","jetpack_seo_html_title":"","jetpack_seo_noindex":false,"_jetpack_memberships_contains_paid_content":false,"footnotes":""},"categories":[21],"tags":[],"class_list":["post-65890","post","type-post","status-publish","format-standard","has-post-thumbnail","hentry","category-policial"],"jetpack_featured_media_url":"https:\/\/i0.wp.com\/eltrabajo.cl\/portal\/wp-content\/uploads\/2016\/01\/Robo-instalaciones-carcel-Los-Andes.jpg?fit=530%2C349&ssl=1","jetpack_sharing_enabled":true,"jetpack_likes_enabled":true,"jetpack-related-posts":[],"_links":{"self":[{"href":"https:\/\/eltrabajo.cl\/portal\/wp-json\/wp\/v2\/posts\/65890","targetHints":{"allow":["GET"]}}],"collection":[{"href":"https:\/\/eltrabajo.cl\/portal\/wp-json\/wp\/v2\/posts"}],"about":[{"href":"https:\/\/eltrabajo.cl\/portal\/wp-json\/wp\/v2\/types\/post"}],"author":[{"embeddable":true,"href":"https:\/\/eltrabajo.cl\/portal\/wp-json\/wp\/v2\/users\/482"}],"replies":[{"embeddable":true,"href":"https:\/\/eltrabajo.cl\/portal\/wp-json\/wp\/v2\/comments?post=65890"}],"version-history":[{"count":0,"href":"https:\/\/eltrabajo.cl\/portal\/wp-json\/wp\/v2\/posts\/65890\/revisions"}],"wp:featuredmedia":[{"embeddable":true,"href":"https:\/\/eltrabajo.cl\/portal\/wp-json\/wp\/v2\/media\/65891"}],"wp:attachment":[{"href":"https:\/\/eltrabajo.cl\/portal\/wp-json\/wp\/v2\/media?parent=65890"}],"wp:term":[{"taxonomy":"category","embeddable":true,"href":"https:\/\/eltrabajo.cl\/portal\/wp-json\/wp\/v2\/categories?post=65890"},{"taxonomy":"post_tag","embeddable":true,"href":"https:\/\/eltrabajo.cl\/portal\/wp-json\/wp\/v2\/tags?post=65890"}],"curies":[{"name":"wp","href":"https:\/\/api.w.org\/{rel}","templated":true}]}}