{"id":65893,"date":"2016-01-18T10:10:48","date_gmt":"2016-01-18T13:10:48","guid":{"rendered":"http:\/\/www.eltrabajo.cl\/portal\/?p=65893"},"modified":"2016-01-18T10:10:48","modified_gmt":"2016-01-18T13:10:48","slug":"de-un-empujon-le-arrebataron-bicicleta-en-plena-plaza-de-armas-de-san-felipe","status":"publish","type":"post","link":"https:\/\/eltrabajo.cl\/portal\/de-un-empujon-le-arrebataron-bicicleta-en-plena-plaza-de-armas-de-san-felipe\/","title":{"rendered":"De un empuj\u00f3n le arrebataron bicicleta en plena Plaza de Armas de San Felipe"},"content":{"rendered":"<figure id=\"attachment_65894\" aria-describedby=\"caption-attachment-65894\" style=\"width: 300px\" class=\"wp-caption alignleft\"><img data-recalc-dims=\"1\" loading=\"lazy\" decoding=\"async\" class=\"wp-image-65894 size-medium\" src=\"https:\/\/i0.wp.com\/www.eltrabajo.cl\/portal\/wp-content\/uploads\/2016\/01\/JAVIER-SANHUEZA-CORNEJO-300x198.jpg?resize=300%2C198\" alt=\"El imputado, identificado como Javier Sanhueza Cornejo, fue acusado del robo de una bicicleta utilizando la violencia en la Plaza de Armas de San Felipe.\" width=\"300\" height=\"198\" srcset=\"https:\/\/i0.wp.com\/eltrabajo.cl\/portal\/wp-content\/uploads\/2016\/01\/JAVIER-SANHUEZA-CORNEJO.jpg?resize=300%2C198&amp;ssl=1 300w, https:\/\/i0.wp.com\/eltrabajo.cl\/portal\/wp-content\/uploads\/2016\/01\/JAVIER-SANHUEZA-CORNEJO.jpg?resize=200%2C132&amp;ssl=1 200w, https:\/\/i0.wp.com\/eltrabajo.cl\/portal\/wp-content\/uploads\/2016\/01\/JAVIER-SANHUEZA-CORNEJO.jpg?resize=228%2C150&amp;ssl=1 228w, https:\/\/i0.wp.com\/eltrabajo.cl\/portal\/wp-content\/uploads\/2016\/01\/JAVIER-SANHUEZA-CORNEJO.jpg?resize=400%2C263&amp;ssl=1 400w, https:\/\/i0.wp.com\/eltrabajo.cl\/portal\/wp-content\/uploads\/2016\/01\/JAVIER-SANHUEZA-CORNEJO.jpg?w=530&amp;ssl=1 530w\" sizes=\"auto, (max-width: 300px) 100vw, 300px\" \/><figcaption id=\"caption-attachment-65894\" class=\"wp-caption-text\">El imputado, identificado como Javier Sanhueza Cornejo, fue acusado del robo de una bicicleta utilizando la violencia en la Plaza de Armas de San Felipe.<\/figcaption><\/figure>\n<ul>\n<li><strong>Imputado con amplio prontuario delictivo qued\u00f3 en manos de la Fiscal\u00eda para investigar el caso.<\/strong><\/li>\n<\/ul>\n<p>Carabineros captur\u00f3 a un avezado delincuente, quien por medio de la fuerza habr\u00eda concretado el robo de una bicicleta al interior de la Plaza de Armas de San Felipe, resultando v\u00edctima un joven de 24 a\u00f1os que circulaba por el lugar cerca de la medianoche del viernes. El afectado fue sorpresivamente empujado de su veh\u00edculo por el asaltante que se apoder\u00f3 de la especie.<br \/>\nDe acuerdo al relato de la v\u00edctima, el antisocial lo habr\u00eda abordado por el principal paseo p\u00fablico de la comuna de San Felipe, espec\u00edficamente en la intersecci\u00f3n de calles Combate de Las Coimas esquina Prat y sin provocaci\u00f3n le arrebat\u00f3 su bicicleta.<br \/>\nEl afectado requiri\u00f3 del auxilio de Carabineros quienes en minutos lograron interceptar al antisocial a una cuadra del lugar de los hechos, conduciendo el veh\u00edculo de dos ruedas que fue recuperado y devuelto a su due\u00f1o.<br \/>\nEl imputado fue identificado como Javier Antonio Sanhueza Cornejo de 24 a\u00f1os de edad, domiciliado en la villa Juan Pablo II de San Felipe, quien cuenta con un amplio prontuario delictivo por diversos delitos, siendo formalizado por la Fiscal\u00eda que investigar\u00e1 el caso.<br \/>\n<strong>Pablo Salinas Sald\u00edas<\/strong><\/p>\n","protected":false},"excerpt":{"rendered":"<p>Imputado con amplio prontuario delictivo qued\u00f3 en manos de la Fiscal\u00eda para investigar el caso. Carabineros captur\u00f3 a un avezado delincuente, quien por medio de la fuerza habr\u00eda concretado el robo de&#8230;<\/p>\n","protected":false},"author":482,"featured_media":65894,"comment_status":"open","ping_status":"open","sticky":false,"template":"","format":"standard","meta":{"advanced_seo_description":"","jetpack_seo_html_title":"","jetpack_seo_noindex":false,"_jetpack_memberships_contains_paid_content":false,"footnotes":""},"categories":[21],"tags":[],"class_list":["post-65893","post","type-post","status-publish","format-standard","has-post-thumbnail","hentry","category-policial"],"jetpack_featured_media_url":"https:\/\/i0.wp.com\/eltrabajo.cl\/portal\/wp-content\/uploads\/2016\/01\/JAVIER-SANHUEZA-CORNEJO.jpg?fit=530%2C349&ssl=1","jetpack_sharing_enabled":true,"jetpack_likes_enabled":true,"jetpack-related-posts":[],"_links":{"self":[{"href":"https:\/\/eltrabajo.cl\/portal\/wp-json\/wp\/v2\/posts\/65893","targetHints":{"allow":["GET"]}}],"collection":[{"href":"https:\/\/eltrabajo.cl\/portal\/wp-json\/wp\/v2\/posts"}],"about":[{"href":"https:\/\/eltrabajo.cl\/portal\/wp-json\/wp\/v2\/types\/post"}],"author":[{"embeddable":true,"href":"https:\/\/eltrabajo.cl\/portal\/wp-json\/wp\/v2\/users\/482"}],"replies":[{"embeddable":true,"href":"https:\/\/eltrabajo.cl\/portal\/wp-json\/wp\/v2\/comments?post=65893"}],"version-history":[{"count":0,"href":"https:\/\/eltrabajo.cl\/portal\/wp-json\/wp\/v2\/posts\/65893\/revisions"}],"wp:featuredmedia":[{"embeddable":true,"href":"https:\/\/eltrabajo.cl\/portal\/wp-json\/wp\/v2\/media\/65894"}],"wp:attachment":[{"href":"https:\/\/eltrabajo.cl\/portal\/wp-json\/wp\/v2\/media?parent=65893"}],"wp:term":[{"taxonomy":"category","embeddable":true,"href":"https:\/\/eltrabajo.cl\/portal\/wp-json\/wp\/v2\/categories?post=65893"},{"taxonomy":"post_tag","embeddable":true,"href":"https:\/\/eltrabajo.cl\/portal\/wp-json\/wp\/v2\/tags?post=65893"}],"curies":[{"name":"wp","href":"https:\/\/api.w.org\/{rel}","templated":true}]}}