{"id":65896,"date":"2016-01-18T10:12:04","date_gmt":"2016-01-18T13:12:04","guid":{"rendered":"http:\/\/www.eltrabajo.cl\/portal\/?p=65896"},"modified":"2016-01-18T10:12:04","modified_gmt":"2016-01-18T13:12:04","slug":"familiares-salvaron-a-joven-de-22-anos-de-ser-asaltado-por-delincuente","status":"publish","type":"post","link":"https:\/\/eltrabajo.cl\/portal\/familiares-salvaron-a-joven-de-22-anos-de-ser-asaltado-por-delincuente\/","title":{"rendered":"Familiares salvaron a joven de 22 a\u00f1os de ser asaltado por delincuente"},"content":{"rendered":"<figure id=\"attachment_65897\" aria-describedby=\"caption-attachment-65897\" style=\"width: 300px\" class=\"wp-caption alignleft\"><img data-recalc-dims=\"1\" loading=\"lazy\" decoding=\"async\" class=\"wp-image-65897 size-medium\" src=\"https:\/\/i0.wp.com\/www.eltrabajo.cl\/portal\/wp-content\/uploads\/2016\/01\/ITALO-300x197.jpg?resize=300%2C197\" alt=\"El imputado \u00cdtalo Salinas Araya de 33 a\u00f1os, con antecedentes delictuales, fue dejado en libertad por el tribunal bajo m\u00ednimas cautelares.El imputado \u00cdtalo Salinas Araya de 33 a\u00f1os, con antecedentes delictuales, fue dejado en libertad por el tribunal bajo m\u00ednimas cautelares.\" width=\"300\" height=\"197\" srcset=\"https:\/\/i0.wp.com\/eltrabajo.cl\/portal\/wp-content\/uploads\/2016\/01\/ITALO.jpg?resize=300%2C197&amp;ssl=1 300w, https:\/\/i0.wp.com\/eltrabajo.cl\/portal\/wp-content\/uploads\/2016\/01\/ITALO.jpg?resize=200%2C131&amp;ssl=1 200w, https:\/\/i0.wp.com\/eltrabajo.cl\/portal\/wp-content\/uploads\/2016\/01\/ITALO.jpg?resize=228%2C150&amp;ssl=1 228w, https:\/\/i0.wp.com\/eltrabajo.cl\/portal\/wp-content\/uploads\/2016\/01\/ITALO.jpg?resize=400%2C263&amp;ssl=1 400w, https:\/\/i0.wp.com\/eltrabajo.cl\/portal\/wp-content\/uploads\/2016\/01\/ITALO.jpg?w=530&amp;ssl=1 530w\" sizes=\"auto, (max-width: 300px) 100vw, 300px\" \/><figcaption id=\"caption-attachment-65897\" class=\"wp-caption-text\">El imputado \u00cdtalo Salinas Araya de 33 a\u00f1os, con antecedentes delictuales, fue dejado en libertad por el tribunal bajo m\u00ednimas cautelares.<\/figcaption><\/figure>\n<ul>\n<li><strong>La v\u00edctima de 22 a\u00f1os fue interceptada por un desconocido que lo tom\u00f3 de uno de sus brazos, intimid\u00e1ndolo verbalmente para que entregara el dinero que portaba.<\/strong><\/li>\n<\/ul>\n<p>Con m\u00ednimas cautelares y en libertad qued\u00f3 un peligroso delincuente que intimid\u00f3 verbalmente a un joven de 22 a\u00f1os para que hiciera entrega de su dinero, cuando \u00e9ste \u00faltimo se dirig\u00eda a comprar cigarrillos a una estaci\u00f3n de servicios ubicada en avenida O\u2019Higgins de San Felipe. Familiares de la v\u00edctima increparon al antisocial que finalmente desisti\u00f3 de su acci\u00f3n, siendo capturado de igual forma por Carabineros.<br \/>\nEl hecho se registr\u00f3 cerca de la medianoche del pasado viernes cuando Carabineros realizaba patrullajes preventivos por la comuna de San Felipe, percat\u00e1ndose que un joven se encontraba en medio de la calzada por avenida Riquelme, manifestando a los efectivos policiales que un sujeto lo intimid\u00f3 verbalmente y lesion\u00f3 uno de sus brazos para asaltarlo.<br \/>\nSeg\u00fan el testimonio de la v\u00edctima, el antisocial lo abord\u00f3 cuando se dirig\u00eda a comprar cigarrillos en un servicentro, donde pretend\u00eda concretar el robo del dinero que portaba, sin embargo los familiares que acompa\u00f1aban al afectado salieron en su ayuda rebatiendo al malhechor.<br \/>\nLa polic\u00eda uniformada en compa\u00f1\u00eda del joven afectado, se trasladaron hasta calle Duc\u00f3, lugar donde se desplazaba el antisocial que fue reconocido por la v\u00edctima como el autor del hecho. No obstante, el sujeto al advertir la presencia policial escap\u00f3 en direcci\u00f3n a la villa 250 A\u00f1os, siendo reducido r\u00e1pidamente por los efectivos policiales.<br \/>\nCarabineros individualiz\u00f3 al imputado como \u00cdtalo Rodrigo Salinas Araya, de 33 a\u00f1os, domiciliado en villa Industrial de San Felipe, quien cuenta con antecedentes delictuales por robo con violencia, robo en lugar no habitado y usurpaci\u00f3n de nombre.<br \/>\nEl acusado fue derivado hasta el Juzgado de Garant\u00eda de San Felipe para ser formalizado por la Fiscal\u00eda, pero este tribunal orden\u00f3 que el imputado obtuviera su libertad bajo m\u00ednimas cautelares de firma mensual en Carabineros, la prohibici\u00f3n de acercarse a la v\u00edctima y arraigo nacional mientras se investiga el caso.<br \/>\n<strong>Pablo Salinas Sald\u00edas<\/strong><\/p>\n","protected":false},"excerpt":{"rendered":"<p>La v\u00edctima de 22 a\u00f1os fue interceptada por un desconocido que lo tom\u00f3 de uno de sus brazos, intimid\u00e1ndolo verbalmente para que entregara el dinero que portaba. Con m\u00ednimas cautelares y en&#8230;<\/p>\n","protected":false},"author":482,"featured_media":65897,"comment_status":"open","ping_status":"open","sticky":false,"template":"","format":"standard","meta":{"advanced_seo_description":"","jetpack_seo_html_title":"","jetpack_seo_noindex":false,"_jetpack_memberships_contains_paid_content":false,"footnotes":""},"categories":[21],"tags":[],"class_list":["post-65896","post","type-post","status-publish","format-standard","has-post-thumbnail","hentry","category-policial"],"jetpack_featured_media_url":"https:\/\/i0.wp.com\/eltrabajo.cl\/portal\/wp-content\/uploads\/2016\/01\/ITALO.jpg?fit=530%2C348&ssl=1","jetpack_sharing_enabled":true,"jetpack_likes_enabled":true,"jetpack-related-posts":[],"_links":{"self":[{"href":"https:\/\/eltrabajo.cl\/portal\/wp-json\/wp\/v2\/posts\/65896","targetHints":{"allow":["GET"]}}],"collection":[{"href":"https:\/\/eltrabajo.cl\/portal\/wp-json\/wp\/v2\/posts"}],"about":[{"href":"https:\/\/eltrabajo.cl\/portal\/wp-json\/wp\/v2\/types\/post"}],"author":[{"embeddable":true,"href":"https:\/\/eltrabajo.cl\/portal\/wp-json\/wp\/v2\/users\/482"}],"replies":[{"embeddable":true,"href":"https:\/\/eltrabajo.cl\/portal\/wp-json\/wp\/v2\/comments?post=65896"}],"version-history":[{"count":0,"href":"https:\/\/eltrabajo.cl\/portal\/wp-json\/wp\/v2\/posts\/65896\/revisions"}],"wp:featuredmedia":[{"embeddable":true,"href":"https:\/\/eltrabajo.cl\/portal\/wp-json\/wp\/v2\/media\/65897"}],"wp:attachment":[{"href":"https:\/\/eltrabajo.cl\/portal\/wp-json\/wp\/v2\/media?parent=65896"}],"wp:term":[{"taxonomy":"category","embeddable":true,"href":"https:\/\/eltrabajo.cl\/portal\/wp-json\/wp\/v2\/categories?post=65896"},{"taxonomy":"post_tag","embeddable":true,"href":"https:\/\/eltrabajo.cl\/portal\/wp-json\/wp\/v2\/tags?post=65896"}],"curies":[{"name":"wp","href":"https:\/\/api.w.org\/{rel}","templated":true}]}}