{"id":65899,"date":"2016-01-18T10:18:36","date_gmt":"2016-01-18T13:18:36","guid":{"rendered":"http:\/\/www.eltrabajo.cl\/portal\/?p=65899"},"modified":"2016-01-18T10:18:36","modified_gmt":"2016-01-18T13:18:36","slug":"multitudinaria-presentacion-del-pasacalle-de-animales-gigantes-artika","status":"publish","type":"post","link":"https:\/\/eltrabajo.cl\/portal\/multitudinaria-presentacion-del-pasacalle-de-animales-gigantes-artika\/","title":{"rendered":"Multitudinaria presentaci\u00f3n del pasacalle de animales gigantes \u2018Artika\u2019"},"content":{"rendered":"<figure id=\"attachment_65900\" aria-describedby=\"caption-attachment-65900\" style=\"width: 300px\" class=\"wp-caption alignleft\"><img data-recalc-dims=\"1\" loading=\"lazy\" decoding=\"async\" class=\"wp-image-65900 size-medium\" src=\"https:\/\/i0.wp.com\/www.eltrabajo.cl\/portal\/wp-content\/uploads\/2016\/01\/Artika-2016-2-300x197.jpg?resize=300%2C197\" alt=\"Miles de personas asistieron a la presentaci\u00f3n del pasacalle \u2018Artika\u2019 este s\u00e1bado en calle Michimalongo. \" width=\"300\" height=\"197\" srcset=\"https:\/\/i0.wp.com\/eltrabajo.cl\/portal\/wp-content\/uploads\/2016\/01\/Artika-2016-2.jpg?resize=300%2C197&amp;ssl=1 300w, https:\/\/i0.wp.com\/eltrabajo.cl\/portal\/wp-content\/uploads\/2016\/01\/Artika-2016-2.jpg?resize=200%2C131&amp;ssl=1 200w, https:\/\/i0.wp.com\/eltrabajo.cl\/portal\/wp-content\/uploads\/2016\/01\/Artika-2016-2.jpg?resize=228%2C150&amp;ssl=1 228w, https:\/\/i0.wp.com\/eltrabajo.cl\/portal\/wp-content\/uploads\/2016\/01\/Artika-2016-2.jpg?resize=400%2C263&amp;ssl=1 400w, https:\/\/i0.wp.com\/eltrabajo.cl\/portal\/wp-content\/uploads\/2016\/01\/Artika-2016-2.jpg?w=530&amp;ssl=1 530w\" sizes=\"auto, (max-width: 300px) 100vw, 300px\" \/><figcaption id=\"caption-attachment-65900\" class=\"wp-caption-text\">Miles de personas asistieron a la presentaci\u00f3n del pasacalle \u2018Artika\u2019 este s\u00e1bado en calle Michimalongo.<\/figcaption><\/figure>\n<p>Todo un \u00e9xito result\u00f3 la presentaci\u00f3n del pasacalle \u2018Artika\u2019 este s\u00e1bado en calle Michimalongo, una obra que presenciaron alrededor de 20 mil personas que llegaron de todo el Valle de Aconcagua, destac\u00f3 la Municipalidad de San Felipe.<br \/>\nDurante toda la tarde los t\u00e9cnicos de la compa\u00f1\u00eda Sarruga prepararon a los animales, dos ping\u00fcinos y dos osos polares, adem\u00e1s de dos iceberg y a las 21 horas en punto comenzaron a recorrer la avenida, en una fiesta de m\u00fasica y luces que maravill\u00f3 a los asistentes y que la fundaci\u00f3n Teatro a Mil trajo por segundo a\u00f1o consecutivo, contando esta vez la historia del \u00e1rtico.<br \/>\nA esa hora los vecinos, la mayor\u00eda acompa\u00f1ados de sus hijos y nietos y muchas familias repletaban la avenida, disfrutando del paso de los animales gigantes y acompa\u00f1\u00e1ndolos en su recorrido hasta la avenida Yungay.<\/p>\n<p><strong>NI\u00d1OS Y ADULTOS<\/strong><br \/>\nEl recorrido fue un verdadero espect\u00e1culo para todos los asistentes, tanto para los ni\u00f1os que se maravillaron con la historia del \u00e1rtico y el tama\u00f1o de los animales, como para los adultos, quienes volvieron a revivir su infancia.<br \/>\n\u201cEsto me parece una linda iniciativa, que nos junta a todos en familia en este lugar, muy lindos los personajes que hemos visto y darle las gracias al Alcalde porque es muy linda iniciativa\u201d, se\u00f1al\u00f3 Patricio Montes, que lleg\u00f3 en familia a disfrutar del espect\u00e1culo. Mientras que Mar\u00eda Ayala dijo que \u201cesto es muy bonito y hay que agradec\u00e9rselo al Alcalde, porque todo lo que hace, lo hace por la gente de San Felipe\u201d, y Claudio Cerda encontr\u00f3 la obra \u201cmuy bonita y entretenida, especialmente para los ni\u00f1os y para la familia en general\u201d.<br \/>\nEl alcalde Patricio Freire acompa\u00f1\u00f3 a los vecinos en el recorrido por avenida Michimalongo y destac\u00f3 el convenio que San Felipe mantiene con la fundaci\u00f3n Teatro a Mil, lo que permite traer a la comuna este tipo de espect\u00e1culos de nivel nacional e internacional.<br \/>\n\u201cEstamos muy contentos con la Fundaci\u00f3n Teatro a Mil, con estas compa\u00f1\u00edas a nivel internacional, los vecinos del Valle de Aconcagua estamos encantad\u00edsimos con estos grandes espect\u00e1culos\u201d, dijo el jefe comunal, mientras que la concejal Jeanette Sotomayor se\u00f1al\u00f3 que \u201cse super\u00f3 el p\u00fablico que esper\u00e1bamos y vimos a los ni\u00f1os felices con esta fantas\u00eda, el oso polar, los ping\u00fcinos y tambi\u00e9n nos llama a la conciencia de cuidar nuestro medio ambiente\u201d.<br \/>\nPor su parte Paco Guti\u00e9rrez, director de la compa\u00f1\u00eda, se mostr\u00f3 feliz de la presentaci\u00f3n de la obra y sobre todo de la respuesta del p\u00fablico, tal como ocurri\u00f3 el a\u00f1o pasado con la presentaci\u00f3n de \u2018Hannabas\u2019.<br \/>\n\u201cEsto ha sido espectacular, hemos repetido las emociones del a\u00f1o pasado, con los nuevos animales, con el mensaje del \u00e1rtico, que tenemos que cuidar el planeta en una fiesta colectiva, donde todos han participado, creo que los vecinos han disfrutado tanto como nosotros, gracias por invitarnos otra vez, adem\u00e1s es muy importante facilitar a la gente de fuera de Santiago que pueda disfrutar de fiestas de este tipo y de eventos culturales de este tipo, porque est\u00e1 claro que lo disfrutan y tienen muchas ganas de celebrarlo\u201d.<\/p>\n<p><strong>UN \u00c9XITO TEATRO A MIL ESTE 2016<\/strong><br \/>\nCon la presentaci\u00f3n de \u2018Artika\u2019 culmin\u00f3 el Festival Teatro a Mil en San Felipe, con un rotundo \u00e9xito de p\u00fablico, ya que todas las obras llenaron los recintos donde se presentaron, dejando de manifiesto que los vecinos esperan y disfrutan de estos espect\u00e1culos de nivel internacional que llegan a San Felipe en el marco de la gesti\u00f3n del alcalde Patricio Freire.<\/p>\n<div class=\"tiled-gallery type-rectangular tiled-gallery-unresized\" data-original-width=\"640\" data-carousel-extra='null' itemscope itemtype=\"http:\/\/schema.org\/ImageGallery\" > <div class=\"gallery-row\" style=\"width: 640px; height: 213px;\" data-original-width=\"640\" data-original-height=\"213\" > <div class=\"gallery-group images-1\" style=\"width: 320px; height: 213px;\" data-original-width=\"320\" data-original-height=\"213\" > <div class=\"tiled-gallery-item tiled-gallery-item-large\" itemprop=\"associatedMedia\" itemscope itemtype=\"http:\/\/schema.org\/ImageObject\"> <a href=\"https:\/\/eltrabajo.cl\/portal\/multitudinaria-presentacion-del-pasacalle-de-animales-gigantes-artika\/artika-2016-3\/\" border=\"0\" itemprop=\"url\"> <meta itemprop=\"width\" content=\"316\"> <meta itemprop=\"height\" content=\"209\"> <img decoding=\"async\" class=\"\" data-attachment-id=\"65902\" data-orig-file=\"https:\/\/eltrabajo.cl\/portal\/wp-content\/uploads\/2016\/01\/Artika-2016-3.jpg\" data-orig-size=\"530,350\" data-comments-opened=\"1\" data-image-meta=\"{&quot;aperture&quot;:&quot;0&quot;,&quot;credit&quot;:&quot;&quot;,&quot;camera&quot;:&quot;&quot;,&quot;caption&quot;:&quot;&quot;,&quot;created_timestamp&quot;:&quot;0&quot;,&quot;copyright&quot;:&quot;&quot;,&quot;focal_length&quot;:&quot;0&quot;,&quot;iso&quot;:&quot;0&quot;,&quot;shutter_speed&quot;:&quot;0&quot;,&quot;title&quot;:&quot;&quot;,&quot;orientation&quot;:&quot;0&quot;}\" data-image-title=\"Artika 2016 (3)\" data-image-description=\"&lt;p&gt;La presentaci\u00f3n realizada el s\u00e1bado cerr\u00f3 el ciclo de espect\u00e1culos de Teatro a Mil este verano en San Felipe.&lt;\/p&gt; \" data-medium-file=\"https:\/\/i0.wp.com\/eltrabajo.cl\/portal\/wp-content\/uploads\/2016\/01\/Artika-2016-3.jpg?fit=300%2C198&#038;ssl=1\" data-large-file=\"https:\/\/i0.wp.com\/eltrabajo.cl\/portal\/wp-content\/uploads\/2016\/01\/Artika-2016-3.jpg?fit=530%2C350&#038;ssl=1\" src=\"https:\/\/i0.wp.com\/eltrabajo.cl\/portal\/wp-content\/uploads\/2016\/01\/Artika-2016-3.jpg?w=316&#038;h=209&#038;ssl=1\" srcset=\"https:\/\/i0.wp.com\/eltrabajo.cl\/portal\/wp-content\/uploads\/2016\/01\/Artika-2016-3.jpg?w=530&amp;ssl=1 530w, https:\/\/i0.wp.com\/eltrabajo.cl\/portal\/wp-content\/uploads\/2016\/01\/Artika-2016-3.jpg?resize=200%2C132&amp;ssl=1 200w, https:\/\/i0.wp.com\/eltrabajo.cl\/portal\/wp-content\/uploads\/2016\/01\/Artika-2016-3.jpg?resize=300%2C198&amp;ssl=1 300w, https:\/\/i0.wp.com\/eltrabajo.cl\/portal\/wp-content\/uploads\/2016\/01\/Artika-2016-3.jpg?resize=227%2C150&amp;ssl=1 227w, https:\/\/i0.wp.com\/eltrabajo.cl\/portal\/wp-content\/uploads\/2016\/01\/Artika-2016-3.jpg?resize=400%2C264&amp;ssl=1 400w\" width=\"316\" height=\"209\" loading=\"lazy\" data-original-width=\"316\" data-original-height=\"209\" itemprop=\"http:\/\/schema.org\/image\" title=\"Artika 2016 (3)\" alt=\"La presentaci\u00f3n realizada el s\u00e1bado cerr\u00f3 el ciclo de espect\u00e1culos de Teatro a Mil este verano en San Felipe.La presentaci\u00f3n realizada el s\u00e1bado cerr\u00f3 el ciclo de espect\u00e1culos de Teatro a Mil este verano en San Felipe.\" style=\"width: 316px; height: 209px;\" \/> <\/a> <div class=\"tiled-gallery-caption\" itemprop=\"caption description\"> La presentaci\u00f3n realizada el s\u00e1bado cerr\u00f3 el ciclo de espect\u00e1culos de Teatro a Mil este verano en San Felipe. <\/div> <\/div> <\/div> <!-- close group --> <div class=\"gallery-group images-1\" style=\"width: 320px; height: 213px;\" data-original-width=\"320\" data-original-height=\"213\" > <div class=\"tiled-gallery-item tiled-gallery-item-large\" itemprop=\"associatedMedia\" itemscope itemtype=\"http:\/\/schema.org\/ImageObject\"> <a href=\"https:\/\/eltrabajo.cl\/portal\/multitudinaria-presentacion-del-pasacalle-de-animales-gigantes-artika\/alcalde-freire-16\/\" border=\"0\" itemprop=\"url\"> <meta itemprop=\"width\" content=\"316\"> <meta itemprop=\"height\" content=\"209\"> <img decoding=\"async\" class=\"\" data-attachment-id=\"65901\" data-orig-file=\"https:\/\/eltrabajo.cl\/portal\/wp-content\/uploads\/2016\/01\/ALCALDE-FREIRE.jpg\" data-orig-size=\"530,350\" data-comments-opened=\"1\" data-image-meta=\"{&quot;aperture&quot;:&quot;0&quot;,&quot;credit&quot;:&quot;&quot;,&quot;camera&quot;:&quot;&quot;,&quot;caption&quot;:&quot;&quot;,&quot;created_timestamp&quot;:&quot;0&quot;,&quot;copyright&quot;:&quot;&quot;,&quot;focal_length&quot;:&quot;0&quot;,&quot;iso&quot;:&quot;0&quot;,&quot;shutter_speed&quot;:&quot;0&quot;,&quot;title&quot;:&quot;&quot;,&quot;orientation&quot;:&quot;0&quot;}\" data-image-title=\"ALCALDE FREIRE\" data-image-description=\"&lt;p&gt;El alcalde Patricio Freire destac\u00f3 la actividad.&lt;\/p&gt; \" data-medium-file=\"https:\/\/i0.wp.com\/eltrabajo.cl\/portal\/wp-content\/uploads\/2016\/01\/ALCALDE-FREIRE.jpg?fit=300%2C198&#038;ssl=1\" data-large-file=\"https:\/\/i0.wp.com\/eltrabajo.cl\/portal\/wp-content\/uploads\/2016\/01\/ALCALDE-FREIRE.jpg?fit=530%2C350&#038;ssl=1\" src=\"https:\/\/i0.wp.com\/eltrabajo.cl\/portal\/wp-content\/uploads\/2016\/01\/ALCALDE-FREIRE.jpg?w=316&#038;h=209&#038;ssl=1\" srcset=\"https:\/\/i0.wp.com\/eltrabajo.cl\/portal\/wp-content\/uploads\/2016\/01\/ALCALDE-FREIRE.jpg?w=530&amp;ssl=1 530w, https:\/\/i0.wp.com\/eltrabajo.cl\/portal\/wp-content\/uploads\/2016\/01\/ALCALDE-FREIRE.jpg?resize=200%2C132&amp;ssl=1 200w, https:\/\/i0.wp.com\/eltrabajo.cl\/portal\/wp-content\/uploads\/2016\/01\/ALCALDE-FREIRE.jpg?resize=300%2C198&amp;ssl=1 300w, https:\/\/i0.wp.com\/eltrabajo.cl\/portal\/wp-content\/uploads\/2016\/01\/ALCALDE-FREIRE.jpg?resize=227%2C150&amp;ssl=1 227w, https:\/\/i0.wp.com\/eltrabajo.cl\/portal\/wp-content\/uploads\/2016\/01\/ALCALDE-FREIRE.jpg?resize=400%2C264&amp;ssl=1 400w\" width=\"316\" height=\"209\" loading=\"lazy\" data-original-width=\"316\" data-original-height=\"209\" itemprop=\"http:\/\/schema.org\/image\" title=\"ALCALDE FREIRE\" alt=\"El alcalde Patricio Freire destac\u00f3 la actividad.\" style=\"width: 316px; height: 209px;\" \/> <\/a> <div class=\"tiled-gallery-caption\" itemprop=\"caption description\"> El alcalde Patricio Freire destac\u00f3 la actividad. <\/div> <\/div> <\/div> <!-- close group --> <\/div> <!-- close row --> <\/div>\n","protected":false},"excerpt":{"rendered":"<p>Todo un \u00e9xito result\u00f3 la presentaci\u00f3n del pasacalle \u2018Artika\u2019 este s\u00e1bado en calle Michimalongo, una obra que presenciaron alrededor de 20 mil personas que llegaron de todo el Valle de Aconcagua, destac\u00f3&#8230;<\/p>\n","protected":false},"author":482,"featured_media":65900,"comment_status":"open","ping_status":"open","sticky":false,"template":"","format":"standard","meta":{"advanced_seo_description":"","jetpack_seo_html_title":"","jetpack_seo_noindex":false,"_jetpack_memberships_contains_paid_content":false,"footnotes":""},"categories":[15],"tags":[],"class_list":["post-65899","post","type-post","status-publish","format-standard","has-post-thumbnail","hentry","category-comunidad"],"jetpack_featured_media_url":"https:\/\/i0.wp.com\/eltrabajo.cl\/portal\/wp-content\/uploads\/2016\/01\/Artika-2016-2.jpg?fit=530%2C348&ssl=1","jetpack_sharing_enabled":true,"jetpack_likes_enabled":true,"jetpack-related-posts":[],"_links":{"self":[{"href":"https:\/\/eltrabajo.cl\/portal\/wp-json\/wp\/v2\/posts\/65899","targetHints":{"allow":["GET"]}}],"collection":[{"href":"https:\/\/eltrabajo.cl\/portal\/wp-json\/wp\/v2\/posts"}],"about":[{"href":"https:\/\/eltrabajo.cl\/portal\/wp-json\/wp\/v2\/types\/post"}],"author":[{"embeddable":true,"href":"https:\/\/eltrabajo.cl\/portal\/wp-json\/wp\/v2\/users\/482"}],"replies":[{"embeddable":true,"href":"https:\/\/eltrabajo.cl\/portal\/wp-json\/wp\/v2\/comments?post=65899"}],"version-history":[{"count":0,"href":"https:\/\/eltrabajo.cl\/portal\/wp-json\/wp\/v2\/posts\/65899\/revisions"}],"wp:featuredmedia":[{"embeddable":true,"href":"https:\/\/eltrabajo.cl\/portal\/wp-json\/wp\/v2\/media\/65900"}],"wp:attachment":[{"href":"https:\/\/eltrabajo.cl\/portal\/wp-json\/wp\/v2\/media?parent=65899"}],"wp:term":[{"taxonomy":"category","embeddable":true,"href":"https:\/\/eltrabajo.cl\/portal\/wp-json\/wp\/v2\/categories?post=65899"},{"taxonomy":"post_tag","embeddable":true,"href":"https:\/\/eltrabajo.cl\/portal\/wp-json\/wp\/v2\/tags?post=65899"}],"curies":[{"name":"wp","href":"https:\/\/api.w.org\/{rel}","templated":true}]}}