{"id":65904,"date":"2016-01-19T09:37:15","date_gmt":"2016-01-19T12:37:15","guid":{"rendered":"http:\/\/www.eltrabajo.cl\/portal\/?p=65904"},"modified":"2016-01-19T09:37:15","modified_gmt":"2016-01-19T12:37:15","slug":"junto-a-atletas-destacados-se-realizo-campeonato-master-y-todo-competidor-de-atletismo","status":"publish","type":"post","link":"https:\/\/eltrabajo.cl\/portal\/junto-a-atletas-destacados-se-realizo-campeonato-master-y-todo-competidor-de-atletismo\/","title":{"rendered":"Junto a atletas destacados se realiz\u00f3 Campeonato M\u00e1ster y Todo Competidor de Atletismo"},"content":{"rendered":"<figure id=\"attachment_65905\" aria-describedby=\"caption-attachment-65905\" style=\"width: 300px\" class=\"wp-caption alignleft\"><img data-recalc-dims=\"1\" loading=\"lazy\" decoding=\"async\" class=\"wp-image-65905 size-medium\" src=\"https:\/\/i0.wp.com\/www.eltrabajo.cl\/portal\/wp-content\/uploads\/2016\/01\/Campeonato-Atletismo-Llay-Llay-300x198.jpg?resize=300%2C198\" alt=\"Junto a destacados competidores y sin importar el calor, se llev\u00f3 a cabo en el Estadio Municipal de Llay Llay el Campeonato M\u00e1ster y Todo Competidor de Atletismo.\" width=\"300\" height=\"198\" srcset=\"https:\/\/i0.wp.com\/eltrabajo.cl\/portal\/wp-content\/uploads\/2016\/01\/Campeonato-Atletismo-Llay-Llay.jpg?resize=300%2C198&amp;ssl=1 300w, https:\/\/i0.wp.com\/eltrabajo.cl\/portal\/wp-content\/uploads\/2016\/01\/Campeonato-Atletismo-Llay-Llay.jpg?resize=200%2C132&amp;ssl=1 200w, https:\/\/i0.wp.com\/eltrabajo.cl\/portal\/wp-content\/uploads\/2016\/01\/Campeonato-Atletismo-Llay-Llay.jpg?resize=227%2C150&amp;ssl=1 227w, https:\/\/i0.wp.com\/eltrabajo.cl\/portal\/wp-content\/uploads\/2016\/01\/Campeonato-Atletismo-Llay-Llay.jpg?resize=400%2C264&amp;ssl=1 400w, https:\/\/i0.wp.com\/eltrabajo.cl\/portal\/wp-content\/uploads\/2016\/01\/Campeonato-Atletismo-Llay-Llay.jpg?w=530&amp;ssl=1 530w\" sizes=\"auto, (max-width: 300px) 100vw, 300px\" \/><figcaption id=\"caption-attachment-65905\" class=\"wp-caption-text\">Junto a destacados competidores y sin importar el calor, se llev\u00f3 a cabo en el Estadio Municipal de Llay Llay el Campeonato M\u00e1ster y Todo Competidor de Atletismo.<\/figcaption><\/figure>\n<p><strong>LLAY LLAY.-<\/strong> El certamen se desarroll\u00f3 en la ciudad de Llay Llay con m\u00e1s de 30\u00ba grados de temperatura y bajo un sol radiante en el Estadio Municipal como preparativo para el nacional que espera un gran n\u00famero de competidores.<br \/>\nEl torneo cont\u00f3 con la participaci\u00f3n de atletas provenientes de Santiago, Valpara\u00edso, Vi\u00f1a del Mar, Los Andes y Llay Llay y fue financiado por el Gobierno Regional a trav\u00e9s de un proyecto participativo.<br \/>\nEntre las atletas destacadas que tomaron parte, se puede mencionar a Martina Chamorro, competidora del Club Atl\u00e9tico Los Andes, Bicampeona Sudamericana de los 400 mt. planos y los 2.000 con obst\u00e1culos, quien se\u00f1al\u00f3 \u00abEncontr\u00e9 fant\u00e1stico haber estado en Llay Llay, el sol estuvo muy fuerte, fue un campeonato muy bien organizado, estuvimos muy bien atendidos, lo malo fue la pista que estaba muy dura, vinieron atletas de 2 regiones y estamos muy contentos de haber participado\u00bb.<br \/>\nCarlos Rubio, uno de los organizadores, se\u00f1al\u00f3, \u00abSe hizo un proyecto al Gobierno Regional, para fomentar la participaci\u00f3n de los Master en Aconcagua, vino mucha gente, estamos muy contentos, agradecemos el apoyo del municipio de Llay Llay, del Gobierno Regional y de todos los atletas que asistieron a esta cita deportiva\u00bb.<br \/>\nOtra gran atleta que particip\u00f3 en el encuentro deportivo fue Ester Cabrie, quien es doble Campeona Sudamericana y adem\u00e1s ha participado en el Mundial de la especialidad, \u00abFue un muy buen torneo, muy bien organizado, con mucho calor, agradecemos que se nos haya invitado y nos vamos muy contentas de haber venido\u00bb, finaliz\u00f3 diciendo. Los organizadores la Escuela Infantil de Deportes Llay Llay y los atletas participantes, esperar poder realizar y participar de una nueva versi\u00f3n.<\/p>\n","protected":false},"excerpt":{"rendered":"<p>LLAY LLAY.- El certamen se desarroll\u00f3 en la ciudad de Llay Llay con m\u00e1s de 30\u00ba grados de temperatura y bajo un sol radiante en el Estadio Municipal como preparativo para el&#8230;<\/p>\n","protected":false},"author":482,"featured_media":65905,"comment_status":"open","ping_status":"open","sticky":false,"template":"","format":"standard","meta":{"advanced_seo_description":"","jetpack_seo_html_title":"","jetpack_seo_noindex":false,"_jetpack_memberships_contains_paid_content":false,"footnotes":""},"categories":[15],"tags":[],"class_list":["post-65904","post","type-post","status-publish","format-standard","has-post-thumbnail","hentry","category-comunidad"],"jetpack_featured_media_url":"https:\/\/i0.wp.com\/eltrabajo.cl\/portal\/wp-content\/uploads\/2016\/01\/Campeonato-Atletismo-Llay-Llay.jpg?fit=530%2C350&ssl=1","jetpack_sharing_enabled":true,"jetpack_likes_enabled":true,"jetpack-related-posts":[],"_links":{"self":[{"href":"https:\/\/eltrabajo.cl\/portal\/wp-json\/wp\/v2\/posts\/65904","targetHints":{"allow":["GET"]}}],"collection":[{"href":"https:\/\/eltrabajo.cl\/portal\/wp-json\/wp\/v2\/posts"}],"about":[{"href":"https:\/\/eltrabajo.cl\/portal\/wp-json\/wp\/v2\/types\/post"}],"author":[{"embeddable":true,"href":"https:\/\/eltrabajo.cl\/portal\/wp-json\/wp\/v2\/users\/482"}],"replies":[{"embeddable":true,"href":"https:\/\/eltrabajo.cl\/portal\/wp-json\/wp\/v2\/comments?post=65904"}],"version-history":[{"count":0,"href":"https:\/\/eltrabajo.cl\/portal\/wp-json\/wp\/v2\/posts\/65904\/revisions"}],"wp:featuredmedia":[{"embeddable":true,"href":"https:\/\/eltrabajo.cl\/portal\/wp-json\/wp\/v2\/media\/65905"}],"wp:attachment":[{"href":"https:\/\/eltrabajo.cl\/portal\/wp-json\/wp\/v2\/media?parent=65904"}],"wp:term":[{"taxonomy":"category","embeddable":true,"href":"https:\/\/eltrabajo.cl\/portal\/wp-json\/wp\/v2\/categories?post=65904"},{"taxonomy":"post_tag","embeddable":true,"href":"https:\/\/eltrabajo.cl\/portal\/wp-json\/wp\/v2\/tags?post=65904"}],"curies":[{"name":"wp","href":"https:\/\/api.w.org\/{rel}","templated":true}]}}