{"id":65907,"date":"2016-01-19T09:38:25","date_gmt":"2016-01-19T12:38:25","guid":{"rendered":"http:\/\/www.eltrabajo.cl\/portal\/?p=65907"},"modified":"2016-01-19T09:38:25","modified_gmt":"2016-01-19T12:38:25","slug":"desde-8-al-13-de-febrero-se-realizara-la-chaya-de-los-andes","status":"publish","type":"post","link":"https:\/\/eltrabajo.cl\/portal\/desde-8-al-13-de-febrero-se-realizara-la-chaya-de-los-andes\/","title":{"rendered":"Desde 8 al 13 de febrero se realizar\u00e1 la Chaya de Los Andes"},"content":{"rendered":"<figure id=\"attachment_65908\" aria-describedby=\"caption-attachment-65908\" style=\"width: 300px\" class=\"wp-caption alignleft\"><img data-recalc-dims=\"1\" loading=\"lazy\" decoding=\"async\" class=\"wp-image-65908 size-medium\" src=\"https:\/\/i0.wp.com\/www.eltrabajo.cl\/portal\/wp-content\/uploads\/2016\/01\/Francisca-Valenzuela-300x197.jpg?resize=300%2C197\" alt=\"La cantante nacional Francisca Valenzuela, participar\u00e1 de una nueva versi\u00f3n de la Chaya 2016 en la Plaza de Armas de Los Andes.\" width=\"300\" height=\"197\" srcset=\"https:\/\/i0.wp.com\/eltrabajo.cl\/portal\/wp-content\/uploads\/2016\/01\/Francisca-Valenzuela.jpg?resize=300%2C197&amp;ssl=1 300w, https:\/\/i0.wp.com\/eltrabajo.cl\/portal\/wp-content\/uploads\/2016\/01\/Francisca-Valenzuela.jpg?resize=200%2C131&amp;ssl=1 200w, https:\/\/i0.wp.com\/eltrabajo.cl\/portal\/wp-content\/uploads\/2016\/01\/Francisca-Valenzuela.jpg?resize=228%2C150&amp;ssl=1 228w, https:\/\/i0.wp.com\/eltrabajo.cl\/portal\/wp-content\/uploads\/2016\/01\/Francisca-Valenzuela.jpg?resize=400%2C263&amp;ssl=1 400w, https:\/\/i0.wp.com\/eltrabajo.cl\/portal\/wp-content\/uploads\/2016\/01\/Francisca-Valenzuela.jpg?w=530&amp;ssl=1 530w\" sizes=\"auto, (max-width: 300px) 100vw, 300px\" \/><figcaption id=\"caption-attachment-65908\" class=\"wp-caption-text\">La cantante nacional Francisca Valenzuela, participar\u00e1 de una nueva versi\u00f3n de la Chaya 2016 en la Plaza de Armas de Los Andes.<\/figcaption><\/figure>\n<ul>\n<li><strong>Municipio confirm\u00f3 el show de Francisca Valenzuela, Lucybell y Los Tres.<\/strong><\/li>\n<\/ul>\n<p><strong>LOS ANDES.<\/strong>&#8211; El popular cantante argentino Leo Dan, \u00eddolo de varias generaciones, ser\u00e1 uno de los n\u00fameros estelares de la Fiesta de la Chaya de Los Andes, que se realizar\u00e1 del 8 al 13 de febrero, en la Plaza de Armas.<br \/>\nEl evento organizado por el municipio andino ofrecer\u00e1, en su primera jornada, la actuaci\u00f3n de Francisca Valenzuela, quien -tras cuatro a\u00f1os de ausencia- volver\u00e1 a Los Andes a mostrar su exitosa evoluci\u00f3n musical, con varias de sus canciones en la lista de favoritas de un p\u00fablico cada vez m\u00e1s amplio.<br \/>\nEl martes 9 ser\u00e1 el turno de Lucybell, banda con una de las trayectorias m\u00e1s s\u00f3lidas en la escena del rock chileno, lo que le ha permitido sumar gran n\u00famero de seguidores a su intensa y sofisticada propuesta musical. Esa noche, ser\u00e1n precedidos por We Are The Grand, agrupaci\u00f3n de rock independiente, cuya calidad los llev\u00f3 a formar parte del line-up oficial del Festival Lollapalooza Chile 2012, adem\u00e1s de participar el 2014 en el homenaje a Gustavo Cerati, con una notable versi\u00f3n de \u2018Entre Can\u00edbales\u2019.<br \/>\nEl mi\u00e9rcoles 10 est\u00e1 reservado para Leo Dan. Ser\u00e1 la primera vez que actuar\u00e1 en Los Andes esta leyenda de la m\u00fasica popular latinoamericana, autor e int\u00e9rprete de m\u00e1s de mil temas, entre ellos, grandes cl\u00e1sicos como \u2018Te he Prometido\u2019 y \u2018Como te extra\u00f1o, mi amor\u2019.<br \/>\nLa fiesta continuara el jueves 11, con Los Tres. El grupo de \u00c1lvaro Henr\u00edquez y Titae Lindl no requiere mayor presentaci\u00f3n, s\u00f3lo adelantar que tocar\u00e1n sus principales \u00e9xitos cosechados en una docena de \u00e1lbumes, a lo largo de una carrera de m\u00e1s de 25 a\u00f1os.<br \/>\nPara el viernes 12, confirm\u00f3 su presencia el grupo Los Tetas, una de las bandas m\u00e1s emblem\u00e1ticas de Funk chileno, conocida por fusionar sonidos como el hip-hop, el rock y el soul.<br \/>\nFinalmente, el s\u00e1bado 13 ser\u00e1 la noche de la Banda Rex, talentosos m\u00fasicos aconcag\u00fcinos que prometen hacer bailar al p\u00fablico de la Plaza de Armas, con una presentaci\u00f3n llena de energ\u00eda.<br \/>\nEl alcalde Mauricio Navarro realiz\u00f3 una invitaci\u00f3n a disfrutar en esta gran fiesta del verano en Aconcagua, que nuevamente ofrecer\u00e1 un alto nivel art\u00edstico y t\u00e9cnico. \u00abUna vez m\u00e1s, en Los Andes le entregaremos a todos los aconcag\u00fcinos una fiesta gratuita con grandes artistas y para todos los gustos, recordando que en los \u00faltimos a\u00f1os hemos podido disfrutar presentaciones memorables, como las de Ana Tijoux, Chico Trujillo, Los Bunkers, Shamanes, Juan F\u00e9, Tommy Rey, entre muchos otros\u00bb, destac\u00f3.<\/p>\n","protected":false},"excerpt":{"rendered":"<p>Municipio confirm\u00f3 el show de Francisca Valenzuela, Lucybell y Los Tres. LOS ANDES.&#8211; El popular cantante argentino Leo Dan, \u00eddolo de varias generaciones, ser\u00e1 uno de los n\u00fameros estelares de la Fiesta&#8230;<\/p>\n","protected":false},"author":482,"featured_media":65908,"comment_status":"open","ping_status":"open","sticky":false,"template":"","format":"standard","meta":{"advanced_seo_description":"","jetpack_seo_html_title":"","jetpack_seo_noindex":false,"_jetpack_memberships_contains_paid_content":false,"footnotes":""},"categories":[15],"tags":[],"class_list":["post-65907","post","type-post","status-publish","format-standard","has-post-thumbnail","hentry","category-comunidad"],"jetpack_featured_media_url":"https:\/\/i0.wp.com\/eltrabajo.cl\/portal\/wp-content\/uploads\/2016\/01\/Francisca-Valenzuela.jpg?fit=530%2C348&ssl=1","jetpack_sharing_enabled":true,"jetpack_likes_enabled":true,"jetpack-related-posts":[],"_links":{"self":[{"href":"https:\/\/eltrabajo.cl\/portal\/wp-json\/wp\/v2\/posts\/65907","targetHints":{"allow":["GET"]}}],"collection":[{"href":"https:\/\/eltrabajo.cl\/portal\/wp-json\/wp\/v2\/posts"}],"about":[{"href":"https:\/\/eltrabajo.cl\/portal\/wp-json\/wp\/v2\/types\/post"}],"author":[{"embeddable":true,"href":"https:\/\/eltrabajo.cl\/portal\/wp-json\/wp\/v2\/users\/482"}],"replies":[{"embeddable":true,"href":"https:\/\/eltrabajo.cl\/portal\/wp-json\/wp\/v2\/comments?post=65907"}],"version-history":[{"count":0,"href":"https:\/\/eltrabajo.cl\/portal\/wp-json\/wp\/v2\/posts\/65907\/revisions"}],"wp:featuredmedia":[{"embeddable":true,"href":"https:\/\/eltrabajo.cl\/portal\/wp-json\/wp\/v2\/media\/65908"}],"wp:attachment":[{"href":"https:\/\/eltrabajo.cl\/portal\/wp-json\/wp\/v2\/media?parent=65907"}],"wp:term":[{"taxonomy":"category","embeddable":true,"href":"https:\/\/eltrabajo.cl\/portal\/wp-json\/wp\/v2\/categories?post=65907"},{"taxonomy":"post_tag","embeddable":true,"href":"https:\/\/eltrabajo.cl\/portal\/wp-json\/wp\/v2\/tags?post=65907"}],"curies":[{"name":"wp","href":"https:\/\/api.w.org\/{rel}","templated":true}]}}