{"id":65910,"date":"2016-01-19T09:39:24","date_gmt":"2016-01-19T12:39:24","guid":{"rendered":"http:\/\/www.eltrabajo.cl\/portal\/?p=65910"},"modified":"2016-01-19T09:39:24","modified_gmt":"2016-01-19T12:39:24","slug":"seleccionan-a-14-jovenes-de-aconcagua-para-formarse-como-carabineros-de-orden-y-seguridad","status":"publish","type":"post","link":"https:\/\/eltrabajo.cl\/portal\/seleccionan-a-14-jovenes-de-aconcagua-para-formarse-como-carabineros-de-orden-y-seguridad\/","title":{"rendered":"Seleccionan a 14 j\u00f3venes de Aconcagua para formarse como Carabineros de Orden y Seguridad"},"content":{"rendered":"<figure id=\"attachment_65911\" aria-describedby=\"caption-attachment-65911\" style=\"width: 300px\" class=\"wp-caption alignleft\"><img data-recalc-dims=\"1\" loading=\"lazy\" decoding=\"async\" class=\"wp-image-65911 size-medium\" src=\"https:\/\/i0.wp.com\/www.eltrabajo.cl\/portal\/wp-content\/uploads\/2016\/01\/Stand-difucion-Carabineros-300x197.jpg?resize=300%2C197\" alt=\"Los j\u00f3venes seleccionados comenzar\u00e1n sus estudios en las diferentes sedes que posee la Escuela de Formaci\u00f3n de la instituci\u00f3n de las carabinas cruzadas y en la Escuela de Suboficiales.\" width=\"300\" height=\"197\" srcset=\"https:\/\/i0.wp.com\/eltrabajo.cl\/portal\/wp-content\/uploads\/2016\/01\/Stand-difucion-Carabineros.jpg?resize=300%2C197&amp;ssl=1 300w, https:\/\/i0.wp.com\/eltrabajo.cl\/portal\/wp-content\/uploads\/2016\/01\/Stand-difucion-Carabineros.jpg?resize=200%2C131&amp;ssl=1 200w, https:\/\/i0.wp.com\/eltrabajo.cl\/portal\/wp-content\/uploads\/2016\/01\/Stand-difucion-Carabineros.jpg?resize=228%2C150&amp;ssl=1 228w, https:\/\/i0.wp.com\/eltrabajo.cl\/portal\/wp-content\/uploads\/2016\/01\/Stand-difucion-Carabineros.jpg?resize=400%2C263&amp;ssl=1 400w, https:\/\/i0.wp.com\/eltrabajo.cl\/portal\/wp-content\/uploads\/2016\/01\/Stand-difucion-Carabineros.jpg?w=530&amp;ssl=1 530w\" sizes=\"auto, (max-width: 300px) 100vw, 300px\" \/><figcaption id=\"caption-attachment-65911\" class=\"wp-caption-text\">Los j\u00f3venes seleccionados comenzar\u00e1n sus estudios en las diferentes sedes que posee la Escuela de Formaci\u00f3n de la instituci\u00f3n de las carabinas cruzadas y en la Escuela de Suboficiales.<\/figcaption><\/figure>\n<p>14 j\u00f3venes de las comunas de Los Andes y San Felipe fueron seleccionados por el Departamento de Reclutamiento y Selecci\u00f3n de la polic\u00eda uniformada, para iniciar su proceso de formaci\u00f3n que les permitir\u00e1 transformarse en Carabineros del escalaf\u00f3n de Orden y Seguridad.<br \/>\nAsimismo, seg\u00fan inform\u00f3 personal de la Oficina de Postulaciones Aconcagua, otros 3 oponentes resultaron aceptados para iniciar estudios para el escalaf\u00f3n de Secretar\u00eda, el cual lo conforman polic\u00edas que desempe\u00f1an labores administrativas, al interior de los cuarteles.<br \/>\nDe ahora en adelante, estos 17 Carabineros alumnos, comenzar\u00e1n sus estudios en las diferentes sedes que posee la Escuela de Formaci\u00f3n de la instituci\u00f3n de las carabinas cruzadas y en la Escuela de Suboficiales (para el caso del escalaf\u00f3n de Secretar\u00eda), en un proceso internado de dos semestres acad\u00e9micos de duraci\u00f3n.<br \/>\nFinalmente, Carabineros inform\u00f3 que los felices seleccionados son Benjam\u00edn Arredondo, Francisco Chamorro, Jos\u00e9 Delgado, Fabi\u00e1n Estay, Nicol\u00e1s Herrera, Leonardo Lazcano, Nelson Lobos, V\u00edctor P\u00e1ez, Adolfo Silva, Cristian Vega, Manuel Vergara, Mart\u00edn Molina, Marcos Onell, Sebasti\u00e1n Rombado, Francisco C\u00e1rcamo, Fabrizzio L\u00f3pez y Catalina Salinas.<\/p>\n","protected":false},"excerpt":{"rendered":"<p>14 j\u00f3venes de las comunas de Los Andes y San Felipe fueron seleccionados por el Departamento de Reclutamiento y Selecci\u00f3n de la polic\u00eda uniformada, para iniciar su proceso de formaci\u00f3n que les&#8230;<\/p>\n","protected":false},"author":482,"featured_media":65911,"comment_status":"open","ping_status":"open","sticky":false,"template":"","format":"standard","meta":{"advanced_seo_description":"","jetpack_seo_html_title":"","jetpack_seo_noindex":false,"_jetpack_memberships_contains_paid_content":false,"footnotes":""},"categories":[15],"tags":[],"class_list":["post-65910","post","type-post","status-publish","format-standard","has-post-thumbnail","hentry","category-comunidad"],"jetpack_featured_media_url":"https:\/\/i0.wp.com\/eltrabajo.cl\/portal\/wp-content\/uploads\/2016\/01\/Stand-difucion-Carabineros.jpg?fit=530%2C348&ssl=1","jetpack_sharing_enabled":true,"jetpack_likes_enabled":true,"jetpack-related-posts":[],"_links":{"self":[{"href":"https:\/\/eltrabajo.cl\/portal\/wp-json\/wp\/v2\/posts\/65910","targetHints":{"allow":["GET"]}}],"collection":[{"href":"https:\/\/eltrabajo.cl\/portal\/wp-json\/wp\/v2\/posts"}],"about":[{"href":"https:\/\/eltrabajo.cl\/portal\/wp-json\/wp\/v2\/types\/post"}],"author":[{"embeddable":true,"href":"https:\/\/eltrabajo.cl\/portal\/wp-json\/wp\/v2\/users\/482"}],"replies":[{"embeddable":true,"href":"https:\/\/eltrabajo.cl\/portal\/wp-json\/wp\/v2\/comments?post=65910"}],"version-history":[{"count":0,"href":"https:\/\/eltrabajo.cl\/portal\/wp-json\/wp\/v2\/posts\/65910\/revisions"}],"wp:featuredmedia":[{"embeddable":true,"href":"https:\/\/eltrabajo.cl\/portal\/wp-json\/wp\/v2\/media\/65911"}],"wp:attachment":[{"href":"https:\/\/eltrabajo.cl\/portal\/wp-json\/wp\/v2\/media?parent=65910"}],"wp:term":[{"taxonomy":"category","embeddable":true,"href":"https:\/\/eltrabajo.cl\/portal\/wp-json\/wp\/v2\/categories?post=65910"},{"taxonomy":"post_tag","embeddable":true,"href":"https:\/\/eltrabajo.cl\/portal\/wp-json\/wp\/v2\/tags?post=65910"}],"curies":[{"name":"wp","href":"https:\/\/api.w.org\/{rel}","templated":true}]}}