{"id":65913,"date":"2016-01-19T09:40:39","date_gmt":"2016-01-19T12:40:39","guid":{"rendered":"http:\/\/www.eltrabajo.cl\/portal\/?p=65913"},"modified":"2016-01-19T09:40:39","modified_gmt":"2016-01-19T12:40:39","slug":"banda-the-strikers-manana-en-festival-de-la-chaya-2016","status":"publish","type":"post","link":"https:\/\/eltrabajo.cl\/portal\/banda-the-strikers-manana-en-festival-de-la-chaya-2016\/","title":{"rendered":"Banda The Strikers ma\u00f1ana en Festival de la Chaya 2016"},"content":{"rendered":"<figure id=\"attachment_65914\" aria-describedby=\"caption-attachment-65914\" style=\"width: 300px\" class=\"wp-caption alignleft\"><img data-recalc-dims=\"1\" loading=\"lazy\" decoding=\"async\" class=\"wp-image-65914 size-medium\" src=\"https:\/\/i0.wp.com\/www.eltrabajo.cl\/portal\/wp-content\/uploads\/2016\/01\/Strikers1-300x198.jpg?resize=300%2C198\" alt=\"ABUELOS IMPARABLES.- En la bater\u00eda tenemos a Eduardo Plaza \u00c1lvarez, hermano del director del grupo; en el Bajo electr\u00f3nico, el se\u00f1or Domingo Espinoza Torrealba; vocalista, don Pedro Iturrieta Soria y en el teclado, el se\u00f1or Francisco Gonz\u00e1lez Collantes, quien se incorpor\u00f3 a The Strikers hace s\u00f3lo dos meses.\" width=\"300\" height=\"198\" srcset=\"https:\/\/i0.wp.com\/eltrabajo.cl\/portal\/wp-content\/uploads\/2016\/01\/Strikers1.jpg?resize=300%2C198&amp;ssl=1 300w, https:\/\/i0.wp.com\/eltrabajo.cl\/portal\/wp-content\/uploads\/2016\/01\/Strikers1.jpg?resize=200%2C132&amp;ssl=1 200w, https:\/\/i0.wp.com\/eltrabajo.cl\/portal\/wp-content\/uploads\/2016\/01\/Strikers1.jpg?resize=228%2C150&amp;ssl=1 228w, https:\/\/i0.wp.com\/eltrabajo.cl\/portal\/wp-content\/uploads\/2016\/01\/Strikers1.jpg?resize=400%2C263&amp;ssl=1 400w, https:\/\/i0.wp.com\/eltrabajo.cl\/portal\/wp-content\/uploads\/2016\/01\/Strikers1.jpg?w=530&amp;ssl=1 530w\" sizes=\"auto, (max-width: 300px) 100vw, 300px\" \/><figcaption id=\"caption-attachment-65914\" class=\"wp-caption-text\">ABUELOS IMPARABLES.- En la bater\u00eda tenemos a Eduardo Plaza \u00c1lvarez, hermano del director del grupo; en el Bajo electr\u00f3nico, el se\u00f1or Domingo Espinoza Torrealba; vocalista, don Pedro Iturrieta Soria y en el teclado, el se\u00f1or Francisco Gonz\u00e1lez Collantes, quien se incorpor\u00f3 a The Strikers hace s\u00f3lo dos meses.<\/figcaption><\/figure>\n<p>Una oportunidad \u00fanica de poder cantar las viejas canciones de los 60\u2019s y 70\u2019s del g\u00e9nero Rock que enloquecieron a nuestros padres y abuelos, es la que tendr\u00e1n los aconcag\u00fcinos este mi\u00e9rcoles a las 21:00 horas dentro del marco de artistas invitados del Carnaval de La Chaya 2016 en la Plaza de Armas de San Felipe.<br \/>\n\u00abThe Strikers, banda dirigida por Jos\u00e9 Plaza \u00c1lvarez y primera guitarra del grupo, invit\u00f3 a todos sus contempor\u00e1neos a recordar buenos tiempos, entonando los temas de la \u00e9poca, tales como Embustera, Liliana, Verano sin amor y varios otros, que se quedaron en el alma de los lolos de ayer, y que hoy con un repertorio Retro, queremos recordar y disfrutar\u00bb, dijo Jos\u00e9 \u2018Pepe\u2019 Plaza a Diario El Trabajo.<br \/>\nEn la bater\u00eda tenemos a Eduardo Plaza \u00c1lvarez, hermano del director del grupo; en el bajo electr\u00f3nico, el se\u00f1or Domingo Espinoza Torrealba; vocalista, don Pedro Iturrieta Soria y en el teclado, el se\u00f1or Francisco Gonz\u00e1lez Collantes, quien se incorpor\u00f3 a The Strikers hace s\u00f3lo dos meses.<br \/>\nEn \u00e9sta oportunidad se trata de un reencuentro con la m\u00fasica y los amigos contempor\u00e1neos y lo que es m\u00e1s importante, un encuentro con el pasado.<br \/>\n\u00abPretendemos disfrutar junto al p\u00fablico y continuar adelante con un espacio de ayer, para construir un futuro mejor. Strikers significa seg\u00fan el diccionario, Huelguista, Bateador. Por lo tanto deber\u00edamos presentarnos como \u2018Los huelguistas\u2019, sin embargo en nuestra \u00e9poca de lolo, la moda indicaba nombres en Ingl\u00e9s y desde entonces ya han pasado unos poquitos a\u00f1os, y en la banda est\u00e1n los Hermanos Plaza \u00c1lvarez, desde su fundaci\u00f3n\u00bb, agreg\u00f3 Pepe Plaza.<br \/>\n<strong>Roberto Gonz\u00e1lez Short<\/strong><br \/>\n<strong>rgonzalez@eltrabajo.cl<\/strong><\/p>\n","protected":false},"excerpt":{"rendered":"<p>Una oportunidad \u00fanica de poder cantar las viejas canciones de los 60\u2019s y 70\u2019s del g\u00e9nero Rock que enloquecieron a nuestros padres y abuelos, es la que tendr\u00e1n los aconcag\u00fcinos este mi\u00e9rcoles&#8230;<\/p>\n","protected":false},"author":482,"featured_media":65914,"comment_status":"open","ping_status":"open","sticky":false,"template":"","format":"standard","meta":{"advanced_seo_description":"","jetpack_seo_html_title":"","jetpack_seo_noindex":false,"_jetpack_memberships_contains_paid_content":false,"footnotes":""},"categories":[15],"tags":[],"class_list":["post-65913","post","type-post","status-publish","format-standard","has-post-thumbnail","hentry","category-comunidad"],"jetpack_featured_media_url":"https:\/\/i0.wp.com\/eltrabajo.cl\/portal\/wp-content\/uploads\/2016\/01\/Strikers1.jpg?fit=530%2C349&ssl=1","jetpack_sharing_enabled":true,"jetpack_likes_enabled":true,"jetpack-related-posts":[],"_links":{"self":[{"href":"https:\/\/eltrabajo.cl\/portal\/wp-json\/wp\/v2\/posts\/65913","targetHints":{"allow":["GET"]}}],"collection":[{"href":"https:\/\/eltrabajo.cl\/portal\/wp-json\/wp\/v2\/posts"}],"about":[{"href":"https:\/\/eltrabajo.cl\/portal\/wp-json\/wp\/v2\/types\/post"}],"author":[{"embeddable":true,"href":"https:\/\/eltrabajo.cl\/portal\/wp-json\/wp\/v2\/users\/482"}],"replies":[{"embeddable":true,"href":"https:\/\/eltrabajo.cl\/portal\/wp-json\/wp\/v2\/comments?post=65913"}],"version-history":[{"count":0,"href":"https:\/\/eltrabajo.cl\/portal\/wp-json\/wp\/v2\/posts\/65913\/revisions"}],"wp:featuredmedia":[{"embeddable":true,"href":"https:\/\/eltrabajo.cl\/portal\/wp-json\/wp\/v2\/media\/65914"}],"wp:attachment":[{"href":"https:\/\/eltrabajo.cl\/portal\/wp-json\/wp\/v2\/media?parent=65913"}],"wp:term":[{"taxonomy":"category","embeddable":true,"href":"https:\/\/eltrabajo.cl\/portal\/wp-json\/wp\/v2\/categories?post=65913"},{"taxonomy":"post_tag","embeddable":true,"href":"https:\/\/eltrabajo.cl\/portal\/wp-json\/wp\/v2\/tags?post=65913"}],"curies":[{"name":"wp","href":"https:\/\/api.w.org\/{rel}","templated":true}]}}