{"id":65927,"date":"2016-01-19T09:48:04","date_gmt":"2016-01-19T12:48:04","guid":{"rendered":"http:\/\/www.eltrabajo.cl\/portal\/?p=65927"},"modified":"2016-01-19T09:48:04","modified_gmt":"2016-01-19T12:48:04","slug":"organizacion-putaendina-solicitara-que-ruta-del-ejercito-libertador-sea-declarada-monumento-nacional","status":"publish","type":"post","link":"https:\/\/eltrabajo.cl\/portal\/organizacion-putaendina-solicitara-que-ruta-del-ejercito-libertador-sea-declarada-monumento-nacional\/","title":{"rendered":"Organizaci\u00f3n putaendina solicitar\u00e1 que ruta del Ej\u00e9rcito Libertador sea declarada Monumento Nacional"},"content":{"rendered":"<figure id=\"attachment_65928\" aria-describedby=\"caption-attachment-65928\" style=\"width: 300px\" class=\"wp-caption alignleft\"><img data-recalc-dims=\"1\" loading=\"lazy\" decoding=\"async\" class=\"wp-image-65928 size-medium\" src=\"https:\/\/i0.wp.com\/www.eltrabajo.cl\/portal\/wp-content\/uploads\/2016\/01\/DECLARATORIA-MONUMENTO-NACIONAL-1-300x198.jpg?resize=300%2C198\" alt=\"El Frente de Protecci\u00f3n del Patrimonio de Putaendo sostuvo una reuni\u00f3n con directivo del CMN para orientarse en la protecci\u00f3n de la ruta del Ejercito libertador.\" width=\"300\" height=\"198\" srcset=\"https:\/\/i0.wp.com\/eltrabajo.cl\/portal\/wp-content\/uploads\/2016\/01\/DECLARATORIA-MONUMENTO-NACIONAL-1.jpg?resize=300%2C198&amp;ssl=1 300w, https:\/\/i0.wp.com\/eltrabajo.cl\/portal\/wp-content\/uploads\/2016\/01\/DECLARATORIA-MONUMENTO-NACIONAL-1.jpg?resize=200%2C132&amp;ssl=1 200w, https:\/\/i0.wp.com\/eltrabajo.cl\/portal\/wp-content\/uploads\/2016\/01\/DECLARATORIA-MONUMENTO-NACIONAL-1.jpg?resize=228%2C150&amp;ssl=1 228w, https:\/\/i0.wp.com\/eltrabajo.cl\/portal\/wp-content\/uploads\/2016\/01\/DECLARATORIA-MONUMENTO-NACIONAL-1.jpg?resize=400%2C263&amp;ssl=1 400w, https:\/\/i0.wp.com\/eltrabajo.cl\/portal\/wp-content\/uploads\/2016\/01\/DECLARATORIA-MONUMENTO-NACIONAL-1.jpg?w=530&amp;ssl=1 530w\" sizes=\"auto, (max-width: 300px) 100vw, 300px\" \/><figcaption id=\"caption-attachment-65928\" class=\"wp-caption-text\">El Frente de Protecci\u00f3n del Patrimonio de Putaendo sostuvo una reuni\u00f3n con directivo del CMN para orientarse en la protecci\u00f3n de la ruta del Ejercito libertador.<\/figcaption><\/figure>\n<ul>\n<li><strong>\u201cA las puertas del bicentenario, no podemos permitirnos hipotecar el hito m\u00e1s importante de nuestra historia\u201d, sostuvo Joaqu\u00edn Gallardo, Presidente de la organizaci\u00f3n tras sostener una reuni\u00f3n con directivos del Consejo de Monumentos Nacionales en Santiago.<\/strong><\/li>\n<\/ul>\n<p><strong>PUTAENDO.<\/strong>&#8211; Una importante reuni\u00f3n sostuvieron representantes del Frente de Protecci\u00f3n del Patrimonio de Putaendo con directivos del Consejo de Monumentos Nacionales la ma\u00f1ana de este lunes, con el objetivo de recibir orientaciones del organismo para proteger la ruta del Ej\u00e9rcito Libertador.<br \/>\nLa cita se gest\u00f3 tras la solicitud de la organizaci\u00f3n putaendina a prop\u00f3sito de los trabajos de exploraci\u00f3n y prospecci\u00f3n que desarrolla la empresa Andes Copper al interior del sector Los Patos, interviniendo directamente el trazado de la ruta que atraves\u00f3 el General Jos\u00e9 de San Mart\u00edn en febrero de 1817 y que con la eventual llegada de un proyecto minero de gran envergadura significar\u00eda la desaparici\u00f3n de gran parte de esa ruta, \u201cpor lo que como putaendinos no podemos permitirnos hipotecar nuestro mayor hito hist\u00f3rico y dejarlo en manos de intereses extranjeros\u201d, sostuvo Joaqu\u00edn Gallardo, Presidente del Frente de Protecci\u00f3n del Patrimonio.<br \/>\nEl dirigente detall\u00f3 que formalmente pedir\u00e1n al Consejo de Monumentos Nacionales la declaratoria de Monumento Nacional para la ruta del Ej\u00e9rcito Libertador, con la finalidad de proteger el trazado hist\u00f3rico tanto del actual como de futuros proyectos mineros o cualquier otro proyecto que atente contra la composici\u00f3n del lugar.<br \/>\n\u201cEstamos todos convocados a reafirmar nuestro compromiso con la historia, aqu\u00ed no existen personalismos, esto lo vamos a tratar con las organizaciones de nuestra comuna, con las autoridades de Putaendo y Aconcagua, porque la traves\u00eda del Ej\u00e9rcito Libertador es un tema que nos incumbe a todos, aqu\u00ed nadie queda ajeno, pues ser\u00e1 un proceso largo que requiere de la participaci\u00f3n y el respaldo de todas y todos\u201d, apunt\u00f3 Gallardo, quien recalc\u00f3 que para la presentaci\u00f3n de la declaratoria de monumento nacional, que se har\u00e1 por etapas, establecer\u00e1n una amplia coordinaci\u00f3n con autoridades y vecinos, a trav\u00e9s de la recolecci\u00f3n de firmas y cartas de apoyo, adem\u00e1s de recurrir a todos los antecedentes que exige el Consejo de Monumentos Nacionales, por lo que la vinculaci\u00f3n de las autoridades es un factor importante.<br \/>\nFinalmente, Joaqu\u00edn Gallardo record\u00f3 con gratitud al fallecido historiador y fundador del Frente de Protecci\u00f3n del Patrimonio, don Noel Fuentes Elgueta \u201cya que si \u00e9l no hubiese dedicado casi toda su vida a escribir nuestra historia y a investigar el cruce del Ej\u00e9rcito Libertador, hoy estar\u00edamos partiendo de cero e incluso no podr\u00edamos estar hablando de postular la ruta del Ej\u00e9rcito Libertador como Monumento Nacional. Lo que hoy estamos iniciando se lo debemos en gran medida a su trabajo\u201d, concluy\u00f3.<br \/>\n<strong>Patricio Gallardo M.<\/strong><\/p>\n","protected":false},"excerpt":{"rendered":"<p>\u201cA las puertas del bicentenario, no podemos permitirnos hipotecar el hito m\u00e1s importante de nuestra historia\u201d, sostuvo Joaqu\u00edn Gallardo, Presidente de la organizaci\u00f3n tras sostener una reuni\u00f3n con directivos del Consejo de&#8230;<\/p>\n","protected":false},"author":482,"featured_media":65928,"comment_status":"open","ping_status":"open","sticky":false,"template":"","format":"standard","meta":{"advanced_seo_description":"","jetpack_seo_html_title":"","jetpack_seo_noindex":false,"_jetpack_memberships_contains_paid_content":false,"footnotes":""},"categories":[1],"tags":[],"class_list":["post-65927","post","type-post","status-publish","format-standard","has-post-thumbnail","hentry","category-cronica"],"jetpack_featured_media_url":"https:\/\/i0.wp.com\/eltrabajo.cl\/portal\/wp-content\/uploads\/2016\/01\/DECLARATORIA-MONUMENTO-NACIONAL-1.jpg?fit=530%2C349&ssl=1","jetpack_sharing_enabled":true,"jetpack_likes_enabled":true,"jetpack-related-posts":[],"_links":{"self":[{"href":"https:\/\/eltrabajo.cl\/portal\/wp-json\/wp\/v2\/posts\/65927","targetHints":{"allow":["GET"]}}],"collection":[{"href":"https:\/\/eltrabajo.cl\/portal\/wp-json\/wp\/v2\/posts"}],"about":[{"href":"https:\/\/eltrabajo.cl\/portal\/wp-json\/wp\/v2\/types\/post"}],"author":[{"embeddable":true,"href":"https:\/\/eltrabajo.cl\/portal\/wp-json\/wp\/v2\/users\/482"}],"replies":[{"embeddable":true,"href":"https:\/\/eltrabajo.cl\/portal\/wp-json\/wp\/v2\/comments?post=65927"}],"version-history":[{"count":0,"href":"https:\/\/eltrabajo.cl\/portal\/wp-json\/wp\/v2\/posts\/65927\/revisions"}],"wp:featuredmedia":[{"embeddable":true,"href":"https:\/\/eltrabajo.cl\/portal\/wp-json\/wp\/v2\/media\/65928"}],"wp:attachment":[{"href":"https:\/\/eltrabajo.cl\/portal\/wp-json\/wp\/v2\/media?parent=65927"}],"wp:term":[{"taxonomy":"category","embeddable":true,"href":"https:\/\/eltrabajo.cl\/portal\/wp-json\/wp\/v2\/categories?post=65927"},{"taxonomy":"post_tag","embeddable":true,"href":"https:\/\/eltrabajo.cl\/portal\/wp-json\/wp\/v2\/tags?post=65927"}],"curies":[{"name":"wp","href":"https:\/\/api.w.org\/{rel}","templated":true}]}}