{"id":65933,"date":"2016-01-19T09:51:01","date_gmt":"2016-01-19T12:51:01","guid":{"rendered":"http:\/\/www.eltrabajo.cl\/portal\/?p=65933"},"modified":"2016-01-19T09:51:01","modified_gmt":"2016-01-19T12:51:01","slug":"autoridades-confirman-que-no-se-instalara-antena-de-telefonia-movil-en-el-cerro-mercacha","status":"publish","type":"post","link":"https:\/\/eltrabajo.cl\/portal\/autoridades-confirman-que-no-se-instalara-antena-de-telefonia-movil-en-el-cerro-mercacha\/","title":{"rendered":"Autoridades confirman que no se instalar\u00e1 antena de telefon\u00eda m\u00f3vil en el cerro Mercacha"},"content":{"rendered":"<figure id=\"attachment_65934\" aria-describedby=\"caption-attachment-65934\" style=\"width: 300px\" class=\"wp-caption alignleft\"><img data-recalc-dims=\"1\" loading=\"lazy\" decoding=\"async\" class=\"wp-image-65934 size-medium\" src=\"https:\/\/i0.wp.com\/www.eltrabajo.cl\/portal\/wp-content\/uploads\/2016\/01\/Cambio-antena-cerro-la-Mercacha-300x198.jpg?resize=300%2C198\" alt=\"La gobernadora Mar\u00eda Victoria Rodr\u00edguez junto al Alf\u00e9rez de la Agrupaci\u00f3n de Baile Chino de la escuela El Sauce, Mario Mart\u00ednez, entregaron esta importante noticia a la comunidad.\" width=\"300\" height=\"198\" srcset=\"https:\/\/i0.wp.com\/eltrabajo.cl\/portal\/wp-content\/uploads\/2016\/01\/Cambio-antena-cerro-la-Mercacha.jpg?resize=300%2C198&amp;ssl=1 300w, https:\/\/i0.wp.com\/eltrabajo.cl\/portal\/wp-content\/uploads\/2016\/01\/Cambio-antena-cerro-la-Mercacha.jpg?resize=200%2C132&amp;ssl=1 200w, https:\/\/i0.wp.com\/eltrabajo.cl\/portal\/wp-content\/uploads\/2016\/01\/Cambio-antena-cerro-la-Mercacha.jpg?resize=228%2C150&amp;ssl=1 228w, https:\/\/i0.wp.com\/eltrabajo.cl\/portal\/wp-content\/uploads\/2016\/01\/Cambio-antena-cerro-la-Mercacha.jpg?resize=400%2C263&amp;ssl=1 400w, https:\/\/i0.wp.com\/eltrabajo.cl\/portal\/wp-content\/uploads\/2016\/01\/Cambio-antena-cerro-la-Mercacha.jpg?w=530&amp;ssl=1 530w\" sizes=\"auto, (max-width: 300px) 100vw, 300px\" \/><figcaption id=\"caption-attachment-65934\" class=\"wp-caption-text\">La gobernadora Mar\u00eda Victoria Rodr\u00edguez junto al Alf\u00e9rez de la Agrupaci\u00f3n de Baile Chino de la escuela El Sauce, Mario Mart\u00ednez, entregaron esta importante noticia a la comunidad.<\/figcaption><\/figure>\n<ul>\n<li><strong>Ahora esperan que se transforme en un parque tem\u00e1tico para pueda ser disfrutado por las generaciones futuras.<\/strong><\/li>\n<\/ul>\n<p><strong>LOS ANDES.<\/strong>&#8211; La gobernadora provincial Mar\u00eda Victoria Rodr\u00edguez junto al Alf\u00e9rez de la Agrupaci\u00f3n de Baile Chino de la escuela El Sauce, Mario Mart\u00ednez, confirmaron que no se instalar\u00e1 una antena de telefon\u00eda m\u00f3vil en el cerro Mercacha (Cerro La Mesa).<br \/>\nAl respecto, la gobernadora Rodr\u00edguez, reconoci\u00f3 que gracias a la denuncia canalizada por el profesor Mart\u00ednez y respaldada por toda la comunidad de El Sauce se pudieron llevar adelante todas las gestiones y solicitudes ante la Subsecretar\u00eda de Telecomunicaciones entregando todos los antecedentes arqueol\u00f3gicos y patrimoniales sobre la importancia de este cerro, \u201cy afortunadamente hoy la noticia importante es para toda nuestra comunidad del Valle de Aconcagua y es que la antena no se va a instalar en el cerro Mercacha y se cambi\u00f3 de lugar\u201d.<br \/>\nExpres\u00f3 que la idea es seguir preservando este cerro para la cultura del Valle de Aconcagua para las nuevas generaciones de andino que tiene amor por su tierra.<br \/>\nAgreg\u00f3 que esta es una respuesta definitiva por parte de la Subtel en cuanto a que la antena no se levantar\u00e1 en ese cerro patrimonial y ceremonial.<br \/>\nEn cuanto a la nueva ubicaci\u00f3n de la antena, la autoridad provincial dijo que se emplazar\u00e1 en el cerro \u2018El Potrillo\u2019.<br \/>\nLa gobernadora expres\u00f3 que ahora esperan concretar la idea que el cerro Mercacha se transforme en un parque patrimonial y as\u00ed garantizar su protecci\u00f3n.<br \/>\nPor su parte, el profesor de la escuela El Sauce y Alf\u00e9rez del Agrupaci\u00f3n de Baile Chino, Mario Mart\u00ednez, se\u00f1al\u00f3 que recibieron con mucha alegr\u00eda esta noticia por parte de la Subsecretar\u00eda de Telecomunicaciones y se pudo enmendar el error que se hab\u00eda cometido, \u00abporque el patrimonio no puede quedar en peligro y menos ahora donde flaquean todos los valores y saber a d\u00f3nde vamos como sociedad\u201d.<br \/>\nArgument\u00f3 que ahora los alumnos de la escuela y toda la comunidad del valle podr\u00e1n disfrutar de este cerro sin la antena, valorando su importancia arqueol\u00f3gica y ceremonial, \u201clo que demuestra que la comunidad est\u00e1 despierta y no nos pasan por encima para defender nuestro patrimonio\u201d.<br \/>\nSubray\u00f3 que el paso que viene ahora es lucha porque el cerro sea declarado como un parque natural y arqueol\u00f3gico, \u201cporque tenemos que asegurarnos que el patrimonio del cerro nunca m\u00e1s vuelva a estar en peligro y por eso planteamos un parque tem\u00e1tico con diferentes motivos culturales o bien un museo al aire libre y ense\u00f1ar lo que somos a partir del pasado de Aconcagua\u201d.<br \/>\nMart\u00ednez agradeci\u00f3 el apoyo de la Gobernaci\u00f3n provincial, pero se quej\u00f3 tambi\u00e9n de lo poco que hizo la Municipalidad de Los Andes pese a que anunci\u00f3 la presentaci\u00f3n de un recurso de amparo.<\/p>\n","protected":false},"excerpt":{"rendered":"<p>Ahora esperan que se transforme en un parque tem\u00e1tico para pueda ser disfrutado por las generaciones futuras. LOS ANDES.&#8211; La gobernadora provincial Mar\u00eda Victoria Rodr\u00edguez junto al Alf\u00e9rez de la Agrupaci\u00f3n de&#8230;<\/p>\n","protected":false},"author":482,"featured_media":65934,"comment_status":"open","ping_status":"open","sticky":false,"template":"","format":"standard","meta":{"advanced_seo_description":"","jetpack_seo_html_title":"","jetpack_seo_noindex":false,"_jetpack_memberships_contains_paid_content":false,"footnotes":""},"categories":[1],"tags":[],"class_list":["post-65933","post","type-post","status-publish","format-standard","has-post-thumbnail","hentry","category-cronica"],"jetpack_featured_media_url":"https:\/\/i0.wp.com\/eltrabajo.cl\/portal\/wp-content\/uploads\/2016\/01\/Cambio-antena-cerro-la-Mercacha.jpg?fit=530%2C349&ssl=1","jetpack_sharing_enabled":true,"jetpack_likes_enabled":true,"jetpack-related-posts":[],"_links":{"self":[{"href":"https:\/\/eltrabajo.cl\/portal\/wp-json\/wp\/v2\/posts\/65933","targetHints":{"allow":["GET"]}}],"collection":[{"href":"https:\/\/eltrabajo.cl\/portal\/wp-json\/wp\/v2\/posts"}],"about":[{"href":"https:\/\/eltrabajo.cl\/portal\/wp-json\/wp\/v2\/types\/post"}],"author":[{"embeddable":true,"href":"https:\/\/eltrabajo.cl\/portal\/wp-json\/wp\/v2\/users\/482"}],"replies":[{"embeddable":true,"href":"https:\/\/eltrabajo.cl\/portal\/wp-json\/wp\/v2\/comments?post=65933"}],"version-history":[{"count":0,"href":"https:\/\/eltrabajo.cl\/portal\/wp-json\/wp\/v2\/posts\/65933\/revisions"}],"wp:featuredmedia":[{"embeddable":true,"href":"https:\/\/eltrabajo.cl\/portal\/wp-json\/wp\/v2\/media\/65934"}],"wp:attachment":[{"href":"https:\/\/eltrabajo.cl\/portal\/wp-json\/wp\/v2\/media?parent=65933"}],"wp:term":[{"taxonomy":"category","embeddable":true,"href":"https:\/\/eltrabajo.cl\/portal\/wp-json\/wp\/v2\/categories?post=65933"},{"taxonomy":"post_tag","embeddable":true,"href":"https:\/\/eltrabajo.cl\/portal\/wp-json\/wp\/v2\/tags?post=65933"}],"curies":[{"name":"wp","href":"https:\/\/api.w.org\/{rel}","templated":true}]}}