{"id":65936,"date":"2016-01-19T09:53:22","date_gmt":"2016-01-19T12:53:22","guid":{"rendered":"http:\/\/www.eltrabajo.cl\/portal\/?p=65936"},"modified":"2016-01-19T09:53:22","modified_gmt":"2016-01-19T12:53:22","slug":"programa-de-fosis-educacion-financiera-capacito-a-92-usuarios-de-la-provincia-de-san-felipe","status":"publish","type":"post","link":"https:\/\/eltrabajo.cl\/portal\/programa-de-fosis-educacion-financiera-capacito-a-92-usuarios-de-la-provincia-de-san-felipe\/","title":{"rendered":"Programa de Fosis \u2018Educaci\u00f3n Financiera\u2019 capacit\u00f3 a 92 usuarios de la provincia de San Felipe"},"content":{"rendered":"<figure id=\"attachment_65937\" aria-describedby=\"caption-attachment-65937\" style=\"width: 300px\" class=\"wp-caption alignleft\"><img data-recalc-dims=\"1\" loading=\"lazy\" decoding=\"async\" class=\"wp-image-65937 size-medium\" src=\"https:\/\/i0.wp.com\/www.eltrabajo.cl\/portal\/wp-content\/uploads\/2016\/01\/FOTO-1-92-USUARIOS-DE-LA-PROVINCIA-DE-SAN-FELIPE-300x198.jpg?resize=300%2C198\" alt=\"92 usuarios de la provincia de San Felipe, en compa\u00f1\u00eda de los alcaldes de cada una de las comunas y otras autoridades, recibieron la certificaci\u00f3n del programa del Fosis \u2018Educaci\u00f3n financiera\u2019.\" width=\"300\" height=\"198\" srcset=\"https:\/\/i0.wp.com\/eltrabajo.cl\/portal\/wp-content\/uploads\/2016\/01\/FOTO-1-92-USUARIOS-DE-LA-PROVINCIA-DE-SAN-FELIPE.jpg?resize=300%2C198&amp;ssl=1 300w, https:\/\/i0.wp.com\/eltrabajo.cl\/portal\/wp-content\/uploads\/2016\/01\/FOTO-1-92-USUARIOS-DE-LA-PROVINCIA-DE-SAN-FELIPE.jpg?resize=200%2C132&amp;ssl=1 200w, https:\/\/i0.wp.com\/eltrabajo.cl\/portal\/wp-content\/uploads\/2016\/01\/FOTO-1-92-USUARIOS-DE-LA-PROVINCIA-DE-SAN-FELIPE.jpg?resize=228%2C150&amp;ssl=1 228w, https:\/\/i0.wp.com\/eltrabajo.cl\/portal\/wp-content\/uploads\/2016\/01\/FOTO-1-92-USUARIOS-DE-LA-PROVINCIA-DE-SAN-FELIPE.jpg?resize=400%2C263&amp;ssl=1 400w, https:\/\/i0.wp.com\/eltrabajo.cl\/portal\/wp-content\/uploads\/2016\/01\/FOTO-1-92-USUARIOS-DE-LA-PROVINCIA-DE-SAN-FELIPE.jpg?w=530&amp;ssl=1 530w\" sizes=\"auto, (max-width: 300px) 100vw, 300px\" \/><figcaption id=\"caption-attachment-65937\" class=\"wp-caption-text\">92 usuarios de la provincia de San Felipe, en compa\u00f1\u00eda de los alcaldes de cada una de las comunas y otras autoridades, recibieron la certificaci\u00f3n del programa del Fosis \u2018Educaci\u00f3n financiera\u2019.<\/figcaption><\/figure>\n<ul>\n<li><strong>Ceremonia de Certificaci\u00f3n cont\u00f3 con la presencia de los alcaldes de las 6 comunas de la provincia, adem\u00e1s del Seremi de Desarrollo Social, Abel Gallardo, el gobernador Eduardo Le\u00f3n y el Encargado Regional de del proyecto, Felipe Chand\u00eda.<\/strong><\/li>\n<\/ul>\n<p>Recibiendo asesor\u00eda en la Planificaci\u00f3n Financiera de sus respectivos emprendimientos, 92 usuarios de las 6 comunas de la provincia de San Felipe, consiguieron este lunes la certificaci\u00f3n del programa \u2018Educaci\u00f3n Financiera\u2019, ejecutado con recursos del Fondo de Solidaridad e Inversi\u00f3n Social, Fosis, y desarrollado por la compa\u00f1\u00eda Sur Quinta Consultores.<br \/>\nEl proyecto, que ten\u00eda como objetivo explicar a los usuarios los conceptos de ahorro, la importancia del Endeudamiento Responsable y, finalmente, saber c\u00f3mo y cu\u00e1ndo invertir, as\u00ed como tambi\u00e9n, la ejecuci\u00f3n de actividades pr\u00e1cticas que les permitieran mejorar la gesti\u00f3n, orden y administraci\u00f3n de sus negocios y hogares, tuvo una duraci\u00f3n de aproximadamente 6 meses y seg\u00fan una de las usuarias, Mar\u00eda Isabel S\u00e1nchez, de la comuna de Santa Mar\u00eda, su principal contribuci\u00f3n fue poder conocer c\u00f3mo opera el sistema de cr\u00e9ditos financieros, aludiendo que \u201ceste curso fue muy bueno porque aprend\u00ed cosas relacionadas con el dinero, como por ejemplo que no tengo que pedir plata en cualquier lado. Yo vendo aceitunas, es un negocio familiar as\u00ed que lo que aprend\u00ed me va a servir para el negocio y para la casa\u201d, enfatiz\u00f3.<br \/>\nFelipe Chand\u00eda, encargado regional del curso \u2018Educaci\u00f3n Financiera\u2019, explic\u00f3 que el proyecto, en esta oportunidad estaba destinado para personas que terminaban alguno de los programas de Fosis, como por ejemplo el \u2018Yo emprendo semillas\u2019.<br \/>\nChand\u00eda asegur\u00f3 que estas capacitaciones contribuyen directamente al desarrollo econ\u00f3mico de las familias y al fortalecimiento de sus emprendimientos, ya que \u201clo importante es poder ayudar a los microempresarios a conocer las herramientas del mercado, que nuestros usuarios muchas veces desconocen, sobre todo en lo que es el idioma financiero y que es lo principal para que un microempresario pueda empezar a desarrollarse\u201d, apunt\u00f3.<br \/>\nEl Seremi de Desarrollo Social, Abel Gallardo asegur\u00f3 que el Gobierno reconoce como una obligaci\u00f3n entregar a los sectores m\u00e1s vulnerables, herramientas que les permitan mejorar la econom\u00eda dom\u00e9stica y a la vez fortalecer la calidad de los negocios que emprenden.<br \/>\nA su vez, Gallardo destac\u00f3 la masiva presencia de la autoridad comunal en este proceso de certificaci\u00f3n y valor\u00f3 que \u201cen la actividad de hoy, que congregaba a usuarios de toda la Provincia de San Felipe, estaba presente la totalidad de los alcaldes y eso demuestra el compromiso que tienen ellos con este tipo de tareas del Fosis y especialmente con los vecinos de cada una de sus comunas\u201d.<br \/>\nEl gobernador Provincial Eduardo Le\u00f3n, resalt\u00f3 el hecho de que con una inversi\u00f3n cercana a los 12 millones de pesos se pueda desarrollar un curso que \u201cpermite que la gente est\u00e9 empoderada, el tema financiero es sensible para los bolsillos de todas las familias. Muchos de los vecinos beneficiarios son tambi\u00e9n parte de otros programas del Fosis, lo cual complementa todo el apoyo que estamos brindando, tambi\u00e9n felicitar a la empresa porque sabemos que fue un excelente curso con un alto grado de participaci\u00f3n\u201d, detall\u00f3.<br \/>\nPrecisamente, respecto del empoderamiento que se logra a trav\u00e9s de estos cursos, Cecilia Libuy Vald\u00e9s, asistente social sanfelipe\u00f1a, quien adem\u00e1s de su profesi\u00f3n, desarrolla un negocio familiar destinado a la entretenci\u00f3n infantil, afirm\u00f3 que \u201cme ha servido mucho, porque en este caso, yo primero entr\u00e9 a un programa de emprendimiento para desarrollar una empresa externa los fines de semana, de juego inflables y ahora este curso me sirvi\u00f3 para ordenar las lucas, los recursos, saber cu\u00e1nto puedes invertir respecto del gasto que genera el mismo negocio\u201d, manifest\u00f3.<br \/>\nLibuy lleva 4 a\u00f1os trabajando junto a Fosis y ha desarrollado una vasta experiencia en su relaci\u00f3n con los usuarios, llegando a transformarse en monitora de algunos talleres. Seg\u00fan su apreciaci\u00f3n, cada una de las personas que trabaja en los programas de Fosis logra mejorar la calidad no s\u00f3lo de su emprendimiento, sino que tambi\u00e9n el \u00e1mbito familiar.<br \/>\n\u201cAc\u00e1 uno ve todo tipo de personas, hombres y mujeres de diferentes edades. A veces lo que yo siento es que les falta un poquito de informaci\u00f3n, hay ciertas cosas que ellos manejan y otras que no. Por ejemplo en este caso de Educaci\u00f3n Financiera s\u00ed nos sirvi\u00f3 porque vinieron adultos mayores que a veces tambi\u00e9n quieren emprender, pero los agarran las cajas de compensaci\u00f3n y generalmente piden pr\u00e9stamos en que terminan pagando el triple. Yo veo que todos vienen con harto \u00e1nimo y con muchas ganas de salir adelante\u201d, destac\u00f3.<\/p>\n<div class=\"tiled-gallery type-rectangular tiled-gallery-unresized\" data-original-width=\"640\" data-carousel-extra='null' itemscope itemtype=\"http:\/\/schema.org\/ImageGallery\" > <div class=\"gallery-row\" style=\"width: 640px; height: 282px;\" data-original-width=\"640\" data-original-height=\"282\" > <div class=\"gallery-group images-1\" style=\"width: 427px; height: 282px;\" data-original-width=\"427\" data-original-height=\"282\" > <div class=\"tiled-gallery-item tiled-gallery-item-large\" itemprop=\"associatedMedia\" itemscope itemtype=\"http:\/\/schema.org\/ImageObject\"> <a href=\"https:\/\/eltrabajo.cl\/portal\/programa-de-fosis-educacion-financiera-capacito-a-92-usuarios-de-la-provincia-de-san-felipe\/foto-3-felipe-chandia\/\" border=\"0\" itemprop=\"url\"> <meta itemprop=\"width\" content=\"423\"> <meta itemprop=\"height\" content=\"278\"> <img decoding=\"async\" class=\"\" data-attachment-id=\"65938\" data-orig-file=\"https:\/\/eltrabajo.cl\/portal\/wp-content\/uploads\/2016\/01\/FOTO-3-FELIPE-CHANDIA.jpg\" data-orig-size=\"530,348\" data-comments-opened=\"1\" data-image-meta=\"{&quot;aperture&quot;:&quot;0&quot;,&quot;credit&quot;:&quot;&quot;,&quot;camera&quot;:&quot;&quot;,&quot;caption&quot;:&quot;&quot;,&quot;created_timestamp&quot;:&quot;0&quot;,&quot;copyright&quot;:&quot;&quot;,&quot;focal_length&quot;:&quot;0&quot;,&quot;iso&quot;:&quot;0&quot;,&quot;shutter_speed&quot;:&quot;0&quot;,&quot;title&quot;:&quot;&quot;,&quot;orientation&quot;:&quot;0&quot;}\" data-image-title=\"FOTO 3 FELIPE CHANDIA\" data-image-description=\"&lt;p&gt;Felipe Chand\u00eda, encargado regional del programa Educaci\u00f3n financiera.&lt;\/p&gt; \" data-medium-file=\"https:\/\/i0.wp.com\/eltrabajo.cl\/portal\/wp-content\/uploads\/2016\/01\/FOTO-3-FELIPE-CHANDIA.jpg?fit=300%2C197&#038;ssl=1\" data-large-file=\"https:\/\/i0.wp.com\/eltrabajo.cl\/portal\/wp-content\/uploads\/2016\/01\/FOTO-3-FELIPE-CHANDIA.jpg?fit=530%2C348&#038;ssl=1\" src=\"https:\/\/i0.wp.com\/eltrabajo.cl\/portal\/wp-content\/uploads\/2016\/01\/FOTO-3-FELIPE-CHANDIA.jpg?w=423&#038;h=278&#038;ssl=1\" srcset=\"https:\/\/i0.wp.com\/eltrabajo.cl\/portal\/wp-content\/uploads\/2016\/01\/FOTO-3-FELIPE-CHANDIA.jpg?w=530&amp;ssl=1 530w, https:\/\/i0.wp.com\/eltrabajo.cl\/portal\/wp-content\/uploads\/2016\/01\/FOTO-3-FELIPE-CHANDIA.jpg?resize=200%2C131&amp;ssl=1 200w, https:\/\/i0.wp.com\/eltrabajo.cl\/portal\/wp-content\/uploads\/2016\/01\/FOTO-3-FELIPE-CHANDIA.jpg?resize=300%2C197&amp;ssl=1 300w, https:\/\/i0.wp.com\/eltrabajo.cl\/portal\/wp-content\/uploads\/2016\/01\/FOTO-3-FELIPE-CHANDIA.jpg?resize=228%2C150&amp;ssl=1 228w, https:\/\/i0.wp.com\/eltrabajo.cl\/portal\/wp-content\/uploads\/2016\/01\/FOTO-3-FELIPE-CHANDIA.jpg?resize=400%2C263&amp;ssl=1 400w\" width=\"423\" height=\"278\" loading=\"lazy\" data-original-width=\"423\" data-original-height=\"278\" itemprop=\"http:\/\/schema.org\/image\" title=\"FOTO 3 FELIPE CHANDIA\" alt=\"Felipe Chand\u00eda, encargado regional del programa Educaci\u00f3n financiera.\" style=\"width: 423px; height: 278px;\" \/> <\/a> <div class=\"tiled-gallery-caption\" itemprop=\"caption description\"> Felipe Chand\u00eda, encargado regional del programa Educaci\u00f3n financiera. <\/div> <\/div> <\/div> <!-- close group --> <div class=\"gallery-group images-2\" style=\"width: 213px; height: 282px;\" data-original-width=\"213\" data-original-height=\"282\" > <div class=\"tiled-gallery-item tiled-gallery-item-small\" itemprop=\"associatedMedia\" itemscope itemtype=\"http:\/\/schema.org\/ImageObject\"> <a href=\"https:\/\/eltrabajo.cl\/portal\/programa-de-fosis-educacion-financiera-capacito-a-92-usuarios-de-la-provincia-de-san-felipe\/foto-4-maria-isabel-sanchez\/\" border=\"0\" itemprop=\"url\"> <meta itemprop=\"width\" content=\"209\"> <meta itemprop=\"height\" content=\"137\"> <img decoding=\"async\" class=\"\" data-attachment-id=\"65939\" data-orig-file=\"https:\/\/eltrabajo.cl\/portal\/wp-content\/uploads\/2016\/01\/FOTO-4-MARIA-ISABEL-SANCHEZ.jpg\" data-orig-size=\"530,348\" data-comments-opened=\"1\" data-image-meta=\"{&quot;aperture&quot;:&quot;0&quot;,&quot;credit&quot;:&quot;&quot;,&quot;camera&quot;:&quot;&quot;,&quot;caption&quot;:&quot;&quot;,&quot;created_timestamp&quot;:&quot;0&quot;,&quot;copyright&quot;:&quot;&quot;,&quot;focal_length&quot;:&quot;0&quot;,&quot;iso&quot;:&quot;0&quot;,&quot;shutter_speed&quot;:&quot;0&quot;,&quot;title&quot;:&quot;&quot;,&quot;orientation&quot;:&quot;0&quot;}\" data-image-title=\"FOTO 4 MARIA ISABEL SANCHEZ\" data-image-description=\"&lt;p&gt;Mar\u00eda Isabel S\u00e1nchez, beneficiaria del programa que desarrolla un negocio de venta de aceitunas en la comuna de Santa Mar\u00eda.&lt;\/p&gt; \" data-medium-file=\"https:\/\/i0.wp.com\/eltrabajo.cl\/portal\/wp-content\/uploads\/2016\/01\/FOTO-4-MARIA-ISABEL-SANCHEZ.jpg?fit=300%2C197&#038;ssl=1\" data-large-file=\"https:\/\/i0.wp.com\/eltrabajo.cl\/portal\/wp-content\/uploads\/2016\/01\/FOTO-4-MARIA-ISABEL-SANCHEZ.jpg?fit=530%2C348&#038;ssl=1\" src=\"https:\/\/i0.wp.com\/eltrabajo.cl\/portal\/wp-content\/uploads\/2016\/01\/FOTO-4-MARIA-ISABEL-SANCHEZ.jpg?w=209&#038;h=137&#038;ssl=1\" srcset=\"https:\/\/i0.wp.com\/eltrabajo.cl\/portal\/wp-content\/uploads\/2016\/01\/FOTO-4-MARIA-ISABEL-SANCHEZ.jpg?w=530&amp;ssl=1 530w, https:\/\/i0.wp.com\/eltrabajo.cl\/portal\/wp-content\/uploads\/2016\/01\/FOTO-4-MARIA-ISABEL-SANCHEZ.jpg?resize=200%2C131&amp;ssl=1 200w, https:\/\/i0.wp.com\/eltrabajo.cl\/portal\/wp-content\/uploads\/2016\/01\/FOTO-4-MARIA-ISABEL-SANCHEZ.jpg?resize=300%2C197&amp;ssl=1 300w, https:\/\/i0.wp.com\/eltrabajo.cl\/portal\/wp-content\/uploads\/2016\/01\/FOTO-4-MARIA-ISABEL-SANCHEZ.jpg?resize=228%2C150&amp;ssl=1 228w, https:\/\/i0.wp.com\/eltrabajo.cl\/portal\/wp-content\/uploads\/2016\/01\/FOTO-4-MARIA-ISABEL-SANCHEZ.jpg?resize=400%2C263&amp;ssl=1 400w\" width=\"209\" height=\"137\" loading=\"lazy\" data-original-width=\"209\" data-original-height=\"137\" itemprop=\"http:\/\/schema.org\/image\" title=\"FOTO 4 MARIA ISABEL SANCHEZ\" alt=\"Mar\u00eda Isabel S\u00e1nchez, beneficiaria del programa que desarrolla un negocio de venta de aceitunas en la comuna de Santa Mar\u00eda.\" style=\"width: 209px; height: 137px;\" \/> <\/a> <div class=\"tiled-gallery-caption\" itemprop=\"caption description\"> Mar\u00eda Isabel S\u00e1nchez, beneficiaria del programa que desarrolla un negocio de venta de aceitunas en la comuna de Santa Mar\u00eda. <\/div> <\/div> <div class=\"tiled-gallery-item tiled-gallery-item-small\" itemprop=\"associatedMedia\" itemscope itemtype=\"http:\/\/schema.org\/ImageObject\"> <a href=\"https:\/\/eltrabajo.cl\/portal\/programa-de-fosis-educacion-financiera-capacito-a-92-usuarios-de-la-provincia-de-san-felipe\/foto-5-cecilia-libuy-sanfelipena\/\" border=\"0\" itemprop=\"url\"> <meta itemprop=\"width\" content=\"209\"> <meta itemprop=\"height\" content=\"137\"> <img decoding=\"async\" class=\"\" data-attachment-id=\"65940\" data-orig-file=\"https:\/\/eltrabajo.cl\/portal\/wp-content\/uploads\/2016\/01\/FOTO-5-CECILIA-LIBUY-SANFELIPENA.jpg\" data-orig-size=\"530,348\" data-comments-opened=\"1\" data-image-meta=\"{&quot;aperture&quot;:&quot;0&quot;,&quot;credit&quot;:&quot;&quot;,&quot;camera&quot;:&quot;&quot;,&quot;caption&quot;:&quot;&quot;,&quot;created_timestamp&quot;:&quot;0&quot;,&quot;copyright&quot;:&quot;&quot;,&quot;focal_length&quot;:&quot;0&quot;,&quot;iso&quot;:&quot;0&quot;,&quot;shutter_speed&quot;:&quot;0&quot;,&quot;title&quot;:&quot;&quot;,&quot;orientation&quot;:&quot;0&quot;}\" data-image-title=\"FOTO 5 CECILIA LIBUY SANFELIPENA\" data-image-description=\"&lt;p&gt;Cecilia Libuy, sanfelipe\u00f1a propietaria de un negocio familiar de juegos inflables.&lt;\/p&gt; \" data-medium-file=\"https:\/\/i0.wp.com\/eltrabajo.cl\/portal\/wp-content\/uploads\/2016\/01\/FOTO-5-CECILIA-LIBUY-SANFELIPENA.jpg?fit=300%2C197&#038;ssl=1\" data-large-file=\"https:\/\/i0.wp.com\/eltrabajo.cl\/portal\/wp-content\/uploads\/2016\/01\/FOTO-5-CECILIA-LIBUY-SANFELIPENA.jpg?fit=530%2C348&#038;ssl=1\" src=\"https:\/\/i0.wp.com\/eltrabajo.cl\/portal\/wp-content\/uploads\/2016\/01\/FOTO-5-CECILIA-LIBUY-SANFELIPENA.jpg?w=209&#038;h=137&#038;ssl=1\" srcset=\"https:\/\/i0.wp.com\/eltrabajo.cl\/portal\/wp-content\/uploads\/2016\/01\/FOTO-5-CECILIA-LIBUY-SANFELIPENA.jpg?w=530&amp;ssl=1 530w, https:\/\/i0.wp.com\/eltrabajo.cl\/portal\/wp-content\/uploads\/2016\/01\/FOTO-5-CECILIA-LIBUY-SANFELIPENA.jpg?resize=200%2C131&amp;ssl=1 200w, https:\/\/i0.wp.com\/eltrabajo.cl\/portal\/wp-content\/uploads\/2016\/01\/FOTO-5-CECILIA-LIBUY-SANFELIPENA.jpg?resize=300%2C197&amp;ssl=1 300w, https:\/\/i0.wp.com\/eltrabajo.cl\/portal\/wp-content\/uploads\/2016\/01\/FOTO-5-CECILIA-LIBUY-SANFELIPENA.jpg?resize=228%2C150&amp;ssl=1 228w, https:\/\/i0.wp.com\/eltrabajo.cl\/portal\/wp-content\/uploads\/2016\/01\/FOTO-5-CECILIA-LIBUY-SANFELIPENA.jpg?resize=400%2C263&amp;ssl=1 400w\" width=\"209\" height=\"137\" loading=\"lazy\" data-original-width=\"209\" data-original-height=\"137\" itemprop=\"http:\/\/schema.org\/image\" title=\"FOTO 5 CECILIA LIBUY SANFELIPENA\" alt=\"Cecilia Libuy, sanfelipe\u00f1a propietaria de un negocio familiar de juegos inflables.\" style=\"width: 209px; height: 137px;\" \/> <\/a> <div class=\"tiled-gallery-caption\" itemprop=\"caption description\"> Cecilia Libuy, sanfelipe\u00f1a propietaria de un negocio familiar de juegos inflables. <\/div> <\/div> <\/div> <!-- close group --> <\/div> <!-- close row --> <\/div>\n","protected":false},"excerpt":{"rendered":"<p>Ceremonia de Certificaci\u00f3n cont\u00f3 con la presencia de los alcaldes de las 6 comunas de la provincia, adem\u00e1s del Seremi de Desarrollo Social, Abel Gallardo, el gobernador Eduardo Le\u00f3n y el Encargado&#8230;<\/p>\n","protected":false},"author":482,"featured_media":65937,"comment_status":"open","ping_status":"open","sticky":false,"template":"","format":"standard","meta":{"advanced_seo_description":"","jetpack_seo_html_title":"","jetpack_seo_noindex":false,"_jetpack_memberships_contains_paid_content":false,"footnotes":""},"categories":[1],"tags":[],"class_list":["post-65936","post","type-post","status-publish","format-standard","has-post-thumbnail","hentry","category-cronica"],"jetpack_featured_media_url":"https:\/\/i0.wp.com\/eltrabajo.cl\/portal\/wp-content\/uploads\/2016\/01\/FOTO-1-92-USUARIOS-DE-LA-PROVINCIA-DE-SAN-FELIPE.jpg?fit=530%2C349&ssl=1","jetpack_sharing_enabled":true,"jetpack_likes_enabled":true,"jetpack-related-posts":[],"_links":{"self":[{"href":"https:\/\/eltrabajo.cl\/portal\/wp-json\/wp\/v2\/posts\/65936","targetHints":{"allow":["GET"]}}],"collection":[{"href":"https:\/\/eltrabajo.cl\/portal\/wp-json\/wp\/v2\/posts"}],"about":[{"href":"https:\/\/eltrabajo.cl\/portal\/wp-json\/wp\/v2\/types\/post"}],"author":[{"embeddable":true,"href":"https:\/\/eltrabajo.cl\/portal\/wp-json\/wp\/v2\/users\/482"}],"replies":[{"embeddable":true,"href":"https:\/\/eltrabajo.cl\/portal\/wp-json\/wp\/v2\/comments?post=65936"}],"version-history":[{"count":0,"href":"https:\/\/eltrabajo.cl\/portal\/wp-json\/wp\/v2\/posts\/65936\/revisions"}],"wp:featuredmedia":[{"embeddable":true,"href":"https:\/\/eltrabajo.cl\/portal\/wp-json\/wp\/v2\/media\/65937"}],"wp:attachment":[{"href":"https:\/\/eltrabajo.cl\/portal\/wp-json\/wp\/v2\/media?parent=65936"}],"wp:term":[{"taxonomy":"category","embeddable":true,"href":"https:\/\/eltrabajo.cl\/portal\/wp-json\/wp\/v2\/categories?post=65936"},{"taxonomy":"post_tag","embeddable":true,"href":"https:\/\/eltrabajo.cl\/portal\/wp-json\/wp\/v2\/tags?post=65936"}],"curies":[{"name":"wp","href":"https:\/\/api.w.org\/{rel}","templated":true}]}}