{"id":65942,"date":"2016-01-19T09:55:15","date_gmt":"2016-01-19T12:55:15","guid":{"rendered":"http:\/\/www.eltrabajo.cl\/portal\/?p=65942"},"modified":"2016-01-19T09:55:15","modified_gmt":"2016-01-19T12:55:15","slug":"casen-2015-comienza-a-vivir-su-recta-final-en-realizacion-de-encuestas-en-la-provincia-de-san-felipe","status":"publish","type":"post","link":"https:\/\/eltrabajo.cl\/portal\/casen-2015-comienza-a-vivir-su-recta-final-en-realizacion-de-encuestas-en-la-provincia-de-san-felipe\/","title":{"rendered":"Casen 2015 comienza a vivir su recta final en realizaci\u00f3n de encuestas en la provincia de San Felipe"},"content":{"rendered":"<figure id=\"attachment_65943\" aria-describedby=\"caption-attachment-65943\" style=\"width: 300px\" class=\"wp-caption alignleft\"><img data-recalc-dims=\"1\" loading=\"lazy\" decoding=\"async\" class=\"wp-image-65943 size-medium\" src=\"https:\/\/i0.wp.com\/www.eltrabajo.cl\/portal\/wp-content\/uploads\/2016\/01\/FOTO-1-SEREMI-DE-DESARROLLO-SOCIAL-ABEL-GALLARDO-JUNTO-AL-GOBERNADOR-PROVINCIAL-300x198.jpg?resize=300%2C198\" alt=\"Seremi de Desarrollo Social, Abel Gallardo, junto al Gobernador Provincial Eduardo Le\u00f3n y al alcalde de San Felipe, Patricio Freire invitan a ser parte de la casen 2015.\" width=\"300\" height=\"198\" srcset=\"https:\/\/i0.wp.com\/eltrabajo.cl\/portal\/wp-content\/uploads\/2016\/01\/FOTO-1-SEREMI-DE-DESARROLLO-SOCIAL-ABEL-GALLARDO-JUNTO-AL-GOBERNADOR-PROVINCIAL.jpg?resize=300%2C198&amp;ssl=1 300w, https:\/\/i0.wp.com\/eltrabajo.cl\/portal\/wp-content\/uploads\/2016\/01\/FOTO-1-SEREMI-DE-DESARROLLO-SOCIAL-ABEL-GALLARDO-JUNTO-AL-GOBERNADOR-PROVINCIAL.jpg?resize=200%2C132&amp;ssl=1 200w, https:\/\/i0.wp.com\/eltrabajo.cl\/portal\/wp-content\/uploads\/2016\/01\/FOTO-1-SEREMI-DE-DESARROLLO-SOCIAL-ABEL-GALLARDO-JUNTO-AL-GOBERNADOR-PROVINCIAL.jpg?resize=227%2C150&amp;ssl=1 227w, https:\/\/i0.wp.com\/eltrabajo.cl\/portal\/wp-content\/uploads\/2016\/01\/FOTO-1-SEREMI-DE-DESARROLLO-SOCIAL-ABEL-GALLARDO-JUNTO-AL-GOBERNADOR-PROVINCIAL.jpg?resize=400%2C264&amp;ssl=1 400w, https:\/\/i0.wp.com\/eltrabajo.cl\/portal\/wp-content\/uploads\/2016\/01\/FOTO-1-SEREMI-DE-DESARROLLO-SOCIAL-ABEL-GALLARDO-JUNTO-AL-GOBERNADOR-PROVINCIAL.jpg?w=530&amp;ssl=1 530w\" sizes=\"auto, (max-width: 300px) 100vw, 300px\" \/><figcaption id=\"caption-attachment-65943\" class=\"wp-caption-text\">Seremi de Desarrollo Social, Abel Gallardo, junto al Gobernador Provincial Eduardo Le\u00f3n y al alcalde de San Felipe, Patricio Freire invitan a ser parte de la casen 2015.<\/figcaption><\/figure>\n<ul>\n<li><strong>San Felipe aglutina gran parte del universo total de familias, por lo que alcalde Patricio Freire y gobernador Eduardo Le\u00f3n llamaron a participar del sondeo.<\/strong><\/li>\n<\/ul>\n<p>Con el objetivo de lograr cumplir con un 100 % de las entrevistas en la Provincia de San Felipe, correspondiente a unos 900 hogares, el seremi de Desarrollo Social Abel Gallardo, junto al gobernador Eduardo Le\u00f3n y al alcalde de la comuna de San Felipe Patricio Freire Canto, hicieron un llamado a la poblaci\u00f3n para que abran las puertas de sus casas y sean parte de la fotograf\u00eda que pretende mostrar respecto de la realidad familiar chilena, la Encuesta de Caracterizaci\u00f3n Socio-Econ\u00f3mica, Casen 2015.<br \/>\nEl estudio, que est\u00e1 a menos de 10 d\u00edas de finalizar el proceso de recopilaci\u00f3n de datos, es un instrumento que servir\u00e1 como par\u00e1metro de medici\u00f3n para conocer el desarrollo social y econ\u00f3mico que han experimentados las familias de la provincia en el \u00faltimo tiempo. As\u00ed lo expreso el seremi de Desarrollo Social, Abel Gallardo quien adujo que \u201cson m\u00e1s de 8 mil 800 familias a nivel nacional, de las cuales cerca de 900 corresponden a la provincia de San Felipe y hasta el momento se est\u00e1 realizando dentro de los plazos normales, ha habido un avance importante, pero en estos \u00faltimos d\u00edas que nos restan, tenemos el inter\u00e9s de reforzar este llamado a la comunidad para poder alcanzar el 100 % de la meta\u201d, puntualiz\u00f3.<\/p>\n<figure id=\"attachment_65944\" aria-describedby=\"caption-attachment-65944\" style=\"width: 200px\" class=\"wp-caption alignright\"><img data-recalc-dims=\"1\" loading=\"lazy\" decoding=\"async\" class=\"wp-image-65944 size-thumbnail\" src=\"https:\/\/i0.wp.com\/www.eltrabajo.cl\/portal\/wp-content\/uploads\/2016\/01\/FOTO-2-SEREMI-DESARROLLO-SOCIAL-ABEL-GALLARDO-200x132.jpg?resize=200%2C132\" alt=\"Seremi Desarrollo Social, Abel Gallardo.\" width=\"200\" height=\"132\" srcset=\"https:\/\/i0.wp.com\/eltrabajo.cl\/portal\/wp-content\/uploads\/2016\/01\/FOTO-2-SEREMI-DESARROLLO-SOCIAL-ABEL-GALLARDO.jpg?resize=200%2C132&amp;ssl=1 200w, https:\/\/i0.wp.com\/eltrabajo.cl\/portal\/wp-content\/uploads\/2016\/01\/FOTO-2-SEREMI-DESARROLLO-SOCIAL-ABEL-GALLARDO.jpg?resize=300%2C198&amp;ssl=1 300w, https:\/\/i0.wp.com\/eltrabajo.cl\/portal\/wp-content\/uploads\/2016\/01\/FOTO-2-SEREMI-DESARROLLO-SOCIAL-ABEL-GALLARDO.jpg?resize=228%2C150&amp;ssl=1 228w, https:\/\/i0.wp.com\/eltrabajo.cl\/portal\/wp-content\/uploads\/2016\/01\/FOTO-2-SEREMI-DESARROLLO-SOCIAL-ABEL-GALLARDO.jpg?resize=400%2C263&amp;ssl=1 400w, https:\/\/i0.wp.com\/eltrabajo.cl\/portal\/wp-content\/uploads\/2016\/01\/FOTO-2-SEREMI-DESARROLLO-SOCIAL-ABEL-GALLARDO.jpg?w=530&amp;ssl=1 530w\" sizes=\"auto, (max-width: 200px) 100vw, 200px\" \/><figcaption id=\"caption-attachment-65944\" class=\"wp-caption-text\">Seremi Desarrollo Social, Abel Gallardo.<\/figcaption><\/figure>\n<p>Respecto de la importancia que tiene este sondeo para el pa\u00eds, Gallardo afirm\u00f3 que \u201chay una serie de preguntas que nos van a permitir tener una visi\u00f3n m\u00e1s acabada de nuestra realidad social, que tienen que ver con el entorno, la familia y que en definitiva esto nos permite tomar mejores decisiones pol\u00edticas e instrumentales para ir en ayuda de nuestra poblaci\u00f3n\u201d, expuso.<br \/>\nA su vez el gobernador de la provincia de San Felipe Eduardo Le\u00f3n, insisti\u00f3 en la relevancia que tiene la encuesta para la ejecuci\u00f3n de las pol\u00edticas p\u00fablicas del gobierno en ejercicio y adem\u00e1s destac\u00f3 el hecho de que es una entrevista an\u00f3nima y que el encuestador puede ser identificado con el Rut que aparece en su credencial<br \/>\n\u201cSon encuestas confidenciales, en que las personas mantienen su anonimato y los encuestadores portan credenciales de la Universidad de Chile, para quienes tengan duda con el Rut del encuestador pueden entrar a la p\u00e1gina www.encuestacasen.cl y verificar que son encuestadores acreditados y desde esa perspectiva todos los hogares tienen el derecho a pedir el carnet de identidad y verificar estos datos\u201d, sostuvo la m\u00e1xima autoridad provincial.<br \/>\nS\u00f3lo en la San Felipe, son cerca de 600 las familias que ser\u00e1n encuestadas, por lo que el alcalde Patricio Freire Canto invit\u00f3 a los sanfelipe\u00f1os a recibir este sondeo de la mejor forma posible, pues de esta manera, se podr\u00e1 mejorar en la gesti\u00f3n de nuevos proyectos en las \u00e1reas que el estudio indique, son las falencias que hoy presenta la comuna.<\/p>\n","protected":false},"excerpt":{"rendered":"<p>San Felipe aglutina gran parte del universo total de familias, por lo que alcalde Patricio Freire y gobernador Eduardo Le\u00f3n llamaron a participar del sondeo. Con el objetivo de lograr cumplir con&#8230;<\/p>\n","protected":false},"author":482,"featured_media":65943,"comment_status":"open","ping_status":"open","sticky":false,"template":"","format":"standard","meta":{"advanced_seo_description":"","jetpack_seo_html_title":"","jetpack_seo_noindex":false,"_jetpack_memberships_contains_paid_content":false,"footnotes":""},"categories":[1],"tags":[],"class_list":["post-65942","post","type-post","status-publish","format-standard","has-post-thumbnail","hentry","category-cronica"],"jetpack_featured_media_url":"https:\/\/i0.wp.com\/eltrabajo.cl\/portal\/wp-content\/uploads\/2016\/01\/FOTO-1-SEREMI-DE-DESARROLLO-SOCIAL-ABEL-GALLARDO-JUNTO-AL-GOBERNADOR-PROVINCIAL.jpg?fit=530%2C350&ssl=1","jetpack_sharing_enabled":true,"jetpack_likes_enabled":true,"jetpack-related-posts":[],"_links":{"self":[{"href":"https:\/\/eltrabajo.cl\/portal\/wp-json\/wp\/v2\/posts\/65942","targetHints":{"allow":["GET"]}}],"collection":[{"href":"https:\/\/eltrabajo.cl\/portal\/wp-json\/wp\/v2\/posts"}],"about":[{"href":"https:\/\/eltrabajo.cl\/portal\/wp-json\/wp\/v2\/types\/post"}],"author":[{"embeddable":true,"href":"https:\/\/eltrabajo.cl\/portal\/wp-json\/wp\/v2\/users\/482"}],"replies":[{"embeddable":true,"href":"https:\/\/eltrabajo.cl\/portal\/wp-json\/wp\/v2\/comments?post=65942"}],"version-history":[{"count":0,"href":"https:\/\/eltrabajo.cl\/portal\/wp-json\/wp\/v2\/posts\/65942\/revisions"}],"wp:featuredmedia":[{"embeddable":true,"href":"https:\/\/eltrabajo.cl\/portal\/wp-json\/wp\/v2\/media\/65943"}],"wp:attachment":[{"href":"https:\/\/eltrabajo.cl\/portal\/wp-json\/wp\/v2\/media?parent=65942"}],"wp:term":[{"taxonomy":"category","embeddable":true,"href":"https:\/\/eltrabajo.cl\/portal\/wp-json\/wp\/v2\/categories?post=65942"},{"taxonomy":"post_tag","embeddable":true,"href":"https:\/\/eltrabajo.cl\/portal\/wp-json\/wp\/v2\/tags?post=65942"}],"curies":[{"name":"wp","href":"https:\/\/api.w.org\/{rel}","templated":true}]}}